{"id":10210,"date":"2026-09-03T12:29:07","date_gmt":"2026-09-03T12:29:07","guid":{"rendered":"https:\/\/www.ics.gob.cu\/?p=10210"},"modified":"2026-09-04T12:33:33","modified_gmt":"2026-09-04T12:33:33","slug":"libro-de-cesar-bolanos-un-campo-abierto-necesario-para-enfrentar-grandes-desafios","status":"publish","type":"post","link":"https:\/\/www.ics.gob.cu\/en\/libro-de-cesar-bolanos-un-campo-abierto-necesario-para-enfrentar-grandes-desafios\/","title":{"rendered":"Libro de C\u00e9sar Bola\u00f1os: Un \u201cCampo Abierto\u201d necesario para enfrentar grandes desaf\u00edos."},"content":{"rendered":"<div class=\"pdfprnt-buttons pdfprnt-buttons-post pdfprnt-top-right\"><a href=\"https:\/\/www.ics.gob.cu\/en\/wp-json\/wp\/v2\/posts\/10210?print=print\" class=\"pdfprnt-button pdfprnt-button-print\" target=\"_blank\" ><img decoding=\"async\" src=\"https:\/\/www.ics.gob.cu\/wp-content\/plugins\/pdf-print\/images\/print.png\" alt=\"image_print\" title=\"Print Content\" \/><\/a><\/div>\n<p class=\"wp-block-paragraph\">Como una obra que abre puertas y caminos, necesario para enfrentar desaf\u00edos actuales y futuros, calific\u00f3 el libro \u201cCampo abierto para la cr\u00edtica de la epistemolog\u00eda de la comunicaci\u00f3n\u201d, de C\u00e9sar Bola\u00f1os, la Doctora en Ciencias de la Comunicaci\u00f3n Hilda Saladrigas, quien tuvo a su cargo la presentaci\u00f3n del referido t\u00edtulo editado por el Sello Editorial \u201cEn Vivo\u201d del ICS.<\/p>\n\n\n\n<figure class=\"wp-block-image size-large\"><img loading=\"lazy\" decoding=\"async\" width=\"474\" height=\"585\" src=\"https:\/\/www.ics.gob.cu\/wp-content\/uploads\/2026\/09\/libro-edited.jpg\" alt=\"\" class=\"wp-image-10212\" srcset=\"https:\/\/www.ics.gob.cu\/wp-content\/uploads\/2026\/09\/libro-edited.jpg 474w, https:\/\/www.ics.gob.cu\/wp-content\/uploads\/2026\/09\/libro-edited-243x300.jpg 243w, https:\/\/www.ics.gob.cu\/wp-content\/uploads\/2026\/09\/libro-edited-10x12.jpg 10w\" sizes=\"auto, (max-width: 474px) 100vw, 474px\" \/><\/figure>\n\n\n\n<p class=\"wp-block-paragraph\">Durante su presentaci\u00f3n, hace apenas unos d\u00edas en nuestra sede, se proyect\u00f3 un video mensaje del autor en el que precisa que se trata de textos que abordan aspectos de la teor\u00eda de la comunicaci\u00f3n desde una propuesta marxista, recogidos en a\u00f1os anteriores en otros idiomas, en particular sus an\u00e1lisis dialogantes con la obra del brasile\u00f1o Celso Furtado, quien propone una visi\u00f3n integral de la realidad y por tanto, de la comunicaci\u00f3n, en tanto fen\u00f3meno social transversal que mucho tiene que ver con la econom\u00eda, la pol\u00edtica y la cultura en su conjunto.<\/p>\n\n\n\n<p class=\"wp-block-paragraph\">Hilda Saladrigas record\u00f3 que Bola\u00f1os \u2013 tal como lo expresa en su video &#8211; es no solo un marxista consagrado y consecuente con su ideario, en su actuar, tambi\u00e9n lo ha demostrado en su forma de proyectarse, en la forma de respetar y apoyar a Cuba y a los cubanos y un referente obligado en los estudios de la econom\u00eda pol\u00edtica relacionados a informaci\u00f3n, la comunicaci\u00f3n y la cultura en Brasil y en el continente.<\/p>\n\n\n\n<figure class=\"wp-block-image size-large\"><img loading=\"lazy\" decoding=\"async\" width=\"1024\" height=\"462\" src=\"https:\/\/www.ics.gob.cu\/wp-content\/uploads\/2026\/09\/Untitled-1024x462.jpg\" alt=\"\" class=\"wp-image-10216\" srcset=\"https:\/\/www.ics.gob.cu\/wp-content\/uploads\/2026\/09\/Untitled-1024x462.jpg 1024w, https:\/\/www.ics.gob.cu\/wp-content\/uploads\/2026\/09\/Untitled-300x135.jpg 300w, https:\/\/www.ics.gob.cu\/wp-content\/uploads\/2026\/09\/Untitled-768x346.jpg 768w, https:\/\/www.ics.gob.cu\/wp-content\/uploads\/2026\/09\/Untitled-18x8.jpg 18w, https:\/\/www.ics.gob.cu\/wp-content\/uploads\/2026\/09\/Untitled.jpg 1080w\" sizes=\"auto, (max-width: 1024px) 100vw, 1024px\" \/><\/figure>\n\n\n\n<p class=\"wp-block-paragraph\">Tal como lo detalla Saladrigas Medina en la contraportada del propio libro traducido por otra profesora e investigadora cubana \u2013 la Dra. Cs Beatriz Elena Fonseca &#8211; es una compilaci\u00f3n en espa\u00f1ol in\u00e9dita para la obra de Bola\u00f1os y para el campo de comunicaci\u00f3n, por su base filos\u00f3fica y epistemol\u00f3gica es marxista y al acercarnos a un hombre como Celso Furtado, que fue fundador de CEPAL, pero tambi\u00e9n amigo de Fidel, \u201clo hacemos a personas que han tenido de alguna manera un encuentro con nuestro pa\u00eds, con nuestra forma de enfocar el sistema social, nuestras estructuras econ\u00f3micas y sociales\u201d.<\/p>\n\n\n\n<figure class=\"wp-block-image size-large\"><img loading=\"lazy\" decoding=\"async\" width=\"1024\" height=\"462\" src=\"https:\/\/www.ics.gob.cu\/wp-content\/uploads\/2026\/09\/1234-1024x462.jpg\" alt=\"\" class=\"wp-image-10213\" srcset=\"https:\/\/www.ics.gob.cu\/wp-content\/uploads\/2026\/09\/1234-1024x462.jpg 1024w, https:\/\/www.ics.gob.cu\/wp-content\/uploads\/2026\/09\/1234-300x135.jpg 300w, https:\/\/www.ics.gob.cu\/wp-content\/uploads\/2026\/09\/1234-768x346.jpg 768w, https:\/\/www.ics.gob.cu\/wp-content\/uploads\/2026\/09\/1234-18x8.jpg 18w, https:\/\/www.ics.gob.cu\/wp-content\/uploads\/2026\/09\/1234.jpg 1080w\" sizes=\"auto, (max-width: 1024px) 100vw, 1024px\" \/><\/figure>\n\n\n\n<p class=\"wp-block-paragraph\">\u201cPuede quedarse en un rinc\u00f3n, pero si lo sabemos emplear puede ser vital para enfrentar nuestras industrias culturales de cara a un desarrollo socioecon\u00f3mico, pol\u00edtica y cultural, siempre desde la resistencia, desde la no dependencia. No es un libro para que nos digan c\u00f3mo hacer publicidad o propaganda ni c\u00f3mo hacerlo mejor, sino para pensar y traducirlo a un hacer di\u00e1logo con formas funcionales. No podemos olvidar que la comunicaci\u00f3n ha sido por mucho tiempo vista solo como medios y es mediaci\u00f3n, pero articuladora y libros nos acercan a c\u00f3mo hacer la comunicaci\u00f3n y c\u00f3mo desmontar lo que medi\u00e1ticamente se ha impuesto como forma de comunicaci\u00f3n porque al imponerse esa visi\u00f3n se impone lo transmisivo (lo que yo digo y como lo digo), cuando lo importante es debatir, dialogar, compartir\u201d, reflexion\u00f3 Hilda Saladrigas en la presentaci\u00f3n.<\/p>\n\n\n\n<p class=\"wp-block-paragraph\">Agreg\u00f3, adem\u00e1s, que es un libro para leer con calma, para aprender de el y aprehender lo que propone, pero tambi\u00e9n para el accionar concreto. \u201cDebe servirnos &#8211; ahora m\u00e1s que nunca &#8211; para entender cosas que, a los hacedores de comunicaci\u00f3n, para los profesores en particular, son retos, pero tambi\u00e9n para los que de alguna manera tienen que dirigir estos procesos, para los que tienen que pensar un poquito m\u00e1s all\u00e1 y buscar esos referentes. Porque si algo hay que hacer en la academia cubana es tratar de pensar la comunicaci\u00f3n de otra manera. No solo integrada en los \u00e1mbitos en que se da, sino hacerlo de manera critica, contrahegem\u00f3nica\u201d.<\/p>\n\n\n\n<p class=\"wp-block-paragraph\">Convoc\u00f3, asimismo, a ver los textos agrupados como un nuevo camino, pues introduce nuevos conceptos que hay que estudiar, analizar, incorporar, como el de \u201cplataformas\u201d: \u201cuna l\u00ednea que se abre y que para nosotros no solo lo hace en lo econ\u00f3mico, es pol\u00edtico y es cultural\u201d.<\/p>\n\n\n\n<p class=\"wp-block-paragraph\">\u201cEn resumen, es un gran consejero que nos va a apoyar y dar luces, abrir puertas, cuya lectura pudiera parecer densa, pero es vital para los que pensamos y hacemos la comunicaci\u00f3n desde y para el pueblo. Un libro actualizado, cercano a donde queremos llegar nosotros, concluy\u00f3.<\/p>\n\n\n\n<p class=\"wp-block-paragraph\">Por su parte, el vicepresidente primero del ICS, Amelio Castillo Corder\u00ed, reafirm\u00f3 la importancia de que las ideas expresadas en el libro \u201cCampo abierto para critica de la epistemolog\u00eda de la comunicaci\u00f3n\u201d, magistralmente construidas en la versi\u00f3n portuguesa, tengan ahora una expresi\u00f3n en idioma espa\u00f1ol.<\/p>\n\n\n\n<figure class=\"wp-block-image size-large\"><img loading=\"lazy\" decoding=\"async\" width=\"1024\" height=\"462\" src=\"https:\/\/www.ics.gob.cu\/wp-content\/uploads\/2026\/09\/123-1024x462.jpg\" alt=\"\" class=\"wp-image-10214\" srcset=\"https:\/\/www.ics.gob.cu\/wp-content\/uploads\/2026\/09\/123-1024x462.jpg 1024w, https:\/\/www.ics.gob.cu\/wp-content\/uploads\/2026\/09\/123-300x135.jpg 300w, https:\/\/www.ics.gob.cu\/wp-content\/uploads\/2026\/09\/123-768x346.jpg 768w, https:\/\/www.ics.gob.cu\/wp-content\/uploads\/2026\/09\/123-18x8.jpg 18w, https:\/\/www.ics.gob.cu\/wp-content\/uploads\/2026\/09\/123.jpg 1080w\" sizes=\"auto, (max-width: 1024px) 100vw, 1024px\" \/><\/figure>\n\n\n\n<p class=\"wp-block-paragraph\">Recalc\u00f3 que el autor es una de las voces m\u00e1s encumbradas de un trascendental debate latinoamericano y llam\u00f3 a su lectura minuciosa \u201cpara vertebrarnos te\u00f3ricamente y entender muchas de las concepciones en materia de comunicaci\u00f3n social que est\u00e1n planteadas en la Pol\u00edtica de Comunicaci\u00f3n Social del Estado y el gobierno cubanos y en la Ley de Comunicaci\u00f3n Social de nuestro pa\u00eds.<\/p>\n\n\n\n<p class=\"wp-block-paragraph\">\u201cCuando hablamos de que la Ley de Comunicaci\u00f3n Social ten\u00eda un profundo fermento te\u00f3rico y un gran nivel de conceptualizaci\u00f3n estaba detr\u00e1s de todo eso ese pensamiento cr\u00edtico de autores como este. Es, por tanto, una magn\u00edfica oportunidad editorial que nos regala \u201cEn Vivo\u201d, disfrutarlo e incorporarlo a nuestro hacer porque muchas veces un campo tan desafiante tiene referencias te\u00f3rico metodol\u00f3gicas que no est\u00e1n en el pensamiento cr\u00edtico latinoamericano y si est\u00e1n en otros universos occidentales que no aportan a un an\u00e1lisis integral, critico, profundo de nuestras realidades que nos permitan dise\u00f1ar estrategias para afrontar nuestros inmensos desaf\u00edos\u201d, refiri\u00f3 Castillo Corder\u00ed.<\/p>\n\n\n\n<p class=\"wp-block-paragraph\">Casi al cierre de la presentaci\u00f3n, el vicepresidente primero del ICS anunci\u00f3 que con este libro \u201cEn Vivo\u201d abre una l\u00ednea editorial que mucho necesita la comunicaci\u00f3n social en Cuba. \u201cUna l\u00ednea editorial de una fuerte textura te\u00f3rica, que puede aportar mucho a una discusi\u00f3n latinoamericana que hoy est\u00e1 contaminada por muchas corrientes y por muchas visiones que nada tienen que ver con un an\u00e1lisis contextualizado de la realidades geopol\u00edticas, hist\u00f3ricas y comunicol\u00f3gicas que hoy tiene la regi\u00f3n\u201d.<\/p>\n\n\n\n<figure class=\"wp-block-image size-large\"><img loading=\"lazy\" decoding=\"async\" width=\"1024\" height=\"462\" src=\"https:\/\/www.ics.gob.cu\/wp-content\/uploads\/2026\/09\/12-1024x462.jpg\" alt=\"\" class=\"wp-image-10215\" srcset=\"https:\/\/www.ics.gob.cu\/wp-content\/uploads\/2026\/09\/12-1024x462.jpg 1024w, https:\/\/www.ics.gob.cu\/wp-content\/uploads\/2026\/09\/12-300x135.jpg 300w, https:\/\/www.ics.gob.cu\/wp-content\/uploads\/2026\/09\/12-768x346.jpg 768w, https:\/\/www.ics.gob.cu\/wp-content\/uploads\/2026\/09\/12-18x8.jpg 18w, https:\/\/www.ics.gob.cu\/wp-content\/uploads\/2026\/09\/12.jpg 1080w\" sizes=\"auto, (max-width: 1024px) 100vw, 1024px\" \/><\/figure>\n\n\n\n<p class=\"wp-block-paragraph\"> Al encuentro asistieron el presidente del ICS, Alfonso Noya Mart\u00ednez y otros directivos del Instituto, Marta Mesa, presidenta de la Comisi\u00f3n de Educaci\u00f3n, Cultura, Ciencia y Deportes del Parlamento cubano y Ricardo Ronquillo Bello, presidente de la Uni\u00f3n de Periodistas de Cuba, entre otros profesionales de medios de comunicaci\u00f3n social, la Escuela Ramal del ICS y la Facultad de Comunicaci\u00f3n de la Universidad de La Habana.<\/p>\n<div class=\"pld-like-dislike-wrap pld-template-1\">\r\n    <div class=\"pld-like-wrap  pld-common-wrap\">\r\n    <a href=\"javascript:void(0)\" class=\"pld-like-trigger pld-like-dislike-trigger\" title=\"\" data-post-id=\"10210\" data-trigger-type=\"like\" data-restriction=\"cookie\" data-already-liked=\"0\">\r\n                        <i class=\"fas fa-thumbs-up\"><\/i>\r\n                <\/a>\r\n    <span class=\"pld-like-count-wrap pld-count-wrap\">1    <\/span>\r\n<\/div><div class=\"pld-dislike-wrap  pld-common-wrap\">\r\n    <a href=\"javascript:void(0)\" class=\"pld-dislike-trigger pld-like-dislike-trigger\" title=\"\" data-post-id=\"10210\" data-trigger-type=\"dislike\" data-restriction=\"cookie\" data-already-liked=\"0\">\r\n                        <i class=\"fas fa-thumbs-down\"><\/i>\r\n                <\/a>\r\n    <span class=\"pld-dislike-count-wrap pld-count-wrap\">0<\/span>\r\n<\/div><\/div>","protected":false},"excerpt":{"rendered":"<p>Como una obra que abre puertas y caminos, necesario para enfrentar desaf\u00edos actuales y futuros, calific\u00f3 el libro \u201cCampo abierto para la cr\u00edtica de la epistemolog\u00eda de la comunicaci\u00f3n\u201d, de C\u00e9sar Bola\u00f1os, la Doctora en Ciencias de la Comunicaci\u00f3n Hilda Saladrigas, quien tuvo a su cargo la presentaci\u00f3n del referido t\u00edtulo editado por el Sello [&hellip;]<\/p>\n","protected":false},"author":7,"featured_media":10212,"comment_status":"open","ping_status":"closed","sticky":false,"template":"","format":"standard","meta":{"_bbp_topic_count":0,"_bbp_reply_count":0,"_bbp_total_topic_count":0,"_bbp_total_reply_count":0,"_bbp_voice_count":0,"_bbp_anonymous_reply_count":0,"_bbp_topic_count_hidden":0,"_bbp_reply_count_hidden":0,"_bbp_forum_subforum_count":0,"_glsr_average":0,"_glsr_ranking":0,"_glsr_reviews":0,"footnotes":""},"categories":[1],"tags":[],"class_list":["post-10210","post","type-post","status-publish","format-standard","has-post-thumbnail","hentry","category-uncategorized"],"acf":[],"_links":{"self":[{"href":"https:\/\/www.ics.gob.cu\/en\/wp-json\/wp\/v2\/posts\/10210","targetHints":{"allow":["GET"]}}],"collection":[{"href":"https:\/\/www.ics.gob.cu\/en\/wp-json\/wp\/v2\/posts"}],"about":[{"href":"https:\/\/www.ics.gob.cu\/en\/wp-json\/wp\/v2\/types\/post"}],"author":[{"embeddable":true,"href":"https:\/\/www.ics.gob.cu\/en\/wp-json\/wp\/v2\/users\/7"}],"replies":[{"embeddable":true,"href":"https:\/\/www.ics.gob.cu\/en\/wp-json\/wp\/v2\/comments?post=10210"}],"version-history":[{"count":1,"href":"https:\/\/www.ics.gob.cu\/en\/wp-json\/wp\/v2\/posts\/10210\/revisions"}],"predecessor-version":[{"id":10217,"href":"https:\/\/www.ics.gob.cu\/en\/wp-json\/wp\/v2\/posts\/10210\/revisions\/10217"}],"wp:featuredmedia":[{"embeddable":true,"href":"https:\/\/www.ics.gob.cu\/en\/wp-json\/wp\/v2\/media\/10212"}],"wp:attachment":[{"href":"https:\/\/www.ics.gob.cu\/en\/wp-json\/wp\/v2\/media?parent=10210"}],"wp:term":[{"taxonomy":"category","embeddable":true,"href":"https:\/\/www.ics.gob.cu\/en\/wp-json\/wp\/v2\/categories?post=10210"},{"taxonomy":"post_tag","embeddable":true,"href":"https:\/\/www.ics.gob.cu\/en\/wp-json\/wp\/v2\/tags?post=10210"}],"curies":[{"name":"wp","href":"https:\/\/api.w.org\/{rel}","templated":true}]}}