{"id":10241,"date":"2026-09-04T13:11:29","date_gmt":"2026-09-04T13:11:29","guid":{"rendered":"https:\/\/www.ics.gob.cu\/?p=10241"},"modified":"2026-09-04T13:18:35","modified_gmt":"2026-09-04T13:18:35","slug":"autorizaciones-de-uso-de-la-marca-pais-cierre-2-de-septiembre-2026","status":"publish","type":"post","link":"https:\/\/www.ics.gob.cu\/en\/autorizaciones-de-uso-de-la-marca-pais-cierre-2-de-septiembre-2026\/","title":{"rendered":"Autorizaciones de uso de la Marca Pa\u00eds (Cierre: 2 de septiembre 2026)"},"content":{"rendered":"<div class=\"pdfprnt-buttons pdfprnt-buttons-post pdfprnt-top-right\"><a href=\"https:\/\/www.ics.gob.cu\/en\/wp-json\/wp\/v2\/posts\/10241?print=print\" class=\"pdfprnt-button pdfprnt-button-print\" target=\"_blank\" ><img decoding=\"async\" src=\"https:\/\/www.ics.gob.cu\/wp-content\/plugins\/pdf-print\/images\/print.png\" alt=\"image_print\" title=\"Print Content\" \/><\/a><\/div>\n<p class=\"wp-block-paragraph\">El Consejo de la Marca Pa\u00eds de la Rep\u00fablica de Cuba informa que con fecha de cierre 2 de septiembre de 2026 han recibido ya las autorizaciones correspondientes para el uso de la Marca Cuba con fines institucionales 475 instituciones, entidades, organizaciones o empresas. <\/p>\n\n\n\n<p class=\"wp-block-paragraph\">Entre las m\u00e1s recientes sobresalen:<\/p>\n\n\n\n<ul class=\"wp-block-list\">\n<li><strong>U\/P Radio Sancti Sp\u00edritus<\/strong><\/li>\n\n\n\n<li><strong>Empresa Cubana Exportadora e Importadora de Servicios, Art\u00edculos y Productos T\u00e9cnicos Especializados (TECNOTEX)<\/strong><\/li>\n\n\n\n<li><strong>Empresa de Construcci\u00f3n y Montaje No. 1 Camaguey<\/strong><\/li>\n\n\n\n<li><strong>Empresa Constructora Integral Isla de la Juventud<\/strong><\/li>\n\n\n\n<li><strong>Direcci\u00f3n Provincial de Cultura Las Tunas<\/strong><\/li>\n\n\n\n<li> <strong>Empresa de Construcci\u00f3n de Obras Industriales No. 6<\/strong><\/li>\n\n\n\n<li><strong>Empresa de Construcci\u00f3n de Obras de Ingenier\u00eda No. 5<\/strong><\/li>\n\n\n\n<li> <strong>Empresa Constructora Integral Guant\u00e1namo<\/strong><\/li>\n\n\n\n<li><strong>Empresa de Construcci\u00f3n y Montaje de Las Tunas<\/strong><\/li>\n\n\n\n<li><strong>Empresa de Movimiento de Tierra No. 1. Contingente Ra\u00fal Roa Garc\u00eda<\/strong><\/li>\n\n\n\n<li><strong>Centro de Estudios Avanzados de Cuba<\/strong><\/li>\n\n\n\n<li><strong>Tribuna Antimperialista \u201cJos\u00e9 Mart\u00ed\u201d y Monte de las Banderas.<\/strong><\/li>\n\n\n\n<li> <strong>Filial Copextel Sancti Sp\u00edritus.<\/strong><\/li>\n\n\n\n<li><strong>Soluciones DTeam SURL.<\/strong><\/li>\n\n\n\n<li><strong>Mipyme Estatal Solutec SURL.<\/strong><\/li>\n\n\n\n<li><strong>Unidad Presupuestada Peri\u00f3dico Vanguardia Villa Clar<\/strong>a<\/li>\n\n\n\n<li> <strong>Archivo Nacional de la Rep\u00fablica de Cuba<\/strong><\/li>\n<\/ul>\n\n\n\n<p class=\"wp-block-paragraph\">En tanto, el Gobierno Provincial de Mayabeque recibi\u00f3 la autorizaci\u00f3n para su uso en eventos, mientras que el <strong>Parque Cient\u00edfico Tecnol\u00f3gico de La Habana<\/strong> y el<strong> Instituto F\u00ednlay de Vacunas<\/strong> lo recibieron para los dos fines. <\/p>\n\n\n\n<p class=\"wp-block-paragraph\">Se ratifica que puede encontrar en este mismo sitio web toda la informaci\u00f3n necesaria sobre el correspondiente<a href=\"https:\/\/www.ics.gob.cu\/en\/uso-de-la-marca-pais\/\"><strong> tr\u00e1mite<\/strong><\/a> a realizar para obtener dicha autorizaci\u00f3n para sus tres usos y tambi\u00e9n todos los aprobados por municipios, provincias y el n\u00famero de Resoluci\u00f3n correspondiente a su aprobaci\u00f3n.<\/p>\n\n\n\n<p class=\"wp-block-paragraph\"><\/p>\n<div class=\"pld-like-dislike-wrap pld-template-1\">\r\n    <div class=\"pld-like-wrap  pld-common-wrap\">\r\n    <a href=\"javascript:void(0)\" class=\"pld-like-trigger pld-like-dislike-trigger\" title=\"\" data-post-id=\"10241\" data-trigger-type=\"like\" data-restriction=\"cookie\" data-already-liked=\"0\">\r\n                        <i class=\"fas fa-thumbs-up\"><\/i>\r\n                <\/a>\r\n    <span class=\"pld-like-count-wrap pld-count-wrap\">0    <\/span>\r\n<\/div><div class=\"pld-dislike-wrap  pld-common-wrap\">\r\n    <a href=\"javascript:void(0)\" class=\"pld-dislike-trigger pld-like-dislike-trigger\" title=\"\" data-post-id=\"10241\" data-trigger-type=\"dislike\" data-restriction=\"cookie\" data-already-liked=\"0\">\r\n                        <i class=\"fas fa-thumbs-down\"><\/i>\r\n                <\/a>\r\n    <span class=\"pld-dislike-count-wrap pld-count-wrap\">0<\/span>\r\n<\/div><\/div>","protected":false},"excerpt":{"rendered":"<p>El Consejo de la Marca Pa\u00eds de la Rep\u00fablica de Cuba informa que con fecha de cierre 2 de septiembre de 2026 han recibido ya las autorizaciones correspondientes para el uso de la Marca Cuba con fines institucionales 475 instituciones, entidades, organizaciones o empresas. Entre las m\u00e1s recientes sobresalen: En tanto, el Gobierno Provincial de [&hellip;]<\/p>\n","protected":false},"author":7,"featured_media":8755,"comment_status":"open","ping_status":"closed","sticky":false,"template":"","format":"standard","meta":{"_bbp_topic_count":0,"_bbp_reply_count":0,"_bbp_total_topic_count":0,"_bbp_total_reply_count":0,"_bbp_voice_count":0,"_bbp_anonymous_reply_count":0,"_bbp_topic_count_hidden":0,"_bbp_reply_count_hidden":0,"_bbp_forum_subforum_count":0,"_glsr_average":0,"_glsr_ranking":0,"_glsr_reviews":0,"footnotes":""},"categories":[1],"tags":[],"class_list":["post-10241","post","type-post","status-publish","format-standard","has-post-thumbnail","hentry","category-uncategorized"],"acf":[],"_links":{"self":[{"href":"https:\/\/www.ics.gob.cu\/en\/wp-json\/wp\/v2\/posts\/10241","targetHints":{"allow":["GET"]}}],"collection":[{"href":"https:\/\/www.ics.gob.cu\/en\/wp-json\/wp\/v2\/posts"}],"about":[{"href":"https:\/\/www.ics.gob.cu\/en\/wp-json\/wp\/v2\/types\/post"}],"author":[{"embeddable":true,"href":"https:\/\/www.ics.gob.cu\/en\/wp-json\/wp\/v2\/users\/7"}],"replies":[{"embeddable":true,"href":"https:\/\/www.ics.gob.cu\/en\/wp-json\/wp\/v2\/comments?post=10241"}],"version-history":[{"count":3,"href":"https:\/\/www.ics.gob.cu\/en\/wp-json\/wp\/v2\/posts\/10241\/revisions"}],"predecessor-version":[{"id":10245,"href":"https:\/\/www.ics.gob.cu\/en\/wp-json\/wp\/v2\/posts\/10241\/revisions\/10245"}],"wp:featuredmedia":[{"embeddable":true,"href":"https:\/\/www.ics.gob.cu\/en\/wp-json\/wp\/v2\/media\/8755"}],"wp:attachment":[{"href":"https:\/\/www.ics.gob.cu\/en\/wp-json\/wp\/v2\/media?parent=10241"}],"wp:term":[{"taxonomy":"category","embeddable":true,"href":"https:\/\/www.ics.gob.cu\/en\/wp-json\/wp\/v2\/categories?post=10241"},{"taxonomy":"post_tag","embeddable":true,"href":"https:\/\/www.ics.gob.cu\/en\/wp-json\/wp\/v2\/tags?post=10241"}],"curies":[{"name":"wp","href":"https:\/\/api.w.org\/{rel}","templated":true}]}}