{"id":5096,"date":"2024-07-17T13:27:10","date_gmt":"2024-07-17T13:27:10","guid":{"rendered":"https:\/\/www.ics.gob.cu\/?p=5096"},"modified":"2024-07-17T20:38:02","modified_gmt":"2024-07-17T20:38:02","slug":"la-ley-de-comunicacion-social-tambien-contempla-la-comunicacion-politica","status":"publish","type":"post","link":"https:\/\/www.ics.gob.cu\/en\/la-ley-de-comunicacion-social-tambien-contempla-la-comunicacion-politica\/","title":{"rendered":"LA LEY DE COMUNICACI\u00d3N SOCIAL TAMBI\u00c9N CONTEMPLA LA COMUNICACI\u00d3N POL\u00cdTICA"},"content":{"rendered":"<div class=\"pdfprnt-buttons pdfprnt-buttons-post pdfprnt-top-right\"><a href=\"https:\/\/www.ics.gob.cu\/en\/wp-json\/wp\/v2\/posts\/5096?print=print\" class=\"pdfprnt-button pdfprnt-button-print\" target=\"_blank\" ><img decoding=\"async\" src=\"https:\/\/www.ics.gob.cu\/wp-content\/plugins\/pdf-print\/images\/print.png\" alt=\"image_print\" title=\"Print Content\" \/><\/a><\/div>\n<p><strong>La comunicaci\u00f3n pol\u00edtica se refiere al proceso de transmitir informaci\u00f3n, ideas y mensajes relacionados con la pol\u00edtica y el gobierno a trav\u00e9s de diferentes canales; en Cuba es fundamental para la estabilidad del sistema social y la tranquilidad ciudadana, por lo que nuestros dirigentes trabajan arduamente para resolver las situaciones que aquejan al pueblo.<\/strong><\/p>\n\n\n\n<p>Resulta imprescindible que los servidores p\u00fablicos comprendan cada vez mejor las l\u00f3gicas de la comunicaci\u00f3n pol\u00edtica y las incorporen a su ejercicio cotidiano, en un manejo \u00e9tico que fortalezca el necesario consenso de la poblaci\u00f3n cubana.<\/p>\n\n\n\n<p>Igualmente, es fundamental la preparaci\u00f3n profesional en el sector de la comunicaci\u00f3n y el periodismo para hacer frente a campa\u00f1as medi\u00e1ticas y posicionar en la agenda p\u00fablica los intereses progresistas.<\/p>\n\n\n\n<p>La Ley 162\/2023 \u201cDe Comunicaci\u00f3n Social\u201d establece en su Art\u00edculo 55.1 que: \u201cLa comunicaci\u00f3n pol\u00edtica legitima las ideas, los conceptos, los valores y los s\u00edmbolos relacionados directa o indirectamente con el poder pol\u00edtico, su ejercicio y consolidaci\u00f3n\u201d.<\/p>\n\n\n\n<p>\u201cTodo el cuerpo de la ley, sus definiciones, sus l\u00edneas y puntos de vista, expresan una relaci\u00f3n de poder, una perspectiva de clase social, porque de eso se trata la comunicaci\u00f3n pol\u00edtica. Y sobre todo, de las relaciones de direcci\u00f3n y de dominaci\u00f3n que transcurren a lo interno de la sociedad\u201d, explic\u00f3 el Dr. C. Rafael Cruz Ramos, director de Pol\u00edticas Medi\u00e1ticas del Instituto de Informaci\u00f3n y Comunicaci\u00f3n Social (ICS).<\/p>\n\n\n<div class=\"wp-block-image\">\n<figure class=\"aligncenter size-full is-resized\"><img loading=\"lazy\" decoding=\"async\" width=\"401\" height=\"551\" src=\"https:\/\/www.ics.gob.cu\/wp-content\/uploads\/2024\/07\/IMG-20240716-WA01012.jpg\" alt=\"\" class=\"wp-image-5095\" style=\"width:297px;height:auto\" srcset=\"https:\/\/www.ics.gob.cu\/wp-content\/uploads\/2024\/07\/IMG-20240716-WA01012.jpg 401w, https:\/\/www.ics.gob.cu\/wp-content\/uploads\/2024\/07\/IMG-20240716-WA01012-218x300.jpg 218w\" sizes=\"auto, (max-width: 401px) 100vw, 401px\" \/><\/figure>\n<\/div>\n\n\n<p><em>\u00bfAcaso en la comunicaci\u00f3n social hay alguna que no sea pol\u00edtica, o que no tenga una importante dimensi\u00f3n pol\u00edtica?<\/em><\/p>\n\n\n\n<p>Cruz Ramos aclar\u00f3 que la Ley de Comunicaci\u00f3n Social, democr\u00e1tica por su g\u00e9nesis, por su letra y esp\u00edritu, de muchas insistencias colectivas en su elaboraci\u00f3n, hace \u00e9nfasis en la comunicaci\u00f3n para la participaci\u00f3n popular y la transparencia para lograr el consenso social.<\/p>\n\n\n\n<p>\u201cTiene un cap\u00edtulo dedicado a la comunicaci\u00f3n pol\u00edtica y parte de una definici\u00f3n, de lo que ella, como espacio de legalidad, entiende por comunicaci\u00f3n pol\u00edtica. Es importante saber que no es \u00abla definici\u00f3n\u00bb, es una definici\u00f3n, que por supuesto la Ley necesita operacionalmente para existir.<\/p>\n\n\n\n<p>En los incisos siguientes del cap\u00edtulo, la Ley define el origen hist\u00f3rico, de lucha, de conformaci\u00f3n a trav\u00e9s de las generaciones emancipadoras y del pensamiento revolucionario que da origen a esa perspectiva de la comunicaci\u00f3n pol\u00edtica. La norma jur\u00eddica tiene un v\u00ednculo directo con el concepto de ideolog\u00eda de la Revoluci\u00f3n cubana\u00bb, se\u00f1al\u00f3.<\/p>\n\n\n\n<p>El directivo manifest\u00f3 que por su condici\u00f3n normativa, la Ley define acciones y espacios de comunicaci\u00f3n pol\u00edtica, y en ello consigue abrirse al amplio escenario actual donde la dimensi\u00f3n \u201cf\u00edsica\u201d se conecta con la digital. En tal sentido, dijo que este precepto reconoce la comunicaci\u00f3n pol\u00edtica en el \u00e1mbito digital como un espacio imprescindible hoy.<\/p>\n\n\n\n<p>\u201cLa Ley demanda de los actores de la comunicaci\u00f3n coherencia y responsabilidad. A diferencia de otros lugares, donde la comunicaci\u00f3n pol\u00edtica se reduce a los medios de comunicaci\u00f3n social, a la prensa y los pol\u00edticos, en Cuba la Ley llama la atenci\u00f3n de que no son esos los \u00fanicos responsables, las \u00fanicas voces del mensaje y de la relaci\u00f3n pol\u00edtica, insistiendo en la participaci\u00f3n del pueblo en las relaciones pol\u00edticas y la construcci\u00f3n colectiva de la nueva sociedad\u201d.<\/p>\n<div class=\"pld-like-dislike-wrap pld-template-1\">\r\n    <div class=\"pld-like-wrap  pld-common-wrap\">\r\n    <a href=\"javascript:void(0)\" class=\"pld-like-trigger pld-like-dislike-trigger\" title=\"\" data-post-id=\"5096\" data-trigger-type=\"like\" data-restriction=\"cookie\" data-already-liked=\"0\">\r\n                        <i class=\"fas fa-thumbs-up\"><\/i>\r\n                <\/a>\r\n    <span class=\"pld-like-count-wrap pld-count-wrap\">1    <\/span>\r\n<\/div><div class=\"pld-dislike-wrap  pld-common-wrap\">\r\n    <a href=\"javascript:void(0)\" class=\"pld-dislike-trigger pld-like-dislike-trigger\" title=\"\" data-post-id=\"5096\" data-trigger-type=\"dislike\" data-restriction=\"cookie\" data-already-liked=\"0\">\r\n                        <i class=\"fas fa-thumbs-down\"><\/i>\r\n                <\/a>\r\n    <span class=\"pld-dislike-count-wrap pld-count-wrap\">0<\/span>\r\n<\/div><\/div>","protected":false},"excerpt":{"rendered":"<p>La comunicaci\u00f3n pol\u00edtica se refiere al proceso de transmitir informaci\u00f3n, ideas y mensajes relacionados con la pol\u00edtica y el gobierno a trav\u00e9s de diferentes canales; en Cuba es fundamental para la estabilidad del sistema social y la tranquilidad ciudadana, por lo que nuestros dirigentes trabajan arduamente para resolver las situaciones que aquejan al pueblo. Resulta [&hellip;]<\/p>\n","protected":false},"author":6,"featured_media":5094,"comment_status":"open","ping_status":"open","sticky":false,"template":"","format":"standard","meta":{"_bbp_topic_count":0,"_bbp_reply_count":0,"_bbp_total_topic_count":0,"_bbp_total_reply_count":0,"_bbp_voice_count":0,"_bbp_anonymous_reply_count":0,"_bbp_topic_count_hidden":0,"_bbp_reply_count_hidden":0,"_bbp_forum_subforum_count":0,"_glsr_average":0,"_glsr_ranking":0,"_glsr_reviews":0,"footnotes":""},"categories":[10],"tags":[58,47,59,39],"class_list":["post-5096","post","type-post","status-publish","format-standard","has-post-thumbnail","hentry","category-nacionales","tag-comunicacion-politica","tag-comunicacion-social","tag-educacion-para-la-comunicacion","tag-ics"],"acf":[],"_links":{"self":[{"href":"https:\/\/www.ics.gob.cu\/en\/wp-json\/wp\/v2\/posts\/5096","targetHints":{"allow":["GET"]}}],"collection":[{"href":"https:\/\/www.ics.gob.cu\/en\/wp-json\/wp\/v2\/posts"}],"about":[{"href":"https:\/\/www.ics.gob.cu\/en\/wp-json\/wp\/v2\/types\/post"}],"author":[{"embeddable":true,"href":"https:\/\/www.ics.gob.cu\/en\/wp-json\/wp\/v2\/users\/6"}],"replies":[{"embeddable":true,"href":"https:\/\/www.ics.gob.cu\/en\/wp-json\/wp\/v2\/comments?post=5096"}],"version-history":[{"count":5,"href":"https:\/\/www.ics.gob.cu\/en\/wp-json\/wp\/v2\/posts\/5096\/revisions"}],"predecessor-version":[{"id":5110,"href":"https:\/\/www.ics.gob.cu\/en\/wp-json\/wp\/v2\/posts\/5096\/revisions\/5110"}],"wp:featuredmedia":[{"embeddable":true,"href":"https:\/\/www.ics.gob.cu\/en\/wp-json\/wp\/v2\/media\/5094"}],"wp:attachment":[{"href":"https:\/\/www.ics.gob.cu\/en\/wp-json\/wp\/v2\/media?parent=5096"}],"wp:term":[{"taxonomy":"category","embeddable":true,"href":"https:\/\/www.ics.gob.cu\/en\/wp-json\/wp\/v2\/categories?post=5096"},{"taxonomy":"post_tag","embeddable":true,"href":"https:\/\/www.ics.gob.cu\/en\/wp-json\/wp\/v2\/tags?post=5096"}],"curies":[{"name":"wp","href":"https:\/\/api.w.org\/{rel}","templated":true}]}}