{"id":5125,"date":"2024-07-26T09:23:54","date_gmt":"2024-07-26T09:23:54","guid":{"rendered":"https:\/\/www.ics.gob.cu\/?p=5125"},"modified":"2024-08-01T13:33:51","modified_gmt":"2024-08-01T13:33:51","slug":"a-71-anos-de-tomar-nuestra-historia-por-asalto","status":"publish","type":"post","link":"https:\/\/www.ics.gob.cu\/en\/a-71-anos-de-tomar-nuestra-historia-por-asalto\/","title":{"rendered":"A 71 A\u00d1OS DE TOMAR NUESTRA HISTORIA POR ASALTO"},"content":{"rendered":"<div class=\"pdfprnt-buttons pdfprnt-buttons-post pdfprnt-top-right\"><a href=\"https:\/\/www.ics.gob.cu\/en\/wp-json\/wp\/v2\/posts\/5125?print=print\" class=\"pdfprnt-button pdfprnt-button-print\" target=\"_blank\" ><img decoding=\"async\" src=\"https:\/\/www.ics.gob.cu\/wp-content\/plugins\/pdf-print\/images\/print.png\" alt=\"image_print\" title=\"Print Content\" \/><\/a><\/div>\n<p>Los sucesos del 26 de julio de 1953 cambiaron el destino de todo un pa\u00eds que en ese entonces viv\u00eda bajo el control imperialista. El asalto a los cuarteles Moncada y Carlos Manuel de C\u00e9spedes signific\u00f3 una derrota militar, sin embargo, result\u00f3 una victoria moral y una muestra de rebeld\u00eda nacional.<\/p>\n\n\n\n<p>Justamente, cuando se cumplieron cien a\u00f1os del natalicio del Ap\u00f3stol, Jos\u00e9 Mart\u00ed, otro hombre excepcional, Fidel Castro Ruz, organiz\u00f3 un movimiento revolucionario que hizo realidad sus sue\u00f1os para Cuba.<\/p>\n\n\n<div class=\"wp-block-image\">\n<figure class=\"aligncenter size-large is-resized\"><img loading=\"lazy\" decoding=\"async\" width=\"782\" height=\"1024\" src=\"https:\/\/www.ics.gob.cu\/wp-content\/uploads\/2024\/07\/marti-782x1024.jpg\" alt=\"\" class=\"wp-image-5127\" style=\"width:419px;height:auto\" srcset=\"https:\/\/www.ics.gob.cu\/wp-content\/uploads\/2024\/07\/marti-782x1024.jpg 782w, https:\/\/www.ics.gob.cu\/wp-content\/uploads\/2024\/07\/marti-229x300.jpg 229w, https:\/\/www.ics.gob.cu\/wp-content\/uploads\/2024\/07\/marti-768x1006.jpg 768w, https:\/\/www.ics.gob.cu\/wp-content\/uploads\/2024\/07\/marti.jpg 887w\" sizes=\"auto, (max-width: 782px) 100vw, 782px\" \/><\/figure>\n<\/div>\n\n\n<p>Law <a href=\"https:\/\/www.ecured.cu\/Constituci%C3%B3n_de_1940\"><mark style=\"background-color:rgba(0, 0, 0, 0)\" class=\"has-inline-color has-vivid-cyan-blue-color\">Constituci\u00f3n de 1940<\/mark><\/a>, impulsada por los l\u00edderes sociales de la fallida Revoluci\u00f3n de 1933, oblig\u00f3 a las clases poderosas a retomar el control de la Isla por la fuerza. El Golpe de Estado del 10 de marzo de 1952 fue el acto de cinismo que convenci\u00f3 a muchos cubanos, y a nuestro eterno Comandante en Jefe, de que era necesario ganar la soberan\u00eda con las armas, como lo hicieron C\u00e9spedes, Maceo y el propio Mart\u00ed en su \u00e9poca.<\/p>\n\n\n\n<p>Un grupo de j\u00f3venes bautizados como la <a href=\"https:\/\/www.ecured.cu\/Generaci%C3%B3n_del_Centenario\"><mark style=\"background-color:rgba(0, 0, 0, 0)\" class=\"has-inline-color has-vivid-cyan-blue-color\">Generaci\u00f3n del Centenario<\/mark><\/a>, con m\u00e1s coraje que preparaci\u00f3n intentaron lo imposible. Fidel y sus heroicos compa\u00f1eros se convirtieron en la chispa que prendi\u00f3 el fuego de la lucha desde el Cabo de San Antonio a la Punta de Mais\u00ed.<\/p>\n\n\n\n<p>En el juicio a los sobrevivientes el l\u00edder indiscutible de la Revoluci\u00f3n cubana convid\u00f3 a aquel jurado acusador a que lo condenaran, pues la historia lo absolver\u00eda. Y as\u00ed fue, porque las generaciones pasadas, presentes y seguramente, las futuras, lo encontrar\u00e1n absuelto por la historia, libre de cualquier crimen y culpable de fundar una Rep\u00fablica \u201cCon todos y para el bien de todos\u201d.<\/p>\n\n\n<div class=\"wp-block-image\">\n<figure class=\"aligncenter size-full is-resized\"><img loading=\"lazy\" decoding=\"async\" width=\"750\" height=\"500\" src=\"https:\/\/www.ics.gob.cu\/wp-content\/uploads\/2024\/07\/fidel.jpeg\" alt=\"\" class=\"wp-image-5128\" style=\"width:462px;height:auto\" srcset=\"https:\/\/www.ics.gob.cu\/wp-content\/uploads\/2024\/07\/fidel.jpeg 750w, https:\/\/www.ics.gob.cu\/wp-content\/uploads\/2024\/07\/fidel-300x200.jpeg 300w\" sizes=\"auto, (max-width: 750px) 100vw, 750px\" \/><\/figure>\n<\/div>\n\n\n<p>En 2024, a m\u00e1s de siete d\u00e9cadas de esa epopeya, las circunstancias son diferentes, pero la meta es la misma, una Cuba soberana, libre e independiente del yugo econ\u00f3mico, pol\u00edtico o social.<\/p>\n\n\n\n<p>Los cubanos no olvidamos el sacrificio, la sangre derramada, las vidas perdidas, y por el respeto a los ca\u00eddos y a quienes lo entregaron todo por un futuro mejor, tenemos el compromiso de resistir y vencer.<\/p>\n\n\n\n<p>Aunque la adversidad y las presiones externas nos intenten asfixiar, no nos detendremos en la misi\u00f3n de hacer lo mejor por Cuba, al igual que los combatientes del 26 de Julio. Un a\u00f1o m\u00e1s, los nacidos en este archipi\u00e9lago tomaremos \u00abla historia, nuestra historia por asalto\u201d.<\/p>\n\n\n\n<p><\/p>\n<div class=\"pld-like-dislike-wrap pld-template-1\">\r\n    <div class=\"pld-like-wrap  pld-common-wrap\">\r\n    <a href=\"javascript:void(0)\" class=\"pld-like-trigger pld-like-dislike-trigger\" title=\"\" data-post-id=\"5125\" data-trigger-type=\"like\" data-restriction=\"cookie\" data-already-liked=\"0\">\r\n                        <i class=\"fas fa-thumbs-up\"><\/i>\r\n                <\/a>\r\n    <span class=\"pld-like-count-wrap pld-count-wrap\">0    <\/span>\r\n<\/div><div class=\"pld-dislike-wrap  pld-common-wrap\">\r\n    <a href=\"javascript:void(0)\" class=\"pld-dislike-trigger pld-like-dislike-trigger\" title=\"\" data-post-id=\"5125\" data-trigger-type=\"dislike\" data-restriction=\"cookie\" data-already-liked=\"0\">\r\n                        <i class=\"fas fa-thumbs-down\"><\/i>\r\n                <\/a>\r\n    <span class=\"pld-dislike-count-wrap pld-count-wrap\">0<\/span>\r\n<\/div><\/div>","protected":false},"excerpt":{"rendered":"<p>Los sucesos del 26 de julio de 1953 cambiaron el destino de todo un pa\u00eds que en ese entonces viv\u00eda bajo el control imperialista. El asalto a los cuarteles Moncada y Carlos Manuel de C\u00e9spedes signific\u00f3 una derrota militar, sin embargo, result\u00f3 una victoria moral y una muestra de rebeld\u00eda nacional. Justamente, cuando se cumplieron [&hellip;]<\/p>\n","protected":false},"author":6,"featured_media":5126,"comment_status":"open","ping_status":"open","sticky":false,"template":"","format":"standard","meta":{"_bbp_topic_count":0,"_bbp_reply_count":0,"_bbp_total_topic_count":0,"_bbp_total_reply_count":0,"_bbp_voice_count":0,"_bbp_anonymous_reply_count":0,"_bbp_topic_count_hidden":0,"_bbp_reply_count_hidden":0,"_bbp_forum_subforum_count":0,"_glsr_average":0,"_glsr_ranking":0,"_glsr_reviews":0,"footnotes":""},"categories":[10],"tags":[62,7,63,39,61,64],"class_list":["post-5125","post","type-post","status-publish","format-standard","has-post-thumbnail","hentry","category-nacionales","tag-26-de-julio","tag-cuba","tag-fidel-castro","tag-ics","tag-moncada","tag-revolucion-cubana"],"acf":[],"_links":{"self":[{"href":"https:\/\/www.ics.gob.cu\/en\/wp-json\/wp\/v2\/posts\/5125","targetHints":{"allow":["GET"]}}],"collection":[{"href":"https:\/\/www.ics.gob.cu\/en\/wp-json\/wp\/v2\/posts"}],"about":[{"href":"https:\/\/www.ics.gob.cu\/en\/wp-json\/wp\/v2\/types\/post"}],"author":[{"embeddable":true,"href":"https:\/\/www.ics.gob.cu\/en\/wp-json\/wp\/v2\/users\/6"}],"replies":[{"embeddable":true,"href":"https:\/\/www.ics.gob.cu\/en\/wp-json\/wp\/v2\/comments?post=5125"}],"version-history":[{"count":4,"href":"https:\/\/www.ics.gob.cu\/en\/wp-json\/wp\/v2\/posts\/5125\/revisions"}],"predecessor-version":[{"id":5145,"href":"https:\/\/www.ics.gob.cu\/en\/wp-json\/wp\/v2\/posts\/5125\/revisions\/5145"}],"wp:featuredmedia":[{"embeddable":true,"href":"https:\/\/www.ics.gob.cu\/en\/wp-json\/wp\/v2\/media\/5126"}],"wp:attachment":[{"href":"https:\/\/www.ics.gob.cu\/en\/wp-json\/wp\/v2\/media?parent=5125"}],"wp:term":[{"taxonomy":"category","embeddable":true,"href":"https:\/\/www.ics.gob.cu\/en\/wp-json\/wp\/v2\/categories?post=5125"},{"taxonomy":"post_tag","embeddable":true,"href":"https:\/\/www.ics.gob.cu\/en\/wp-json\/wp\/v2\/tags?post=5125"}],"curies":[{"name":"wp","href":"https:\/\/api.w.org\/{rel}","templated":true}]}}