{"id":5212,"date":"2024-08-12T20:52:38","date_gmt":"2024-08-12T20:52:38","guid":{"rendered":"https:\/\/www.ics.gob.cu\/?p=5212"},"modified":"2024-08-13T21:45:21","modified_gmt":"2024-08-13T21:45:21","slug":"los-jovenes-del-ics-dignos-continuadores-del-legado-de-fidel","status":"publish","type":"post","link":"https:\/\/www.ics.gob.cu\/en\/los-jovenes-del-ics-dignos-continuadores-del-legado-de-fidel\/","title":{"rendered":"LOS J\u00d3VENES DEL ICS, DIGNOS CONTINUADORES DEL LEGADO DE FIDEL"},"content":{"rendered":"<div class=\"pdfprnt-buttons pdfprnt-buttons-post pdfprnt-top-right\"><a href=\"https:\/\/www.ics.gob.cu\/en\/wp-json\/wp\/v2\/posts\/5212?print=print\" class=\"pdfprnt-button pdfprnt-button-print\" target=\"_blank\" ><img decoding=\"async\" src=\"https:\/\/www.ics.gob.cu\/wp-content\/plugins\/pdf-print\/images\/print.png\" alt=\"image_print\" title=\"Print Content\" \/><\/a><\/div>\n<p><strong>Este 12 de agosto, D\u00eda Internacional de la Juventud, y a solo horas de celebrar el cumplea\u00f1os 98 del eterno Comandante en Jefe, <a href=\"http:\/\/www.fidelcastro.cu\/es\"><mark style=\"background-color:rgba(0, 0, 0, 0)\" class=\"has-inline-color has-vivid-cyan-blue-color\">Fidel Castro Ruz<\/mark><\/a>, se realiz\u00f3 un intercambio entre las nuevas generaciones de comunicadores cubanos para conversar sobre Fidel y los j\u00f3venes<\/strong>, <strong>en el que participaron la Dra. C. Hist\u00f3ricas, Francisca L\u00f3pez Civeira y el intelectual, Enrique Ubieta.<\/strong><\/p>\n\n\n<div class=\"wp-block-image\">\n<figure class=\"aligncenter size-large is-resized\"><img loading=\"lazy\" decoding=\"async\" width=\"1024\" height=\"768\" src=\"https:\/\/www.ics.gob.cu\/wp-content\/uploads\/2024\/08\/WhatsApp-Image-2024-08-12-at-8.38.53-AM-1024x768.jpeg\" alt=\"\" class=\"wp-image-5213\" style=\"width:669px;height:auto\" srcset=\"https:\/\/www.ics.gob.cu\/wp-content\/uploads\/2024\/08\/WhatsApp-Image-2024-08-12-at-8.38.53-AM-1024x768.jpeg 1024w, https:\/\/www.ics.gob.cu\/wp-content\/uploads\/2024\/08\/WhatsApp-Image-2024-08-12-at-8.38.53-AM-300x225.jpeg 300w, https:\/\/www.ics.gob.cu\/wp-content\/uploads\/2024\/08\/WhatsApp-Image-2024-08-12-at-8.38.53-AM-768x576.jpeg 768w, https:\/\/www.ics.gob.cu\/wp-content\/uploads\/2024\/08\/WhatsApp-Image-2024-08-12-at-8.38.53-AM.jpeg 1080w\" sizes=\"auto, (max-width: 1024px) 100vw, 1024px\" \/><\/figure>\n<\/div>\n\n\n<p>El encuentro tuvo lugar en la Sala Che Guevara del <mark style=\"background-color:rgba(0, 0, 0, 0)\" class=\"has-inline-color has-vivid-cyan-blue-color\">I<\/mark><a href=\"https:\/\/www.facebook.com\/profile.php?id=61558056156590&amp;mibextid=ZbWKwL\"><mark style=\"background-color:rgba(0, 0, 0, 0)\" class=\"has-inline-color has-vivid-cyan-blue-color\">nstituto de Informaci\u00f3n y Comunicaci\u00f3n Social (ICS)<\/mark><\/a> y comenz\u00f3 con la proyecci\u00f3n del audiovisual \u201cUna mejor juventud\u201d, que tiene como protagonista la figura del l\u00edder hist\u00f3rico de la Revoluci\u00f3n cubana.<\/p>\n\n\n\n<p>Primaron las an\u00e9cdotas y vivencias de los invitados especiales al evento. Se transmiti\u00f3 la confianza que tiene nuestro pa\u00eds en los m\u00e1s j\u00f3venes y sus capacidades para continuar la obra revolucionaria. <\/p>\n\n\n\n<p>L\u00f3pez Civeira se\u00f1al\u00f3 la importancia de sentirnos orgullosos de nuestra historia, pues \u201cen menos de un siglo tuvimos un Jos\u00e9 Mart\u00ed y un Fidel\u201d.<\/p>\n\n\n<div class=\"wp-block-image\">\n<figure class=\"aligncenter size-full is-resized\"><img loading=\"lazy\" decoding=\"async\" width=\"1024\" height=\"462\" src=\"https:\/\/www.ics.gob.cu\/wp-content\/uploads\/2024\/08\/WhatsApp-Image-2024-08-12-at-10.38.04-AM1.jpeg\" alt=\"\" class=\"wp-image-5216\" style=\"width:682px;height:auto\" srcset=\"https:\/\/www.ics.gob.cu\/wp-content\/uploads\/2024\/08\/WhatsApp-Image-2024-08-12-at-10.38.04-AM1.jpeg 1024w, https:\/\/www.ics.gob.cu\/wp-content\/uploads\/2024\/08\/WhatsApp-Image-2024-08-12-at-10.38.04-AM1-300x135.jpeg 300w, https:\/\/www.ics.gob.cu\/wp-content\/uploads\/2024\/08\/WhatsApp-Image-2024-08-12-at-10.38.04-AM1-768x347.jpeg 768w\" sizes=\"auto, (max-width: 1024px) 100vw, 1024px\" \/><\/figure>\n<\/div>\n\n\n<p>\u201cFidel gustaba de conversar con los j\u00f3venes. Para \u00e9l era muy importante que las universidades fueran centros de investigaci\u00f3n, de creaci\u00f3n de conocimientos\u201d, enfatiz\u00f3 la Premio Nacional de Historia al referirse al car\u00e1cter formador e innovador de nuestras casas de altos estudios.<\/p>\n\n\n\n<p>La tambi\u00e9n profesora em\u00e9rita de la <a href=\"https:\/\/www.uh.cu\/inicio\/?fbclid=PAZXh0bgNhZW0CMTEAAaZ9nEhBiOwMOX7YaZBmAhpJUurZiEr16L_FiAaM5ePsVrQvbFA-0V3bga8_aem_jmRqwM5dSC02wL_u1PE-Og\"><mark style=\"background-color:rgba(0, 0, 0, 0)\" class=\"has-inline-color has-vivid-cyan-blue-color\">Universidad de La Habana<\/mark><\/a> prefiere hablar de Fidel en presente, sin\u00f3nimo de que su legado es imperecedero. Al respecto, dijo Enrique Ubieta que: \u201cFidel fue, sobre todo, un pedagogo\u201d.<\/p>\n\n\n\n<p>La juventud cubana, revolucionaria por naturaleza, debe: \u201ctener fe en la transformaci\u00f3n, no aceptar los consensos que nos imponen desde el exterior. Los revolucionarios construyen nuevos consensos, consensos revolucionarios\u201d, asever\u00f3 Ubieta.<\/p>\n\n\n<div class=\"wp-block-image\">\n<figure class=\"aligncenter size-large is-resized\"><img loading=\"lazy\" decoding=\"async\" width=\"1024\" height=\"768\" src=\"https:\/\/www.ics.gob.cu\/wp-content\/uploads\/2024\/08\/WhatsApp-Image-2024-08-12-at-2.04.08-PM-1024x768.jpeg\" alt=\"\" class=\"wp-image-5219\" style=\"width:660px;height:auto\" srcset=\"https:\/\/www.ics.gob.cu\/wp-content\/uploads\/2024\/08\/WhatsApp-Image-2024-08-12-at-2.04.08-PM-1024x768.jpeg 1024w, https:\/\/www.ics.gob.cu\/wp-content\/uploads\/2024\/08\/WhatsApp-Image-2024-08-12-at-2.04.08-PM-300x225.jpeg 300w, https:\/\/www.ics.gob.cu\/wp-content\/uploads\/2024\/08\/WhatsApp-Image-2024-08-12-at-2.04.08-PM-768x576.jpeg 768w, https:\/\/www.ics.gob.cu\/wp-content\/uploads\/2024\/08\/WhatsApp-Image-2024-08-12-at-2.04.08-PM.jpeg 1080w\" sizes=\"auto, (max-width: 1024px) 100vw, 1024px\" \/><\/figure>\n<\/div>\n\n\n<p><strong><em>\u00bfQu\u00e9 une a Mart\u00ed y Fidel?<\/em><\/strong> pregunt\u00f3 el intelectual cubano. La respuesta a esta interrogante reafirma que el proceso revolucionario cubano es uno solo. El destacado periodista aclar\u00f3 que los relaciona la vocaci\u00f3n de servir a los humildes, la confianza en la capacidad del pueblo y un sentimiento antiimperialista profundo.<\/p>\n\n\n\n<p>Los j\u00f3venes comunicadores tienen el reto de reflejar la realidad de Cuba, con todos sus matices, en todas las plataformas posibles. El compromiso es continuar el legado revolucionario dejado por nuestros antecesores e imprimir ese toque de modernidad, poniendo el bien com\u00fan por encima de los intereses personales.<\/p>\n\n\n\n<p>El D\u00eda Internacional de la Juventud se celebra por acuerdo de las Naciones Unidas, aprobado en la Conferencia Mundial de Ministros responsables de la juventud en 1999. Este 2024, el lema que rige la celebraci\u00f3n es \u201cDe los clics al progreso: V\u00edas digitales de la juventud para el desarrollo sostenible\u201d, para hacer \u00e9nfasis en el papel de los j\u00f3venes como fuerza impulsora de la digitalizaci\u00f3n y la innovaci\u00f3n.<\/p>\n<div class=\"pld-like-dislike-wrap pld-template-1\">\r\n    <div class=\"pld-like-wrap  pld-common-wrap\">\r\n    <a href=\"javascript:void(0)\" class=\"pld-like-trigger pld-like-dislike-trigger\" title=\"\" data-post-id=\"5212\" data-trigger-type=\"like\" data-restriction=\"cookie\" data-already-liked=\"0\">\r\n                        <i class=\"fas fa-thumbs-up\"><\/i>\r\n                <\/a>\r\n    <span class=\"pld-like-count-wrap pld-count-wrap\">0    <\/span>\r\n<\/div><div class=\"pld-dislike-wrap  pld-common-wrap\">\r\n    <a href=\"javascript:void(0)\" class=\"pld-dislike-trigger pld-like-dislike-trigger\" title=\"\" data-post-id=\"5212\" data-trigger-type=\"dislike\" data-restriction=\"cookie\" data-already-liked=\"0\">\r\n                        <i class=\"fas fa-thumbs-down\"><\/i>\r\n                <\/a>\r\n    <span class=\"pld-dislike-count-wrap pld-count-wrap\">0<\/span>\r\n<\/div><\/div>","protected":false},"excerpt":{"rendered":"<p>Este 12 de agosto, D\u00eda Internacional de la Juventud, y a solo horas de celebrar el cumplea\u00f1os 98 del eterno Comandante en Jefe, Fidel Castro Ruz, se realiz\u00f3 un intercambio entre las nuevas generaciones de comunicadores cubanos para conversar sobre Fidel y los j\u00f3venes, en el que participaron la Dra. C. Hist\u00f3ricas, Francisca L\u00f3pez Civeira [&hellip;]<\/p>\n","protected":false},"author":6,"featured_media":5218,"comment_status":"open","ping_status":"open","sticky":false,"template":"","format":"standard","meta":{"_bbp_topic_count":0,"_bbp_reply_count":0,"_bbp_total_topic_count":0,"_bbp_total_reply_count":0,"_bbp_voice_count":0,"_bbp_anonymous_reply_count":0,"_bbp_topic_count_hidden":0,"_bbp_reply_count_hidden":0,"_bbp_forum_subforum_count":0,"_glsr_average":0,"_glsr_ranking":0,"_glsr_reviews":0,"footnotes":""},"categories":[10],"tags":[47,63,39,64],"class_list":["post-5212","post","type-post","status-publish","format-standard","has-post-thumbnail","hentry","category-nacionales","tag-comunicacion-social","tag-fidel-castro","tag-ics","tag-revolucion-cubana"],"acf":[],"_links":{"self":[{"href":"https:\/\/www.ics.gob.cu\/en\/wp-json\/wp\/v2\/posts\/5212","targetHints":{"allow":["GET"]}}],"collection":[{"href":"https:\/\/www.ics.gob.cu\/en\/wp-json\/wp\/v2\/posts"}],"about":[{"href":"https:\/\/www.ics.gob.cu\/en\/wp-json\/wp\/v2\/types\/post"}],"author":[{"embeddable":true,"href":"https:\/\/www.ics.gob.cu\/en\/wp-json\/wp\/v2\/users\/6"}],"replies":[{"embeddable":true,"href":"https:\/\/www.ics.gob.cu\/en\/wp-json\/wp\/v2\/comments?post=5212"}],"version-history":[{"count":2,"href":"https:\/\/www.ics.gob.cu\/en\/wp-json\/wp\/v2\/posts\/5212\/revisions"}],"predecessor-version":[{"id":5240,"href":"https:\/\/www.ics.gob.cu\/en\/wp-json\/wp\/v2\/posts\/5212\/revisions\/5240"}],"wp:featuredmedia":[{"embeddable":true,"href":"https:\/\/www.ics.gob.cu\/en\/wp-json\/wp\/v2\/media\/5218"}],"wp:attachment":[{"href":"https:\/\/www.ics.gob.cu\/en\/wp-json\/wp\/v2\/media?parent=5212"}],"wp:term":[{"taxonomy":"category","embeddable":true,"href":"https:\/\/www.ics.gob.cu\/en\/wp-json\/wp\/v2\/categories?post=5212"},{"taxonomy":"post_tag","embeddable":true,"href":"https:\/\/www.ics.gob.cu\/en\/wp-json\/wp\/v2\/tags?post=5212"}],"curies":[{"name":"wp","href":"https:\/\/api.w.org\/{rel}","templated":true}]}}