{"id":5234,"date":"2024-08-13T21:42:46","date_gmt":"2024-08-13T21:42:46","guid":{"rendered":"https:\/\/www.ics.gob.cu\/?p=5234"},"modified":"2024-08-13T21:42:49","modified_gmt":"2024-08-13T21:42:49","slug":"fidel-un-comunicador-de-excelencia","status":"publish","type":"post","link":"https:\/\/www.ics.gob.cu\/en\/fidel-un-comunicador-de-excelencia\/","title":{"rendered":"FIDEL, UN COMUNICADOR DE EXCELENCIA"},"content":{"rendered":"<div class=\"pdfprnt-buttons pdfprnt-buttons-post pdfprnt-top-right\"><a href=\"https:\/\/www.ics.gob.cu\/en\/wp-json\/wp\/v2\/posts\/5234?print=print\" class=\"pdfprnt-button pdfprnt-button-print\" target=\"_blank\" ><img decoding=\"async\" src=\"https:\/\/www.ics.gob.cu\/wp-content\/plugins\/pdf-print\/images\/print.png\" alt=\"image_print\" title=\"Print Content\" \/><\/a><\/div>\n<p>La comunicaci\u00f3n fue una de las herramientas utilizadas por <a href=\"http:\/\/&quot;Fidel soldado de las ideas | Soldado de las ideas&quot; http:\/\/www.fidelcastro.cu\/es\"><mark style=\"background-color:rgba(0, 0, 0, 0)\" class=\"has-inline-color has-vivid-cyan-blue-color\">Fidel Castro Ruz<\/mark><\/a> para fomentar la labor socialista del proceso revolucionario cubano. No fueron pocas las veces que visit\u00f3 los medios de prensa cubanos y existen muchas an\u00e9cdotas al respecto. <\/p>\n\n\n\n<p>Tras arduas jornadas de trabajo, Fidel encontraba las energ\u00edas para reunirse con los trabajadores de los medios de comunicaci\u00f3n. All\u00ed, a altas horas de la noche o entrada la madrugada, junto a su colectivo, escuchaba las opiniones e inquietudes. <\/p>\n\n\n\n<p>A lo largo de su vida demostr\u00f3 su capacidad para comunicar, explicar, convencer; pero, sobre todo, para decir la verdad. Su oratoria est\u00e1 descrita como \u201ccordial\u201d, aunque \u201cen el sentido etimol\u00f3gico de la palabra\u201d, pues \u201ces un hombre que hablaba desde el coraz\u00f3n\u201d.<\/p>\n\n\n\n<figure class=\"wp-block-image size-full\"><img loading=\"lazy\" decoding=\"async\" width=\"755\" height=\"455\" src=\"https:\/\/www.ics.gob.cu\/wp-content\/uploads\/2024\/08\/obituario_fotograma.jpg\" alt=\"\" class=\"wp-image-5236\" srcset=\"https:\/\/www.ics.gob.cu\/wp-content\/uploads\/2024\/08\/obituario_fotograma.jpg 755w, https:\/\/www.ics.gob.cu\/wp-content\/uploads\/2024\/08\/obituario_fotograma-300x181.jpg 300w\" sizes=\"auto, (max-width: 755px) 100vw, 755px\" \/><\/figure>\n\n\n\n<p>Fidel tambi\u00e9n destac\u00f3 la importancia de la comunicaci\u00f3n en la descolonizaci\u00f3n cultural de Cuba y promovi\u00f3 el uso de las tecnolog\u00edas de la informaci\u00f3n y la comunicaci\u00f3n para generar y difundir conocimiento cubano y universal, como se evidencia en la creaci\u00f3n de <a href=\"https:\/\/www.ecured.cu\/EcuRed:Enciclopedia_cubana\"><mark style=\"background-color:rgba(0, 0, 0, 0)\" class=\"has-inline-color has-vivid-cyan-blue-color\">EcuRed<\/mark><\/a>. <\/p>\n\n\n\n<p>A pesar de las cr\u00edticas, Fidel defendi\u00f3 la libertad de expresi\u00f3n y la prensa como frentes importantes en la construcci\u00f3n de la nueva sociedad cubana.<\/p>\n\n\n\n<p><strong>Con informaci\u00f3n del art\u00edculo <em>\u201cFidel, como un ejemplo de comunicador\u201d.<\/em><\/strong><\/p>\n<div class=\"pld-like-dislike-wrap pld-template-1\">\r\n    <div class=\"pld-like-wrap  pld-common-wrap\">\r\n    <a href=\"javascript:void(0)\" class=\"pld-like-trigger pld-like-dislike-trigger\" title=\"\" data-post-id=\"5234\" data-trigger-type=\"like\" data-restriction=\"cookie\" data-already-liked=\"0\">\r\n                        <i class=\"fas fa-thumbs-up\"><\/i>\r\n                <\/a>\r\n    <span class=\"pld-like-count-wrap pld-count-wrap\">0    <\/span>\r\n<\/div><div class=\"pld-dislike-wrap  pld-common-wrap\">\r\n    <a href=\"javascript:void(0)\" class=\"pld-dislike-trigger pld-like-dislike-trigger\" title=\"\" data-post-id=\"5234\" data-trigger-type=\"dislike\" data-restriction=\"cookie\" data-already-liked=\"0\">\r\n                        <i class=\"fas fa-thumbs-down\"><\/i>\r\n                <\/a>\r\n    <span class=\"pld-dislike-count-wrap pld-count-wrap\">0<\/span>\r\n<\/div><\/div>","protected":false},"excerpt":{"rendered":"<p>La comunicaci\u00f3n fue una de las herramientas utilizadas por Fidel Castro Ruz para fomentar la labor socialista del proceso revolucionario cubano. No fueron pocas las veces que visit\u00f3 los medios de prensa cubanos y existen muchas an\u00e9cdotas al respecto. Tras arduas jornadas de trabajo, Fidel encontraba las energ\u00edas para reunirse con los trabajadores de los [&hellip;]<\/p>\n","protected":false},"author":7,"featured_media":5235,"comment_status":"open","ping_status":"open","sticky":false,"template":"","format":"standard","meta":{"_bbp_topic_count":0,"_bbp_reply_count":0,"_bbp_total_topic_count":0,"_bbp_total_reply_count":0,"_bbp_voice_count":0,"_bbp_anonymous_reply_count":0,"_bbp_topic_count_hidden":0,"_bbp_reply_count_hidden":0,"_bbp_forum_subforum_count":0,"_glsr_average":0,"_glsr_ranking":0,"_glsr_reviews":0,"footnotes":""},"categories":[10],"tags":[47,7,63,39,64],"class_list":["post-5234","post","type-post","status-publish","format-standard","has-post-thumbnail","hentry","category-nacionales","tag-comunicacion-social","tag-cuba","tag-fidel-castro","tag-ics","tag-revolucion-cubana"],"acf":[],"_links":{"self":[{"href":"https:\/\/www.ics.gob.cu\/en\/wp-json\/wp\/v2\/posts\/5234","targetHints":{"allow":["GET"]}}],"collection":[{"href":"https:\/\/www.ics.gob.cu\/en\/wp-json\/wp\/v2\/posts"}],"about":[{"href":"https:\/\/www.ics.gob.cu\/en\/wp-json\/wp\/v2\/types\/post"}],"author":[{"embeddable":true,"href":"https:\/\/www.ics.gob.cu\/en\/wp-json\/wp\/v2\/users\/7"}],"replies":[{"embeddable":true,"href":"https:\/\/www.ics.gob.cu\/en\/wp-json\/wp\/v2\/comments?post=5234"}],"version-history":[{"count":2,"href":"https:\/\/www.ics.gob.cu\/en\/wp-json\/wp\/v2\/posts\/5234\/revisions"}],"predecessor-version":[{"id":5238,"href":"https:\/\/www.ics.gob.cu\/en\/wp-json\/wp\/v2\/posts\/5234\/revisions\/5238"}],"wp:featuredmedia":[{"embeddable":true,"href":"https:\/\/www.ics.gob.cu\/en\/wp-json\/wp\/v2\/media\/5235"}],"wp:attachment":[{"href":"https:\/\/www.ics.gob.cu\/en\/wp-json\/wp\/v2\/media?parent=5234"}],"wp:term":[{"taxonomy":"category","embeddable":true,"href":"https:\/\/www.ics.gob.cu\/en\/wp-json\/wp\/v2\/categories?post=5234"},{"taxonomy":"post_tag","embeddable":true,"href":"https:\/\/www.ics.gob.cu\/en\/wp-json\/wp\/v2\/tags?post=5234"}],"curies":[{"name":"wp","href":"https:\/\/api.w.org\/{rel}","templated":true}]}}