{"id":5320,"date":"2024-08-23T13:18:01","date_gmt":"2024-08-23T13:18:01","guid":{"rendered":"https:\/\/www.ics.gob.cu\/?p=5320"},"modified":"2024-08-23T13:18:03","modified_gmt":"2024-08-23T13:18:03","slug":"federadas-cubanas-celebran-64-anos-venciendo-imposibles","status":"publish","type":"post","link":"https:\/\/www.ics.gob.cu\/en\/federadas-cubanas-celebran-64-anos-venciendo-imposibles\/","title":{"rendered":"FEDERADAS CUBANAS CELEBRAN 64 A\u00d1OS VENCIENDO IMPOSIBLES"},"content":{"rendered":"<div class=\"pdfprnt-buttons pdfprnt-buttons-post pdfprnt-top-right\"><a href=\"https:\/\/www.ics.gob.cu\/en\/wp-json\/wp\/v2\/posts\/5320?print=print\" class=\"pdfprnt-button pdfprnt-button-print\" target=\"_blank\" ><img decoding=\"async\" src=\"https:\/\/www.ics.gob.cu\/wp-content\/plugins\/pdf-print\/images\/print.png\" alt=\"image_print\" title=\"Print Content\" \/><\/a><\/div>\n<p><strong>Desde hace 64 a\u00f1os, Cuba posee una organizaci\u00f3n que re\u00fane, apoya y defiende a las mujeres y sus derechos en la sociedad. El 23 de agosto de 1960, la <a href=\"https:\/\/www.facebook.com\/share\/N1qbHYQxipbjfmU7\/?mibextid=qi2Omg\"><mark style=\"background-color:rgba(0, 0, 0, 0)\" class=\"has-inline-color has-vivid-cyan-blue-color\">Federaci\u00f3n de Mujeres Cubanas (FMC) <\/mark><\/a>naci\u00f3 como una necesidad de agrupar a todos los movimientos feministas del siglo XX en una causa com\u00fan.<\/strong><\/p>\n\n\n\n<p>En 1912, se cre\u00f3 el Partido Nacional Feminista (PNF), presidido por Amalia E. Mall\u00e9n de Ostolaza, ensayista, sufragista y activista feminista cubana. El PNF sent\u00f3 las bases para el desarrollo posterior de otras organizaciones como el Club Femenino de Cuba (1918). A la par de este club, surge en 1921 la Federaci\u00f3n Nacional de Asociaciones Femeninas de Cuba, que agrupaba a las asociaciones: Club Femenino de Cuba, Congreso Nacional de Madres, Asociaci\u00f3n de Cat\u00f3licas Cubanas, Asociaci\u00f3n Nacional de Enfermeras y Comit\u00e9 de la Creche Habana Nueva.<\/p>\n\n\n\n<figure class=\"wp-block-image size-full\"><img loading=\"lazy\" decoding=\"async\" width=\"1024\" height=\"564\" src=\"https:\/\/www.ics.gob.cu\/wp-content\/uploads\/2024\/08\/1_20240823_081114_0000.png\" alt=\"\" class=\"wp-image-5322\" srcset=\"https:\/\/www.ics.gob.cu\/wp-content\/uploads\/2024\/08\/1_20240823_081114_0000.png 1024w, https:\/\/www.ics.gob.cu\/wp-content\/uploads\/2024\/08\/1_20240823_081114_0000-300x165.png 300w, https:\/\/www.ics.gob.cu\/wp-content\/uploads\/2024\/08\/1_20240823_081114_0000-768x423.png 768w\" sizes=\"auto, (max-width: 1024px) 100vw, 1024px\" \/><\/figure>\n\n\n\n<p>La lucha feminista tuvo un profundo auge a partir de la d\u00e9cada del 50, m\u00e1s abiertamente contra la dictadura de Fulgencio Batista. Organizaciones como el Frente C\u00edvico de Mujeres del Centenario Martiano, que despu\u00e9s en 1954 cambiar\u00eda su nombre por el de Frente C\u00edvico de Mujeres Martianas; el Grupo de Mujeres Humanistas; la Hermandad de Madres; las Brigadas Femeninas Revolucionarias, entre otras, se desenvolv\u00edan fundamentalmente en las ciudades distribuyendo propaganda propia o del Movimiento 26 de Julio y del Directorio Revolucionario.<\/p>\n\n\n\n<p>Como ejemplo de la contribuci\u00f3n de la mujer en la lucha armada, tenemos en sus m\u00e1ximos exponentes a Hayd\u00e9e Santamar\u00eda, Melba Hern\u00e1ndez, Vilma Esp\u00edn y Celia S\u00e1nchez Manduley, quienes incluso participaron primero de forma clandestina. Otras mujeres tambi\u00e9n formaron parte de la lucha armada, entre ellas Isabel Rielo, Lilia Rielo, Olga Guevara, Angelina Antol\u00edn, Rita Garc\u00eda, Ada Bella Acosta, Normita Ferrer, Flor P\u00e9rez, Eva Palma, Orosia Soto, Juana Pe\u00f1a, Edemis Tamayo y Delsa Esther \u201cTet\u00e9\u201d Puebla.<\/p>\n\n\n\n<figure class=\"wp-block-image size-full\"><img loading=\"lazy\" decoding=\"async\" width=\"1024\" height=\"564\" src=\"https:\/\/www.ics.gob.cu\/wp-content\/uploads\/2024\/08\/2_20240823_081114_0001.png\" alt=\"\" class=\"wp-image-5325\" srcset=\"https:\/\/www.ics.gob.cu\/wp-content\/uploads\/2024\/08\/2_20240823_081114_0001.png 1024w, https:\/\/www.ics.gob.cu\/wp-content\/uploads\/2024\/08\/2_20240823_081114_0001-300x165.png 300w, https:\/\/www.ics.gob.cu\/wp-content\/uploads\/2024\/08\/2_20240823_081114_0001-768x423.png 768w\" sizes=\"auto, (max-width: 1024px) 100vw, 1024px\" \/><\/figure>\n\n\n\n<p>La Federaci\u00f3n de Mujeres Cubanas fusion\u00f3 en sus filas a las organizaciones mencionadas con anterioridad para inculcar una conciencia revolucionaria en la poblaci\u00f3n femenina. En el propio discurso de Fidel Castro, en la inauguraci\u00f3n de esta agrupaci\u00f3n, expresaba que la Revoluci\u00f3n cubana contaba con la mujer y que la FMC deb\u00eda organizar a las f\u00e9minas, ayudarlas en todos los \u00f3rdenes: social, cultural, pol\u00edtico con \u201cactividades culturales, actividades sociales, actividades creadoras, actividades revolucionarias, actividades patri\u00f3ticas. He ah\u00ed las actividades a las que tienen que dedicar su esfuerzo las mujeres cubanas, \u00a1organizadas!, perteneciendo a las distintas secciones de la Federaci\u00f3n en todos los lugares de Cuba.\u201d<\/p>\n\n\n\n<p>Desde la FMC, las mujeres vieron realizadas las aspiraciones que ten\u00edan los movimientos feministas de principios de siglo. Erradicar o disminuir el machismo en Cuba no ha sido, ni es tarea f\u00e1cil; pero desde la pol\u00edtica del Estado se impulsa su eliminaci\u00f3n con leyes, normativas, programas educativos. Uno de ellos es el Programa Nacional para el Adelanto de las Mujeres (PAM), que sintetiza la voluntad pol\u00edtica del Estado cubano de dar continuidad al avance y desarrollo de la igualdad de g\u00e9nero en el pa\u00eds, institucionalizando este derecho.<\/p>\n\n\n\n<figure class=\"wp-block-image size-full\"><img loading=\"lazy\" decoding=\"async\" width=\"1024\" height=\"564\" src=\"https:\/\/www.ics.gob.cu\/wp-content\/uploads\/2024\/08\/1_20240823_085350_0000.png\" alt=\"\" class=\"wp-image-5324\" srcset=\"https:\/\/www.ics.gob.cu\/wp-content\/uploads\/2024\/08\/1_20240823_085350_0000.png 1024w, https:\/\/www.ics.gob.cu\/wp-content\/uploads\/2024\/08\/1_20240823_085350_0000-300x165.png 300w, https:\/\/www.ics.gob.cu\/wp-content\/uploads\/2024\/08\/1_20240823_085350_0000-768x423.png 768w\" sizes=\"auto, (max-width: 1024px) 100vw, 1024px\" \/><\/figure>\n\n\n\n<p>Hoy se contin\u00faan promoviendo proyectos y convenios intersectoriales para ampliar la capacitaci\u00f3n en g\u00e9nero en todos los escenarios, incluyendo funcionarios y hacedores de pol\u00edticas de ministerios e instituciones a todos los niveles, quienes deben proyectar programas sociales, econ\u00f3micos, educacionales y culturales donde la participaci\u00f3n de la mujer siga siendo significativa, como agente activa y beneficiaria de los mismos.<\/p>\n\n\n\n<p>El Gobierno cubano, al poner en pr\u00e1ctica su proyecto de justicia social, eminentemente humanista, trabaja por una mayor incorporaci\u00f3n, cuidado y protecci\u00f3n de sus ciudadanos y ciudadanas, como parte de su responsabilidad p\u00fablica y por el pleno ejercicio de todos los derechos humanos de hombres y mujeres.<\/p>\n\n\n\n<figure class=\"wp-block-image size-full\"><img loading=\"lazy\" decoding=\"async\" width=\"1024\" height=\"564\" src=\"https:\/\/www.ics.gob.cu\/wp-content\/uploads\/2024\/08\/2_20240823_085350_0001.png\" alt=\"\" class=\"wp-image-5323\" srcset=\"https:\/\/www.ics.gob.cu\/wp-content\/uploads\/2024\/08\/2_20240823_085350_0001.png 1024w, https:\/\/www.ics.gob.cu\/wp-content\/uploads\/2024\/08\/2_20240823_085350_0001-300x165.png 300w, https:\/\/www.ics.gob.cu\/wp-content\/uploads\/2024\/08\/2_20240823_085350_0001-768x423.png 768w\" sizes=\"auto, (max-width: 1024px) 100vw, 1024px\" \/><\/figure>\n\n\n\n<p>Hoy las mujeres son protagonistas en todas las esferas de la sociedad. Por muy complejos que sean los tiempos, son y seguramente seguir\u00e1n siendo \u00abuna Revoluci\u00f3n dentro de la Revoluci\u00f3n\u00bb.<\/p>\n<div class=\"pld-like-dislike-wrap pld-template-1\">\r\n    <div class=\"pld-like-wrap  pld-common-wrap\">\r\n    <a href=\"javascript:void(0)\" class=\"pld-like-trigger pld-like-dislike-trigger\" title=\"\" data-post-id=\"5320\" data-trigger-type=\"like\" data-restriction=\"cookie\" data-already-liked=\"0\">\r\n                        <i class=\"fas fa-thumbs-up\"><\/i>\r\n                <\/a>\r\n    <span class=\"pld-like-count-wrap pld-count-wrap\">0    <\/span>\r\n<\/div><div class=\"pld-dislike-wrap  pld-common-wrap\">\r\n    <a href=\"javascript:void(0)\" class=\"pld-dislike-trigger pld-like-dislike-trigger\" title=\"\" data-post-id=\"5320\" data-trigger-type=\"dislike\" data-restriction=\"cookie\" data-already-liked=\"0\">\r\n                        <i class=\"fas fa-thumbs-down\"><\/i>\r\n                <\/a>\r\n    <span class=\"pld-dislike-count-wrap pld-count-wrap\">0<\/span>\r\n<\/div><\/div>","protected":false},"excerpt":{"rendered":"<p>Desde hace 64 a\u00f1os, Cuba posee una organizaci\u00f3n que re\u00fane, apoya y defiende a las mujeres y sus derechos en la sociedad. El 23 de agosto de 1960, la Federaci\u00f3n de Mujeres Cubanas (FMC) naci\u00f3 como una necesidad de agrupar a todos los movimientos feministas del siglo XX en una causa com\u00fan. En 1912, se [&hellip;]<\/p>\n","protected":false},"author":7,"featured_media":5321,"comment_status":"open","ping_status":"open","sticky":false,"template":"","format":"standard","meta":{"_bbp_topic_count":0,"_bbp_reply_count":0,"_bbp_total_topic_count":0,"_bbp_total_reply_count":0,"_bbp_voice_count":0,"_bbp_anonymous_reply_count":0,"_bbp_topic_count_hidden":0,"_bbp_reply_count_hidden":0,"_bbp_forum_subforum_count":0,"_glsr_average":0,"_glsr_ranking":0,"_glsr_reviews":0,"footnotes":""},"categories":[10],"tags":[47,7,39,64],"class_list":["post-5320","post","type-post","status-publish","format-standard","has-post-thumbnail","hentry","category-nacionales","tag-comunicacion-social","tag-cuba","tag-ics","tag-revolucion-cubana"],"acf":[],"_links":{"self":[{"href":"https:\/\/www.ics.gob.cu\/en\/wp-json\/wp\/v2\/posts\/5320","targetHints":{"allow":["GET"]}}],"collection":[{"href":"https:\/\/www.ics.gob.cu\/en\/wp-json\/wp\/v2\/posts"}],"about":[{"href":"https:\/\/www.ics.gob.cu\/en\/wp-json\/wp\/v2\/types\/post"}],"author":[{"embeddable":true,"href":"https:\/\/www.ics.gob.cu\/en\/wp-json\/wp\/v2\/users\/7"}],"replies":[{"embeddable":true,"href":"https:\/\/www.ics.gob.cu\/en\/wp-json\/wp\/v2\/comments?post=5320"}],"version-history":[{"count":2,"href":"https:\/\/www.ics.gob.cu\/en\/wp-json\/wp\/v2\/posts\/5320\/revisions"}],"predecessor-version":[{"id":5327,"href":"https:\/\/www.ics.gob.cu\/en\/wp-json\/wp\/v2\/posts\/5320\/revisions\/5327"}],"wp:featuredmedia":[{"embeddable":true,"href":"https:\/\/www.ics.gob.cu\/en\/wp-json\/wp\/v2\/media\/5321"}],"wp:attachment":[{"href":"https:\/\/www.ics.gob.cu\/en\/wp-json\/wp\/v2\/media?parent=5320"}],"wp:term":[{"taxonomy":"category","embeddable":true,"href":"https:\/\/www.ics.gob.cu\/en\/wp-json\/wp\/v2\/categories?post=5320"},{"taxonomy":"post_tag","embeddable":true,"href":"https:\/\/www.ics.gob.cu\/en\/wp-json\/wp\/v2\/tags?post=5320"}],"curies":[{"name":"wp","href":"https:\/\/api.w.org\/{rel}","templated":true}]}}