{"id":5627,"date":"2024-09-21T16:51:24","date_gmt":"2024-09-21T16:51:24","guid":{"rendered":"https:\/\/www.ics.gob.cu\/?p=5627"},"modified":"2024-09-21T16:55:18","modified_gmt":"2024-09-21T16:55:18","slug":"ley-de-comunicacion-social-democracia-y-rendicion-de-cuenta","status":"publish","type":"post","link":"https:\/\/www.ics.gob.cu\/en\/ley-de-comunicacion-social-democracia-y-rendicion-de-cuenta\/","title":{"rendered":"Ley de Comunicaci\u00f3n Social, democracia y rendici\u00f3n de cuenta"},"content":{"rendered":"<div class=\"pdfprnt-buttons pdfprnt-buttons-post pdfprnt-top-right\"><a href=\"https:\/\/www.ics.gob.cu\/en\/wp-json\/wp\/v2\/posts\/5627?print=print\" class=\"pdfprnt-button pdfprnt-button-print\" target=\"_blank\" ><img decoding=\"async\" src=\"https:\/\/www.ics.gob.cu\/wp-content\/plugins\/pdf-print\/images\/print.png\" alt=\"image_print\" title=\"Print Content\" \/><\/a><\/div>\n<p><strong>Cuba estrena la Ley de Comunicaci\u00f3n Social, esa norma de fuerza mayor que reconoce el \u00e1mbito comunitario como uno de los tres escenarios esenciales de las relaciones socioculturales humanas. La norma legal articula, a lo largo y ancho de su texto, la participaci\u00f3n popular como derecho y deber de cada ciudadano.<\/strong><\/p>\n\n\n\n<p><strong>Autor:<\/strong> <a href=\"https:\/\/twitter.com\/turquinauta?t=XzagrsTaRFmHSCSYItALvQ&amp;s=09\"><mark style=\"background-color:rgba(0, 0, 0, 0)\" class=\"has-inline-color has-vivid-cyan-blue-color\">Rafael Cruz Ramos<\/mark><\/a>, director de Pol\u00edticas Medi\u00e1ticas del <a href=\"https:\/\/www.facebook.com\/\"><mark style=\"background-color:rgba(0, 0, 0, 0)\" class=\"has-inline-color has-vivid-cyan-blue-color\">Instituto de Informaci\u00f3n y Comunicaci\u00f3n Social (ICS)<\/mark><\/a>.<\/p>\n\n\n\n<p>Cuando subimos al portal de la tienda, con su viejo alero de tejas y sus columnas a\u00f1osas pero firmes, ya el delegado estaba ah\u00ed. La electricidad hab\u00eda llegado al reparto minutos antes, prendiendo los bombillos y la algarab\u00eda de la noche. El delegado se ubic\u00f3 tras la mesa, a su lado la bandera; junto a ella, sujeto a la pared, el Escudo Nacional. El delegado alz\u00f3 la mano invitando al silencio, mir\u00f3 su reloj y pidi\u00f3, con voz fuerte y segura, cantar el Himno de Bayamo.<\/p>\n\n\n\n<p>Ha pasado tiempo desde la \u00faltima vez que asistimos a una reuni\u00f3n de rendici\u00f3n de cuenta. Atr\u00e1s quedaron los d\u00edas del confinamiento por la pandemia, luego otros muchos factores se alinearon para aplazar este proceso, que no son solo las asambleas, sino que comprende un muy completo sistema de seguimiento a los planteamientos, a las opiniones y sugerencias de las personas. Involucra desde la Asamblea Nacional hasta la m\u00e1s alejada circunscripci\u00f3n, desde la m\u00e1s peque\u00f1a unidad hasta los ministerios; un proceso dise\u00f1ado para implicar a todo el sistema pol\u00edtico en el ejercicio de la direcci\u00f3n colectiva.<\/p>\n\n\n\n<p>El proceso de rendici\u00f3n de cuenta del delegado a sus electores ocurre en uno de los momentos m\u00e1s tensos de la historia de Cuba. Tenso por las carencias y las deformaciones en la econom\u00eda cubana, cercada y perseguida por la odiosa pol\u00edtica de bloqueo del Gobierno estadounidense, que impide el acceso a combustibles, recursos, financiamiento y, adem\u00e1s, con los no pocos problemas de gesti\u00f3n administrativa, a lo interno de la naci\u00f3n.<\/p>\n\n\n\n<p>Este proceso llega, adem\u00e1s, en un momento en el que Cuba estrena la <a href=\"https:\/\/www.ics.gob.cu\/en\/marco-normativo\/\"><mark style=\"background-color:rgba(0, 0, 0, 0)\" class=\"has-inline-color has-vivid-cyan-blue-color\">Law on Social Communication<\/mark><\/a>, esa norma de fuerza mayor que reconoce el \u00e1mbito comunitario como uno de los tres escenarios esenciales de las relaciones socioculturales humanas. Esta Ley llega a tiempo para reforzar los derechos que la Revoluci\u00f3n ha dado hist\u00f3ricamente al pueblo, como ser parte activa en las relaciones pol\u00edticas. La norma legal articula, a lo largo y ancho de su texto, la participaci\u00f3n popular como derecho y deber de cada ciudadano.<\/p>\n\n\n\n<p>Insiste la Ley en reforzar el liderazgo del delegado a la Asamblea Municipal del Poder Popular, y contribuir a trav\u00e9s de una mejor pr\u00e1ctica de comunicaci\u00f3n a cumplir el rol que desem\u00adpe\u00f1a en la unidad de los factores del barrio, adem\u00e1s de favorecer, de forma pertinente, la transparencia y el control popular sobre los eventos que transcurren en ese pedacito de pa\u00eds que a cada cual nos corresponde, y que llamamos comunidad, barrio, circunscripci\u00f3n.<\/p>\n\n\n\n<p>Es decir: involucrar a los vecinos en la identificaci\u00f3n real de los problemas; diferenciar los propios de los que no se generan all\u00ed, sino que dependen de empresas y entidades provinciales o nacionales, cuyos representantes tienen la obligaci\u00f3n de acompa\u00f1ar al delegado en la asamblea, a fin de informar adecuadamente el estado de soluci\u00f3n o no de las contradicciones que afectan a los vecinos, especialmente esos que dependen de lo administrativo, de la cooperaci\u00f3n, de la creatividad, o del cumplimiento de un compromiso real con las personas.<\/p>\n\n\n\n<p>Esa participaci\u00f3n de los representantes de las entidades en las asambleas tambi\u00e9n es reconocible en el cap\u00edtulo dedicado a la comunicaci\u00f3n organizacional de la Ley 162, cuando implica a los cuadros en el aseguramiento de la gesti\u00f3n de la comunicaci\u00f3n externa como responsabilidad social.<\/p>\n\n\n\n<p>En la pr\u00e1ctica de la rendici\u00f3n de cuenta, al delegado le corresponder\u00e1 presentar un informe honesto, sin pesimismo, que explique con objetividad las dificultades, sin regodeos en lo in\u00fatil, que insista en las ideas y proyectos para responder de forma pertinente, dentro de los l\u00edmites de su responsabilidad, a esos asuntos que siguen sin encontrar el camino de la soluci\u00f3n.<\/p>\n\n\n\n<p>En la asamblea, en el viejo portal\u00f3n de la tienda, el representante del pueblo culmina su informe con palabras de aliento, dobla el documento con cuidado, mira a los ojos de los all\u00ed reunidos y deja el escenario listo para el debate. Sabe que ahora le corresponde escuchar y conducir con firmeza el di\u00e1logo, para que no se excedan los apasionados ni se tuerzan los caminos de la pol\u00e9mica.<\/p>\n\n\n\n<p>Luego de una pausa, las manos se alzan, y la democracia atiende.<\/p>\n\n\n\n<p>Tomado de <a href=\"https:\/\/www.granma.cu\/\"><mark style=\"background-color:rgba(0, 0, 0, 0)\" class=\"has-inline-color has-vivid-cyan-blue-color\">Granma Digital<\/mark><\/a>.<\/p>\n<div class=\"pld-like-dislike-wrap pld-template-1\">\r\n    <div class=\"pld-like-wrap  pld-common-wrap\">\r\n    <a href=\"javascript:void(0)\" class=\"pld-like-trigger pld-like-dislike-trigger\" title=\"\" data-post-id=\"5627\" data-trigger-type=\"like\" data-restriction=\"cookie\" data-already-liked=\"0\">\r\n                        <i class=\"fas fa-thumbs-up\"><\/i>\r\n                <\/a>\r\n    <span class=\"pld-like-count-wrap pld-count-wrap\">0    <\/span>\r\n<\/div><div class=\"pld-dislike-wrap  pld-common-wrap\">\r\n    <a href=\"javascript:void(0)\" class=\"pld-dislike-trigger pld-like-dislike-trigger\" title=\"\" data-post-id=\"5627\" data-trigger-type=\"dislike\" data-restriction=\"cookie\" data-already-liked=\"0\">\r\n                        <i class=\"fas fa-thumbs-down\"><\/i>\r\n                <\/a>\r\n    <span class=\"pld-dislike-count-wrap pld-count-wrap\">0<\/span>\r\n<\/div><\/div>","protected":false},"excerpt":{"rendered":"<p>Cuba estrena la Ley de Comunicaci\u00f3n Social, esa norma de fuerza mayor que reconoce el \u00e1mbito comunitario como uno de los tres escenarios esenciales de las relaciones socioculturales humanas. La norma legal articula, a lo largo y ancho de su texto, la participaci\u00f3n popular como derecho y deber de cada ciudadano. Autor: Rafael Cruz Ramos, [&hellip;]<\/p>\n","protected":false},"author":7,"featured_media":5633,"comment_status":"open","ping_status":"open","sticky":false,"template":"","format":"standard","meta":{"_bbp_topic_count":0,"_bbp_reply_count":0,"_bbp_total_topic_count":0,"_bbp_total_reply_count":0,"_bbp_voice_count":0,"_bbp_anonymous_reply_count":0,"_bbp_topic_count_hidden":0,"_bbp_reply_count_hidden":0,"_bbp_forum_subforum_count":0,"_glsr_average":0,"_glsr_ranking":0,"_glsr_reviews":0,"footnotes":""},"categories":[10],"tags":[47,7,39,77,64],"class_list":["post-5627","post","type-post","status-publish","format-standard","has-post-thumbnail","hentry","category-nacionales","tag-comunicacion-social","tag-cuba","tag-ics","tag-poder-popular","tag-revolucion-cubana"],"acf":[],"_links":{"self":[{"href":"https:\/\/www.ics.gob.cu\/en\/wp-json\/wp\/v2\/posts\/5627","targetHints":{"allow":["GET"]}}],"collection":[{"href":"https:\/\/www.ics.gob.cu\/en\/wp-json\/wp\/v2\/posts"}],"about":[{"href":"https:\/\/www.ics.gob.cu\/en\/wp-json\/wp\/v2\/types\/post"}],"author":[{"embeddable":true,"href":"https:\/\/www.ics.gob.cu\/en\/wp-json\/wp\/v2\/users\/7"}],"replies":[{"embeddable":true,"href":"https:\/\/www.ics.gob.cu\/en\/wp-json\/wp\/v2\/comments?post=5627"}],"version-history":[{"count":3,"href":"https:\/\/www.ics.gob.cu\/en\/wp-json\/wp\/v2\/posts\/5627\/revisions"}],"predecessor-version":[{"id":5637,"href":"https:\/\/www.ics.gob.cu\/en\/wp-json\/wp\/v2\/posts\/5627\/revisions\/5637"}],"wp:featuredmedia":[{"embeddable":true,"href":"https:\/\/www.ics.gob.cu\/en\/wp-json\/wp\/v2\/media\/5633"}],"wp:attachment":[{"href":"https:\/\/www.ics.gob.cu\/en\/wp-json\/wp\/v2\/media?parent=5627"}],"wp:term":[{"taxonomy":"category","embeddable":true,"href":"https:\/\/www.ics.gob.cu\/en\/wp-json\/wp\/v2\/categories?post=5627"},{"taxonomy":"post_tag","embeddable":true,"href":"https:\/\/www.ics.gob.cu\/en\/wp-json\/wp\/v2\/tags?post=5627"}],"curies":[{"name":"wp","href":"https:\/\/api.w.org\/{rel}","templated":true}]}}