{"id":5889,"date":"2024-10-01T11:16:20","date_gmt":"2024-10-01T11:16:20","guid":{"rendered":"https:\/\/www.ics.gob.cu\/?p=5889"},"modified":"2024-10-01T12:31:45","modified_gmt":"2024-10-01T12:31:45","slug":"escuela-ramal-del-ics-una-institucion-camino-a-la-excelencia","status":"publish","type":"post","link":"https:\/\/www.ics.gob.cu\/en\/escuela-ramal-del-ics-una-institucion-camino-a-la-excelencia\/","title":{"rendered":"Escuela Ramal del ICS, una instituci\u00f3n camino a la excelencia"},"content":{"rendered":"<div class=\"pdfprnt-buttons pdfprnt-buttons-post pdfprnt-top-right\"><a href=\"https:\/\/www.ics.gob.cu\/en\/wp-json\/wp\/v2\/posts\/5889?print=print\" class=\"pdfprnt-button pdfprnt-button-print\" target=\"_blank\" ><img decoding=\"async\" src=\"https:\/\/www.ics.gob.cu\/wp-content\/plugins\/pdf-print\/images\/print.png\" alt=\"image_print\" title=\"Print Content\" \/><\/a><\/div>\n<p><strong>Desde su surgimiento, la Escuela Ramal del Instituto de Informaci\u00f3n y Comunicaci\u00f3n Social ha desempe\u00f1ado un papel fundamental en la preparaci\u00f3n de cuadros y directivos del ICS. Amada G\u00e1rciga Dom\u00ednguez, directora de la escuela, convers\u00f3 en la Revista Buenos D\u00edas acerca de la labor de la joven instituci\u00f3n.<\/strong><\/p>\n\n\n\n<p><strong>\u00bfCu\u00e1ndo surge la Escuela Ramal?<\/strong><\/p>\n\n\n\n<p>\u201cAntes de hablar concretamente de cu\u00e1ndo surge la escuela pienso que es importante remitirnos a que el modelo econ\u00f3mico cubano de desarrollo tiene en su lineamiento n\u00famero 191 un aspecto dedicado a la capacitaci\u00f3n y a la superaci\u00f3n de los cuadros, los directivos y los trabajadores. Ese es el primer fundamento que yace en el surgimiento de la Escuela Ramal. En junio de 2023 se hace la resoluci\u00f3n que dictamina la creaci\u00f3n de la Escuela Ramal del Instituto de Informaci\u00f3n y Comunicaci\u00f3n Social, el 3 de julio de ese propio a\u00f1o es inaugurada y comienza sus funciones de capacitaci\u00f3n y superaci\u00f3n de los cuadros\u201d.<\/p>\n\n\n\n<figure class=\"wp-block-image size-full\"><img loading=\"lazy\" decoding=\"async\" width=\"1024\" height=\"564\" src=\"https:\/\/www.ics.gob.cu\/wp-content\/uploads\/2024\/10\/1_20240930_220855_0000.png\" alt=\"\" class=\"wp-image-5892\" srcset=\"https:\/\/www.ics.gob.cu\/wp-content\/uploads\/2024\/10\/1_20240930_220855_0000.png 1024w, https:\/\/www.ics.gob.cu\/wp-content\/uploads\/2024\/10\/1_20240930_220855_0000-300x165.png 300w, https:\/\/www.ics.gob.cu\/wp-content\/uploads\/2024\/10\/1_20240930_220855_0000-768x423.png 768w\" sizes=\"auto, (max-width: 1024px) 100vw, 1024px\" \/><\/figure>\n\n\n\n<p><strong>\u00bfCu\u00e1l es la estructura de la instituci\u00f3n?<\/strong><\/p>\n\n\n\n<p>\u201cLa Escuela Ramal est\u00e1 dividida en dos subdirecciones: una subdirecci\u00f3n docente que trabaja con el departamento docente metodol\u00f3gico, un departamento de gesti\u00f3n de la comunicaci\u00f3n, una subdirecci\u00f3n de servicio y log\u00edstica y un departamento que tiene que ver con toda la parte econ\u00f3mica y de recursos humanos. Adem\u00e1s, tenemos una secretar\u00eda docente que se encarga de todo el proceso legal de los cursos que se imparten y contamos tambi\u00e9n con una coordinadora, algunos especialistas y, por supuesto, la direcci\u00f3n del centro\u201d.<\/p>\n\n\n\n<p><strong>\u00bfCu\u00e1l ha sido la misi\u00f3n de la instituci\u00f3n en este primer a\u00f1o de trabajo?<\/strong><\/p>\n\n\n\n<p>\u201cTeniendo en cuenta que la misi\u00f3n de la Escuela Ramal es preparar y superar a los cuadros de direcci\u00f3n, la reserva, funcionarios y otros trabajadores del ICS, es importante destacar que en esta primera etapa -que comprende los meses de septiembre a diciembre de 2023- se desarrollaron cuatro acciones de capacitaci\u00f3n, dos cursos, un entrenamiento y una conferencia; todas dirigidas a los cuadros de direcci\u00f3n del instituto, para un total de 66 personas.<\/p>\n\n\n\n<figure class=\"wp-block-image size-full\"><img loading=\"lazy\" decoding=\"async\" width=\"1024\" height=\"564\" src=\"https:\/\/www.ics.gob.cu\/wp-content\/uploads\/2024\/10\/2_20240930_220855_0001.png\" alt=\"\" class=\"wp-image-5894\" srcset=\"https:\/\/www.ics.gob.cu\/wp-content\/uploads\/2024\/10\/2_20240930_220855_0001.png 1024w, https:\/\/www.ics.gob.cu\/wp-content\/uploads\/2024\/10\/2_20240930_220855_0001-300x165.png 300w, https:\/\/www.ics.gob.cu\/wp-content\/uploads\/2024\/10\/2_20240930_220855_0001-768x423.png 768w\" sizes=\"auto, (max-width: 1024px) 100vw, 1024px\" \/><\/figure>\n\n\n\n<p>\u201cEn una segunda etapa -comprendida por el primer semestre del a\u00f1o 2024- se llevaron a cabo 14 acciones de superaci\u00f3n y capacitaci\u00f3n. Es importante destacar que los entrenamientos estuvieron dedicados al proceso de implementaci\u00f3n de la <a href=\"https:\/\/www.ics.gob.cu\/wp-content\/uploads\/2024\/06\/goc-2024-o48.pdf\"><mark style=\"background-color:rgba(0, 0, 0, 0)\" class=\"has-inline-color has-vivid-cyan-blue-color\">Law on Social Communication<\/mark><\/a>, donde participaron las estructuras organizativas de comunicaci\u00f3n social de las provincias y de algunos municipios de las diferentes regiones del pa\u00eds.<\/p>\n\n\n\n<p>\u201cPara el \u00faltimo trimestre del a\u00f1o estamos proyectando ocho cursos de capacitaci\u00f3n para los directivos, funcionarios y trabajadores del ICS, pero adem\u00e1s se suman cuatro acciones para otros organismos, que tambi\u00e9n est\u00e1 contenido dentro de las funciones que tiene el instituto: la orientaci\u00f3n, la asesor\u00eda y la capacitaci\u00f3n a otros organismos en temas de comunicaci\u00f3n social\u201d.<\/p>\n\n\n\n<p><strong>\u00bfQu\u00e9 importancia le concede a la escuela y a la labor que realiza, como parte del programa Educaci\u00f3n para la Comunicaci\u00f3n que impulsa el ICS, a\u00fan despu\u00e9s de la entrada en vigor de la Ley de Comunicaci\u00f3n Social?<\/strong><\/p>\n\n\n\n<p>\u201cEl objetivo fundamental de este programa es el desarrollo de habilidades comunicativas en la poblaci\u00f3n cubana y como programa al fin ha delimitado acciones a corto, mediano y largo plazo. En ese programa participan las direcciones generales del instituto, el departamento de capacitaci\u00f3n, el Centro de Estudios de la Radio y la Televisi\u00f3n (CERT) y, por supuesto, la Escuela Ramal.<\/p>\n\n\n\n<figure class=\"wp-block-image size-full\"><img loading=\"lazy\" decoding=\"async\" width=\"1024\" height=\"564\" src=\"https:\/\/www.ics.gob.cu\/wp-content\/uploads\/2024\/10\/1_20240930_221045_0000.png\" alt=\"\" class=\"wp-image-5893\" srcset=\"https:\/\/www.ics.gob.cu\/wp-content\/uploads\/2024\/10\/1_20240930_221045_0000.png 1024w, https:\/\/www.ics.gob.cu\/wp-content\/uploads\/2024\/10\/1_20240930_221045_0000-300x165.png 300w, https:\/\/www.ics.gob.cu\/wp-content\/uploads\/2024\/10\/1_20240930_221045_0000-768x423.png 768w\" sizes=\"auto, (max-width: 1024px) 100vw, 1024px\" \/><\/figure>\n\n\n\n<p>\u201cDentro de las acciones desarrolladas por la escuela para contribuir al desarrollo de este programa est\u00e1 la recuperaci\u00f3n de un repertorio bibliogr\u00e1fico referido a los temas de comunicaci\u00f3n social. Esa recopilaci\u00f3n hoy se est\u00e1 actualizando y enriqueciendo. Estamos trabajando en la elaboraci\u00f3n de un proyecto de investigaci\u00f3n, que tendr\u00e1 varios resultados, entre ellos, una estrategia para el proceso de capacitaci\u00f3n y superaci\u00f3n.<\/p>\n\n\n\n<p>\u201cEstamos dise\u00f1ando un proyecto comunitario de extensi\u00f3n comunitaria para trabajar el desarrollo de habilidades comunicativas en ni\u00f1os, adolescentes y j\u00f3venes que se encuentran en la comunidad, espec\u00edficamente ni\u00f1os de la escuela primaria y estudiantes de la Escuela Nacional de Circo, que tambi\u00e9n est\u00e1 en la comunidad. Asimismo, estamos estableciendo convenios con las diferentes organizaciones pol\u00edticas y de masas del territorio. Estas alianzas permitir\u00e1n visibilizar un poco m\u00e1s el trabajo de la escuela y realizar intervenciones comunitarias en cada una de las instituciones que la rodean\u201d.<\/p>\n\n\n\n<figure class=\"wp-block-image size-full\"><img loading=\"lazy\" decoding=\"async\" width=\"1024\" height=\"564\" src=\"https:\/\/www.ics.gob.cu\/wp-content\/uploads\/2024\/10\/2_20240930_221045_0001.png\" alt=\"\" class=\"wp-image-5891\" srcset=\"https:\/\/www.ics.gob.cu\/wp-content\/uploads\/2024\/10\/2_20240930_221045_0001.png 1024w, https:\/\/www.ics.gob.cu\/wp-content\/uploads\/2024\/10\/2_20240930_221045_0001-300x165.png 300w, https:\/\/www.ics.gob.cu\/wp-content\/uploads\/2024\/10\/2_20240930_221045_0001-768x423.png 768w\" sizes=\"auto, (max-width: 1024px) 100vw, 1024px\" \/><\/figure>\n\n\n\n<p><strong>\u00bfQu\u00e9 recomienda a quienes deseen acercarse a la escuela y conocer de los cursos, especialmente a los organismos e instituciones que est\u00e9n interesados en establecer v\u00ednculos de trabajo?<\/strong><\/p>\n\n\n\n<p>\u201cLas puertas de la escuela est\u00e1n abiertas para recibirlos en cuanto a la ayuda metodol\u00f3gica, la asesor\u00eda y en los diferentes cursos que impartimos, pues est\u00e1n a la disposici\u00f3n de todas aquellas entidades, organismos y organizaciones que los necesiten.<\/p>\n\n\n\n<p>\u201cNos pueden encontrar en las redes sociales: en Facebook como <a href=\"https:\/\/www.facebook.com\/profile.php?id=61559037777131&amp;mibextid=ZbWKwL\"><mark style=\"background-color:rgba(0, 0, 0, 0)\" class=\"has-inline-color has-vivid-cyan-blue-color\">Escuela Ramal del Instituto de Informaci\u00f3n y Comunicaci\u00f3n Social<\/mark> <\/a> y en el canal de telegram como <a href=\"https:\/\/t.me\/EscuelaRamalICS\"><mark style=\"background-color:rgba(0, 0, 0, 0)\" class=\"has-inline-color has-vivid-cyan-blue-color\">Escuela Ramal del ICS<\/mark><\/a>. La escuela est\u00e1 enclavada en el municipio Playa, espec\u00edficamente en el reparto Siboney, calle 214 entre s\u00e9ptima y s\u00e9ptima A, No. 702. Tambi\u00e9n pueden acceder a la instituci\u00f3n a trav\u00e9s del tel\u00e9fono 72717264\u201d.<\/p>\n\n\n\n<p>Sin dudas, la Escuela Ramal del ICS va camino a la excelencia. El trabajo realizado hasta la fecha y el compromiso de sus trabajadores, dan fe de que la instituci\u00f3n continuar\u00e1 aportando saberes sobre comunicaci\u00f3n social tanto a los directivos del instituto como a otras organizaciones del pa\u00eds.<\/p>\n\n\n\n<p>El sistema de comunicaci\u00f3n social debe verse en colectivo, como un todo que necesita de sus partes para desarrollarse. Con la premisa de educar para comunicar la escuela crecer\u00e1 y ayudar\u00e1 a crecer. Cumplimos el sue\u00f1o de tener una Ley de Comunicaci\u00f3n sin precedentes en la historia de Cuba, es tiempo de prepararnos porque la puesta en pr\u00e1ctica de lo establecido en la normativa es el verdadero desaf\u00edo.<\/p>\n<div class=\"pld-like-dislike-wrap pld-template-1\">\r\n    <div class=\"pld-like-wrap  pld-common-wrap\">\r\n    <a href=\"javascript:void(0)\" class=\"pld-like-trigger pld-like-dislike-trigger\" title=\"\" data-post-id=\"5889\" data-trigger-type=\"like\" data-restriction=\"cookie\" data-already-liked=\"0\">\r\n                        <i class=\"fas fa-thumbs-up\"><\/i>\r\n                <\/a>\r\n    <span class=\"pld-like-count-wrap pld-count-wrap\">1    <\/span>\r\n<\/div><div class=\"pld-dislike-wrap  pld-common-wrap\">\r\n    <a href=\"javascript:void(0)\" class=\"pld-dislike-trigger pld-like-dislike-trigger\" title=\"\" data-post-id=\"5889\" data-trigger-type=\"dislike\" data-restriction=\"cookie\" data-already-liked=\"0\">\r\n                        <i class=\"fas fa-thumbs-down\"><\/i>\r\n                <\/a>\r\n    <span class=\"pld-dislike-count-wrap pld-count-wrap\">0<\/span>\r\n<\/div><\/div>","protected":false},"excerpt":{"rendered":"<p>Desde su surgimiento, la Escuela Ramal del Instituto de Informaci\u00f3n y Comunicaci\u00f3n Social ha desempe\u00f1ado un papel fundamental en la preparaci\u00f3n de cuadros y directivos del ICS. Amada G\u00e1rciga Dom\u00ednguez, directora de la escuela, convers\u00f3 en la Revista Buenos D\u00edas acerca de la labor de la joven instituci\u00f3n. \u00bfCu\u00e1ndo surge la Escuela Ramal? \u201cAntes de [&hellip;]<\/p>\n","protected":false},"author":2,"featured_media":5890,"comment_status":"open","ping_status":"open","sticky":false,"template":"","format":"standard","meta":{"_bbp_topic_count":0,"_bbp_reply_count":0,"_bbp_total_topic_count":0,"_bbp_total_reply_count":0,"_bbp_voice_count":0,"_bbp_anonymous_reply_count":0,"_bbp_topic_count_hidden":0,"_bbp_reply_count_hidden":0,"_bbp_forum_subforum_count":0,"_glsr_average":0,"_glsr_ranking":0,"_glsr_reviews":0,"footnotes":""},"categories":[10],"tags":[47,7,59,39],"class_list":["post-5889","post","type-post","status-publish","format-standard","has-post-thumbnail","hentry","category-nacionales","tag-comunicacion-social","tag-cuba","tag-educacion-para-la-comunicacion","tag-ics"],"acf":[],"_links":{"self":[{"href":"https:\/\/www.ics.gob.cu\/en\/wp-json\/wp\/v2\/posts\/5889","targetHints":{"allow":["GET"]}}],"collection":[{"href":"https:\/\/www.ics.gob.cu\/en\/wp-json\/wp\/v2\/posts"}],"about":[{"href":"https:\/\/www.ics.gob.cu\/en\/wp-json\/wp\/v2\/types\/post"}],"author":[{"embeddable":true,"href":"https:\/\/www.ics.gob.cu\/en\/wp-json\/wp\/v2\/users\/2"}],"replies":[{"embeddable":true,"href":"https:\/\/www.ics.gob.cu\/en\/wp-json\/wp\/v2\/comments?post=5889"}],"version-history":[{"count":6,"href":"https:\/\/www.ics.gob.cu\/en\/wp-json\/wp\/v2\/posts\/5889\/revisions"}],"predecessor-version":[{"id":5926,"href":"https:\/\/www.ics.gob.cu\/en\/wp-json\/wp\/v2\/posts\/5889\/revisions\/5926"}],"wp:featuredmedia":[{"embeddable":true,"href":"https:\/\/www.ics.gob.cu\/en\/wp-json\/wp\/v2\/media\/5890"}],"wp:attachment":[{"href":"https:\/\/www.ics.gob.cu\/en\/wp-json\/wp\/v2\/media?parent=5889"}],"wp:term":[{"taxonomy":"category","embeddable":true,"href":"https:\/\/www.ics.gob.cu\/en\/wp-json\/wp\/v2\/categories?post=5889"},{"taxonomy":"post_tag","embeddable":true,"href":"https:\/\/www.ics.gob.cu\/en\/wp-json\/wp\/v2\/tags?post=5889"}],"curies":[{"name":"wp","href":"https:\/\/api.w.org\/{rel}","templated":true}]}}