{"id":6094,"date":"2024-10-06T01:00:00","date_gmt":"2024-10-06T01:00:00","guid":{"rendered":"https:\/\/www.ics.gob.cu\/?p=6094"},"modified":"2024-10-06T07:25:46","modified_gmt":"2024-10-06T07:25:46","slug":"crimen-de-barbados-48-anos-en-la-memoria-de-un-pueblo","status":"publish","type":"post","link":"https:\/\/www.ics.gob.cu\/en\/crimen-de-barbados-48-anos-en-la-memoria-de-un-pueblo\/","title":{"rendered":"Crimen de Barbados: 48 a\u00f1os en la memoria de un pueblo"},"content":{"rendered":"<div class=\"pdfprnt-buttons pdfprnt-buttons-post pdfprnt-top-right\"><a href=\"https:\/\/www.ics.gob.cu\/en\/wp-json\/wp\/v2\/posts\/6094?print=print\" class=\"pdfprnt-button pdfprnt-button-print\" target=\"_blank\" ><img decoding=\"async\" src=\"https:\/\/www.ics.gob.cu\/wp-content\/plugins\/pdf-print\/images\/print.png\" alt=\"image_print\" title=\"Print Content\" \/><\/a><\/div>\n<p><strong>El 6 de octubre de 1976 quedar\u00e1 marcado en la historia como la fecha donde la cobard\u00eda y el cinismo de unos pocos hicieron volar un avi\u00f3n lleno de personas inocentes, una buena parte de ellos, el relevo de la esgrima en la Mayor de las Antillas.<\/strong><\/p>\n\n\n\n<p>Ese vil acto de terrorismo, patrocinado por la Agencia Central de Inteligencia (CIA), demostr\u00f3 que el gobierno de los Estados Unidos y la mafia anticubana estaban dispuestos a todo para da\u00f1ar la Revoluci\u00f3n.<\/p>\n\n\n\n<figure class=\"wp-block-image size-full\"><img loading=\"lazy\" decoding=\"async\" width=\"1024\" height=\"564\" src=\"https:\/\/www.ics.gob.cu\/wp-content\/uploads\/2024\/10\/4_20241005_205336_0003.png\" alt=\"\" class=\"wp-image-6096\" srcset=\"https:\/\/www.ics.gob.cu\/wp-content\/uploads\/2024\/10\/4_20241005_205336_0003.png 1024w, https:\/\/www.ics.gob.cu\/wp-content\/uploads\/2024\/10\/4_20241005_205336_0003-300x165.png 300w, https:\/\/www.ics.gob.cu\/wp-content\/uploads\/2024\/10\/4_20241005_205336_0003-768x423.png 768w\" sizes=\"auto, (max-width: 1024px) 100vw, 1024px\" \/><\/figure>\n\n\n\n<p>El Crimen de Barbados no deja de doler, jam\u00e1s lo har\u00e1. El fat\u00eddico acontecimiento forma un recuerdo gris en las mentes de los familiares de las v\u00edctimas y un pedazo de coraz\u00f3n descompuesto para los que no los conocimos pero sentimos en rojo, blanco y azul, los colores de nuestra bandera.<\/p>\n\n\n\n<p>El equipo cubano de esgrima, formado por 24 integrantes, la mayor\u00eda en edad juvenil, regresaba a la Patria despu\u00e9s de la proeza. Los biso\u00f1os reyes de la espada, el sable y el florete consiguieron todas las medallas de oro puestas en disputa en el Campeonato Centroamericano y del Caribe, el futuro estaba garantizado.<\/p>\n\n\n\n<figure class=\"wp-block-image size-full\"><img loading=\"lazy\" decoding=\"async\" width=\"1024\" height=\"564\" src=\"https:\/\/www.ics.gob.cu\/wp-content\/uploads\/2024\/10\/3_20241005_205336_0002.png\" alt=\"\" class=\"wp-image-6097\" srcset=\"https:\/\/www.ics.gob.cu\/wp-content\/uploads\/2024\/10\/3_20241005_205336_0002.png 1024w, https:\/\/www.ics.gob.cu\/wp-content\/uploads\/2024\/10\/3_20241005_205336_0002-300x165.png 300w, https:\/\/www.ics.gob.cu\/wp-content\/uploads\/2024\/10\/3_20241005_205336_0002-768x423.png 768w\" sizes=\"auto, (max-width: 1024px) 100vw, 1024px\" \/><\/figure>\n\n\n\n<p>No obstante, la tragedia ten\u00eda otros planes. El desplome del vuelo CU-455 de Cubana de Aviaci\u00f3n quebr\u00f3 en pedazos la existencia de 73 personas inocentes, destruy\u00f3 familias, evit\u00f3 el reencuentro entre madres e hijos, nietos y abuelos, entre hermanos, entre una naci\u00f3n y sus hijos pr\u00f3digos.<\/p>\n\n\n\n<p>Cuba siempre ha mostrado su rechazo incondicional al terrorismo en cualquiera de sus manifestaciones. El sufrimiento de nuestro pueblo ante estos acontecimientos ha sido enorme, pero como expres\u00f3 nuestro Comandante en Jefe, Fidel Castro: \u201cCuando un pueblo en\u00e9rgico y viril llora, la injusticia tiembla\u201d.<\/p>\n\n\n\n<figure class=\"wp-block-image size-full\"><img loading=\"lazy\" decoding=\"async\" width=\"1024\" height=\"564\" src=\"https:\/\/www.ics.gob.cu\/wp-content\/uploads\/2024\/10\/1_20241005_205335_0000.png\" alt=\"\" class=\"wp-image-6098\" srcset=\"https:\/\/www.ics.gob.cu\/wp-content\/uploads\/2024\/10\/1_20241005_205335_0000.png 1024w, https:\/\/www.ics.gob.cu\/wp-content\/uploads\/2024\/10\/1_20241005_205335_0000-300x165.png 300w, https:\/\/www.ics.gob.cu\/wp-content\/uploads\/2024\/10\/1_20241005_205335_0000-768x423.png 768w\" sizes=\"auto, (max-width: 1024px) 100vw, 1024px\" \/><\/figure>\n\n\n\n<p>Hoy, el mismo gobierno que patrocin\u00f3 aquella barbarie, nos incluye en una espuria lista de supuestos pa\u00edses patrocinadores del terrorismo. Otra injusticia que ha sido denunciada por numerosas naciones del mundo.<\/p>\n\n\n\n<p>El tiempo no ha podido borrar la triste p\u00e1gina que representa el crimen de Barbados. Lo sentimos tan reciente como en aquel multitudinario sepelio de las v\u00edctimas. Todo el pueblo de esta Isla, cuya libertad ha estado ba\u00f1ada en valerosa sangre, os sigue contemplando orgulloso.<\/p>\n<div class=\"pld-like-dislike-wrap pld-template-1\">\r\n    <div class=\"pld-like-wrap  pld-common-wrap\">\r\n    <a href=\"javascript:void(0)\" class=\"pld-like-trigger pld-like-dislike-trigger\" title=\"\" data-post-id=\"6094\" data-trigger-type=\"like\" data-restriction=\"cookie\" data-already-liked=\"0\">\r\n                        <i class=\"fas fa-thumbs-up\"><\/i>\r\n                <\/a>\r\n    <span class=\"pld-like-count-wrap pld-count-wrap\">1    <\/span>\r\n<\/div><div class=\"pld-dislike-wrap  pld-common-wrap\">\r\n    <a href=\"javascript:void(0)\" class=\"pld-dislike-trigger pld-like-dislike-trigger\" title=\"\" data-post-id=\"6094\" data-trigger-type=\"dislike\" data-restriction=\"cookie\" data-already-liked=\"0\">\r\n                        <i class=\"fas fa-thumbs-down\"><\/i>\r\n                <\/a>\r\n    <span class=\"pld-dislike-count-wrap pld-count-wrap\">0<\/span>\r\n<\/div><\/div>","protected":false},"excerpt":{"rendered":"<p>El 6 de octubre de 1976 quedar\u00e1 marcado en la historia como la fecha donde la cobard\u00eda y el cinismo de unos pocos hicieron volar un avi\u00f3n lleno de personas inocentes, una buena parte de ellos, el relevo de la esgrima en la Mayor de las Antillas. Ese vil acto de terrorismo, patrocinado por la [&hellip;]<\/p>\n","protected":false},"author":6,"featured_media":6095,"comment_status":"open","ping_status":"open","sticky":false,"template":"","format":"standard","meta":{"_bbp_topic_count":0,"_bbp_reply_count":0,"_bbp_total_topic_count":0,"_bbp_total_reply_count":0,"_bbp_voice_count":0,"_bbp_anonymous_reply_count":0,"_bbp_topic_count_hidden":0,"_bbp_reply_count_hidden":0,"_bbp_forum_subforum_count":0,"_glsr_average":0,"_glsr_ranking":0,"_glsr_reviews":0,"footnotes":""},"categories":[10],"tags":[7,63,39,64],"class_list":["post-6094","post","type-post","status-publish","format-standard","has-post-thumbnail","hentry","category-nacionales","tag-cuba","tag-fidel-castro","tag-ics","tag-revolucion-cubana"],"acf":[],"_links":{"self":[{"href":"https:\/\/www.ics.gob.cu\/en\/wp-json\/wp\/v2\/posts\/6094","targetHints":{"allow":["GET"]}}],"collection":[{"href":"https:\/\/www.ics.gob.cu\/en\/wp-json\/wp\/v2\/posts"}],"about":[{"href":"https:\/\/www.ics.gob.cu\/en\/wp-json\/wp\/v2\/types\/post"}],"author":[{"embeddable":true,"href":"https:\/\/www.ics.gob.cu\/en\/wp-json\/wp\/v2\/users\/6"}],"replies":[{"embeddable":true,"href":"https:\/\/www.ics.gob.cu\/en\/wp-json\/wp\/v2\/comments?post=6094"}],"version-history":[{"count":2,"href":"https:\/\/www.ics.gob.cu\/en\/wp-json\/wp\/v2\/posts\/6094\/revisions"}],"predecessor-version":[{"id":6100,"href":"https:\/\/www.ics.gob.cu\/en\/wp-json\/wp\/v2\/posts\/6094\/revisions\/6100"}],"wp:featuredmedia":[{"embeddable":true,"href":"https:\/\/www.ics.gob.cu\/en\/wp-json\/wp\/v2\/media\/6095"}],"wp:attachment":[{"href":"https:\/\/www.ics.gob.cu\/en\/wp-json\/wp\/v2\/media?parent=6094"}],"wp:term":[{"taxonomy":"category","embeddable":true,"href":"https:\/\/www.ics.gob.cu\/en\/wp-json\/wp\/v2\/categories?post=6094"},{"taxonomy":"post_tag","embeddable":true,"href":"https:\/\/www.ics.gob.cu\/en\/wp-json\/wp\/v2\/tags?post=6094"}],"curies":[{"name":"wp","href":"https:\/\/api.w.org\/{rel}","templated":true}]}}