{"id":6187,"date":"2024-10-07T17:00:06","date_gmt":"2024-10-07T17:00:06","guid":{"rendered":"https:\/\/www.ics.gob.cu\/?p=6187"},"modified":"2024-10-07T17:44:52","modified_gmt":"2024-10-07T17:44:52","slug":"la-gestion-del-ics-y-sus-desafios","status":"publish","type":"post","link":"https:\/\/www.ics.gob.cu\/en\/la-gestion-del-ics-y-sus-desafios\/","title":{"rendered":"La gesti\u00f3n del ICS y sus desaf\u00edos"},"content":{"rendered":"<div class=\"pdfprnt-buttons pdfprnt-buttons-post pdfprnt-top-right\"><a href=\"https:\/\/www.ics.gob.cu\/en\/wp-json\/wp\/v2\/posts\/6187?print=print\" class=\"pdfprnt-button pdfprnt-button-print\" target=\"_blank\" ><img decoding=\"async\" src=\"https:\/\/www.ics.gob.cu\/wp-content\/plugins\/pdf-print\/images\/print.png\" alt=\"image_print\" title=\"Print Content\" \/><\/a><\/div>\n<p><strong>Durante tres d\u00edas, la Universidad del Partido Comunista de Cuba, \u00ab\u00d1ico L\u00f3pez\u00bb acogi\u00f3 el Seminario de capacitaci\u00f3n \u00abLa Comunicaci\u00f3n Social en Cuba: desaf\u00edos en el contexto actual\u00bb, que concluy\u00f3 el viernes \u00faltimo, coincidiendo con la entrada en vigor de la Ley 162 \u00abDe Comunicaci\u00f3n Social\u00bb y sus disposiciones normativas complementarias.<\/strong><\/p>\n\n\n\n<p>Con la participaci\u00f3n de los jefes de departamentos ideol\u00f3gicos de los Comit\u00e9s Provinciales del PCC, directivos del <a href=\"https:\/\/www.facebook.com\/share\/18Nmqacdr2\/\"><mark style=\"background-color:rgba(0, 0, 0, 0)\" class=\"has-inline-color has-vivid-cyan-blue-color\">Instituto de Informaci\u00f3n y Comunicaci\u00f3n Social (ICS)<\/mark><\/a> en su estructura central y de las provincias, de los medios fundamentales de comunicaci\u00f3n social, la Uni\u00f3n de Periodistas de Cuba y la Asociaci\u00f3n Cubana de Comunicadores Sociales, el encuentro sirvi\u00f3 para delinear el camino a seguir en pos de la implementaci\u00f3n efectiva del nuevo cuerpo normativo.<\/p>\n\n\n\n<figure class=\"wp-block-image size-full\"><img loading=\"lazy\" decoding=\"async\" width=\"1024\" height=\"564\" src=\"https:\/\/www.ics.gob.cu\/wp-content\/uploads\/2024\/10\/4_20241007_120837_0003.png\" alt=\"\" class=\"wp-image-6191\" srcset=\"https:\/\/www.ics.gob.cu\/wp-content\/uploads\/2024\/10\/4_20241007_120837_0003.png 1024w, https:\/\/www.ics.gob.cu\/wp-content\/uploads\/2024\/10\/4_20241007_120837_0003-300x165.png 300w, https:\/\/www.ics.gob.cu\/wp-content\/uploads\/2024\/10\/4_20241007_120837_0003-768x423.png 768w\" sizes=\"auto, (max-width: 1024px) 100vw, 1024px\" \/><\/figure>\n\n\n\n<p>En la \u00faltima jornada, el presidente del ICS, <a href=\"https:\/\/twitter.com\/alfonso_noya?t=X0YLZcUGtuxJ_RCAcekHmw&amp;s=09\"><mark style=\"background-color:rgba(0, 0, 0, 0)\" class=\"has-inline-color has-vivid-cyan-blue-color\">Alfonso Noya Martinez<\/mark><\/a>, se\u00f1al\u00f3 como prioridad de trabajo en una etapa inmediata la <strong>Gesti\u00f3n Interna del organismo<\/strong>, entre lo cual se incluye el completamiento del personal -tanto los cuadros como trabajadores en general-, la preparaci\u00f3n integral y elevaci\u00f3n de competencias, el cumplimiento de los procedimientos aprobados para que los tr\u00e1mites de cara a la poblaci\u00f3n sean realmente \u00e1giles y eficientes, la continuidad de los procesos de regulaci\u00f3n y el inicio de las acciones relacionadas al control y la inspecci\u00f3n.<\/p>\n\n\n\n<p>Asimismo, deber\u00e1n evaluarse los resultados de la implementaci\u00f3n de la <a href=\"https:\/\/www.ics.gob.cu\/wp-content\/uploads\/2024\/06\/goc-2024-o48.pdf\"><mark style=\"background-color:rgba(0, 0, 0, 0)\" class=\"has-inline-color has-vivid-cyan-blue-color\">Ley 162<\/mark><\/a> y las normas que la instrumentan a partir de indicadores que tributen verdadera y visiblemente a garantizar el ejercicio y desarrollo de los derechos de las personas refrendados en la Constituci\u00f3n de la Rep\u00fablica.<\/p>\n\n\n\n<p>El fomento gradual de la cultura organizacional, el fortalecimiento de la comunicaci\u00f3n institucional, la implementaci\u00f3n de una propuesta de reorganizacion de los Sistemas de la Radio y la TV y el crecimiento paulatino de la infraestructura deber\u00e1n ser tambi\u00e9n l\u00edneas de trabajo como parte de la gesti\u00f3n interna de la organizaci\u00f3n.<\/p>\n\n\n\n<figure class=\"wp-block-image size-full\"><img loading=\"lazy\" decoding=\"async\" width=\"1024\" height=\"564\" src=\"https:\/\/www.ics.gob.cu\/wp-content\/uploads\/2024\/10\/3_20241007_120837_0002.png\" alt=\"\" class=\"wp-image-6190\" srcset=\"https:\/\/www.ics.gob.cu\/wp-content\/uploads\/2024\/10\/3_20241007_120837_0002.png 1024w, https:\/\/www.ics.gob.cu\/wp-content\/uploads\/2024\/10\/3_20241007_120837_0002-300x165.png 300w, https:\/\/www.ics.gob.cu\/wp-content\/uploads\/2024\/10\/3_20241007_120837_0002-768x423.png 768w\" sizes=\"auto, (max-width: 1024px) 100vw, 1024px\" \/><\/figure>\n\n\n\n<p>Otra prioridad &#8211; especific\u00f3 Noya Martinez &#8211; ser\u00e1 la necesaria <strong>articulaci\u00f3n con los gobiernos territoriales<\/strong> para el di\u00e1logo y esclarecimiento sobre la misi\u00f3n y funciones de las estructuras provinciales y municipales del ICS, el completamiento y preparaci\u00f3n del personal y el mejoramiento de las condiciones materiales para garantizar el trabajo.<\/p>\n\n\n\n<p>El presidente del ICS refiri\u00f3, adem\u00e1s, que es imprescindible el <strong>di\u00e1logo sobre el marco regulatorio aprobado con los diferentes actores econ\u00f3micos y sociales<\/strong>, que implica no solo el intercambio con el sistema empresarial estatal, sino tambi\u00e9n el acercamiento al sector no estatal, encuentros con actores sociales y el incremento del v\u00ednculo con las organizaciones medi\u00e1ticas.<\/p>\n\n\n\n<p>Por otra parte, se implementar\u00e1 un <strong>Plan de acci\u00f3n para fortalecer la gesti\u00f3n de la comunicaci\u00f3n social en los \u00f3rganos, organismos y entidades del Estado<\/strong>, continuando con la capacitaci\u00f3n a directivos y funcionarios en las diferentes instancias de direcci\u00f3n, programas de recalificaci\u00f3n para Comunicadores en ejercicio que lo demanden, seguimiento al establecimiento de formas organizativas para gestionar la comunicaci\u00f3n social, reevaluar los calificadores de cargos vigentes para los profesionales que la ejercen, as\u00ed como la transformaci\u00f3n del proceso de demanda de profesiones y el plan de ingreso a la <a href=\"https:\/\/twitter.com\/CubaMES?t=m2SS4jMYW7QZA9EZKjG4TQ&amp;s=09\"><mark style=\"background-color:rgba(0, 0, 0, 0)\" class=\"has-inline-color has-vivid-cyan-blue-color\">Educaci\u00f3n Superior<\/mark><\/a>.<\/p>\n\n\n\n<figure class=\"wp-block-image size-full\"><img loading=\"lazy\" decoding=\"async\" width=\"1024\" height=\"564\" src=\"https:\/\/www.ics.gob.cu\/wp-content\/uploads\/2024\/10\/2_20241007_120837_0001.png\" alt=\"\" class=\"wp-image-6192\" srcset=\"https:\/\/www.ics.gob.cu\/wp-content\/uploads\/2024\/10\/2_20241007_120837_0001.png 1024w, https:\/\/www.ics.gob.cu\/wp-content\/uploads\/2024\/10\/2_20241007_120837_0001-300x165.png 300w, https:\/\/www.ics.gob.cu\/wp-content\/uploads\/2024\/10\/2_20241007_120837_0001-768x423.png 768w\" sizes=\"auto, (max-width: 1024px) 100vw, 1024px\" \/><\/figure>\n\n\n\n<p>Law <strong>implementaci\u00f3n del Programa de Educaci\u00f3n para la Comunicaci\u00f3n<\/strong> continuar\u00e1 siendo una prioridad, para lo cual deber\u00e1n establecerse alianzas con diferentes actores nacionales y organizaciones extranjeras, desarrollar la preparaci\u00f3n medi\u00e1tica e informacional para docentes, la realizaci\u00f3n de talleres e intercambio sobre comunicaci\u00f3n organizacional y comunitaria, la materializaci\u00f3n de acciones de preparaci\u00f3n espec\u00edfica para directivos, Comunicadores y voceros, el fomento de una cultura digital responsable.<\/p>\n\n\n\n<p>Estas y otras acciones que se definan puntualmente contribuir\u00e1n, sin dudas, al <strong>avance y posicionamiento del organismo<\/strong> en el cumplimiento de su funci\u00f3n estatal y as\u00ed lograr una mayor influencia en la sociedad que contribuya a:<\/p>\n\n\n\n<ul class=\"wp-block-list\">\n<li>Ampliar el acceso de las personas a la informaci\u00f3n;<\/li>\n\n\n\n<li>Promover la transparencia y rendici\u00f3n de cuenta de los servidores p\u00fablicos sobre su gesti\u00f3n;<\/li>\n\n\n\n<li>Estimular la participaci\u00f3n y control popular;<\/li>\n\n\n\n<li>Incentivar el despliegue creativo de nuevas narrativas sobre nuestra cotidianidad;<\/li>\n\n\n\n<li>Fomentar la cultura del di\u00e1logo a nivel social;<\/li>\n\n\n\n<li>Fortalecer el consenso y la unidad de la naci\u00f3n, garant\u00edas de las defensa y continuidad del Estado Socialista de derecho y justicia social.<\/li>\n<\/ul>\n\n\n\n<p>Como se ha insistido por estos d\u00edas, el camino comienza ahora. Los retos y desaf\u00edos no son pocos, pero existe voluntad, entendimiento, acompa\u00f1amiento a todos los niveles para conducir, impulsar y fortalecer la gesti\u00f3n estrat\u00e9gica e integrada del sistema de comunicaci\u00f3n social en Cuba.<\/p>\n<div class=\"pld-like-dislike-wrap pld-template-1\">\r\n    <div class=\"pld-like-wrap  pld-common-wrap\">\r\n    <a href=\"javascript:void(0)\" class=\"pld-like-trigger pld-like-dislike-trigger\" title=\"\" data-post-id=\"6187\" data-trigger-type=\"like\" data-restriction=\"cookie\" data-already-liked=\"0\">\r\n                        <i class=\"fas fa-thumbs-up\"><\/i>\r\n                <\/a>\r\n    <span class=\"pld-like-count-wrap pld-count-wrap\">3    <\/span>\r\n<\/div><div class=\"pld-dislike-wrap  pld-common-wrap\">\r\n    <a href=\"javascript:void(0)\" class=\"pld-dislike-trigger pld-like-dislike-trigger\" title=\"\" data-post-id=\"6187\" data-trigger-type=\"dislike\" data-restriction=\"cookie\" data-already-liked=\"0\">\r\n                        <i class=\"fas fa-thumbs-down\"><\/i>\r\n                <\/a>\r\n    <span class=\"pld-dislike-count-wrap pld-count-wrap\">0<\/span>\r\n<\/div><\/div>","protected":false},"excerpt":{"rendered":"<p>Durante tres d\u00edas, la Universidad del Partido Comunista de Cuba, \u00ab\u00d1ico L\u00f3pez\u00bb acogi\u00f3 el Seminario de capacitaci\u00f3n \u00abLa Comunicaci\u00f3n Social en Cuba: desaf\u00edos en el contexto actual\u00bb, que concluy\u00f3 el viernes \u00faltimo, coincidiendo con la entrada en vigor de la Ley 162 \u00abDe Comunicaci\u00f3n Social\u00bb y sus disposiciones normativas complementarias. Con la participaci\u00f3n de los [&hellip;]<\/p>\n","protected":false},"author":8,"featured_media":6189,"comment_status":"open","ping_status":"open","sticky":false,"template":"","format":"standard","meta":{"_bbp_topic_count":0,"_bbp_reply_count":0,"_bbp_total_topic_count":0,"_bbp_total_reply_count":0,"_bbp_voice_count":0,"_bbp_anonymous_reply_count":0,"_bbp_topic_count_hidden":0,"_bbp_reply_count_hidden":0,"_bbp_forum_subforum_count":0,"_glsr_average":0,"_glsr_ranking":0,"_glsr_reviews":0,"footnotes":""},"categories":[10],"tags":[47,7,59,39],"class_list":["post-6187","post","type-post","status-publish","format-standard","has-post-thumbnail","hentry","category-nacionales","tag-comunicacion-social","tag-cuba","tag-educacion-para-la-comunicacion","tag-ics"],"acf":[],"_links":{"self":[{"href":"https:\/\/www.ics.gob.cu\/en\/wp-json\/wp\/v2\/posts\/6187","targetHints":{"allow":["GET"]}}],"collection":[{"href":"https:\/\/www.ics.gob.cu\/en\/wp-json\/wp\/v2\/posts"}],"about":[{"href":"https:\/\/www.ics.gob.cu\/en\/wp-json\/wp\/v2\/types\/post"}],"author":[{"embeddable":true,"href":"https:\/\/www.ics.gob.cu\/en\/wp-json\/wp\/v2\/users\/8"}],"replies":[{"embeddable":true,"href":"https:\/\/www.ics.gob.cu\/en\/wp-json\/wp\/v2\/comments?post=6187"}],"version-history":[{"count":4,"href":"https:\/\/www.ics.gob.cu\/en\/wp-json\/wp\/v2\/posts\/6187\/revisions"}],"predecessor-version":[{"id":6202,"href":"https:\/\/www.ics.gob.cu\/en\/wp-json\/wp\/v2\/posts\/6187\/revisions\/6202"}],"wp:featuredmedia":[{"embeddable":true,"href":"https:\/\/www.ics.gob.cu\/en\/wp-json\/wp\/v2\/media\/6189"}],"wp:attachment":[{"href":"https:\/\/www.ics.gob.cu\/en\/wp-json\/wp\/v2\/media?parent=6187"}],"wp:term":[{"taxonomy":"category","embeddable":true,"href":"https:\/\/www.ics.gob.cu\/en\/wp-json\/wp\/v2\/categories?post=6187"},{"taxonomy":"post_tag","embeddable":true,"href":"https:\/\/www.ics.gob.cu\/en\/wp-json\/wp\/v2\/tags?post=6187"}],"curies":[{"name":"wp","href":"https:\/\/api.w.org\/{rel}","templated":true}]}}