{"id":6264,"date":"2024-10-14T06:00:00","date_gmt":"2024-10-14T06:00:00","guid":{"rendered":"https:\/\/www.ics.gob.cu\/?p=6264"},"modified":"2024-10-13T21:46:32","modified_gmt":"2024-10-13T21:46:32","slug":"que-no-se-apague-el-grito-de-resistencia-por-palestina","status":"publish","type":"post","link":"https:\/\/www.ics.gob.cu\/en\/que-no-se-apague-el-grito-de-resistencia-por-palestina\/","title":{"rendered":"Que no se apague el grito de resistencia por Palestina"},"content":{"rendered":"<div class=\"pdfprnt-buttons pdfprnt-buttons-post pdfprnt-top-right\"><a href=\"https:\/\/www.ics.gob.cu\/en\/wp-json\/wp\/v2\/posts\/6264?print=print\" class=\"pdfprnt-button pdfprnt-button-print\" target=\"_blank\" ><img decoding=\"async\" src=\"https:\/\/www.ics.gob.cu\/wp-content\/plugins\/pdf-print\/images\/print.png\" alt=\"image_print\" title=\"Print Content\" \/><\/a><\/div>\n<p><strong>Por: Da\u00edna Caballero Trujillo<\/strong>.<\/p>\n\n\n\n<p><strong>Un a\u00f1o de extrema violencia ha dejado heridas profundas en la vida de cada palestino y en una sociedad entera, su cultura, idiosincrasia, derecho a la soberan\u00eda y autodeterminaci\u00f3n.<\/strong><\/p>\n\n\n\n<p>Miles de muertos, millones de desplazados, decenas de rehenes y una infraestructura en ruinas conforman el escenario de destrucci\u00f3n in\u00e9dito en la historia m\u00e1s reciente.<\/p>\n\n\n\n<p>Las v\u00edctimas alcanzan todas las capas de una sociedad: ni\u00f1os, mujeres, ancianos, hombres, trabajadores humanitarios, m\u00e9dicos, periodistas.<\/p>\n\n\n\n<p>La barbarie de la mano de intereses mezquinos y ansias de poder imperial han decidido exterminar y colonizar el buen vivir de la humanidad moderna; y buena parte del mundo se queda mudo, inm\u00f3vil, mira al lado, decide no opinar. Solo unos pocos hacen de la palabra &#8216;resistencia&#8217; el s\u00edmbolo de lucha que les mueve para alzar la voz por la paz y contra la injusticia.<\/p>\n\n\n\n<figure class=\"wp-block-image size-full\"><img loading=\"lazy\" decoding=\"async\" width=\"1024\" height=\"564\" src=\"https:\/\/www.ics.gob.cu\/wp-content\/uploads\/2024\/10\/20241013_170415_0001-1.png\" alt=\"\" class=\"wp-image-6268\" srcset=\"https:\/\/www.ics.gob.cu\/wp-content\/uploads\/2024\/10\/20241013_170415_0001-1.png 1024w, https:\/\/www.ics.gob.cu\/wp-content\/uploads\/2024\/10\/20241013_170415_0001-1-300x165.png 300w, https:\/\/www.ics.gob.cu\/wp-content\/uploads\/2024\/10\/20241013_170415_0001-1-768x423.png 768w\" sizes=\"auto, (max-width: 1024px) 100vw, 1024px\" \/><\/figure>\n\n\n\n<p><strong>Un genocidio en n\u00fameros<\/strong><\/p>\n\n\n\n<p>La crisis humanitaria se agrava cada d\u00eda en el Medio Oriente y el futuro se muestra sombr\u00edo entre amenazas, bombardeos e incertidumbre.<\/p>\n\n\n\n<p>En un a\u00f1o de guerra, cerca de 42 mil personas han sido asesinadas en la Franja de Gaza por los ataques del Ej\u00e9rcito de Israel, lo que significa, seg\u00fan los datos recabados, que a diario aproximadamente 115 personas han muerto en Gaza debido a los ataques y que un estimado de cinco personas han sido asesinadas cada hora.<\/p>\n\n\n\n<p>Una madre bajo los escombros y el lodo con su cr\u00eda en brazos, ambas muertas. Esta ha sido una de las muchas im\u00e1genes que ha dado la vuelta al mundo y que deja asombro entre quienes miran. Sin embargo, es solo una de los miles de madres y ni\u00f1os cuyas vidas han sido arrebatadas por los intereses imperiales.<\/p>\n\n\n\n<p>La organizaci\u00f3n Save The Children estimaba en enero que 10 ni\u00f1os por d\u00eda han perdido extremidades desde que comenz\u00f3 la guerra.<\/p>\n\n\n\n<p>Asimismo, los informes de las Naciones Unidas sobre los infantes y los conflictos armados de los \u00faltimos 18 a\u00f1os muestran que ning\u00fan otro ha asesinado a un n\u00famero mayor de ni\u00f1os en un a\u00f1o, estimando m\u00e1s de 16 mil 500.<\/p>\n\n\n\n<p>En tan solo 12 meses, el seis por ciento de la poblaci\u00f3n de la Franja de Gaza ha muerto o ha sido herida, seg\u00fan la <a href=\"https:\/\/twitter.com\/WHO?t=x1aH_oFtiJXtuBYpFjUVJg&amp;s=09\"><mark style=\"background-color:rgba(0, 0, 0, 0)\" class=\"has-inline-color has-vivid-cyan-blue-color\">Organizaci\u00f3n Mundial de la Salud (OMS)<\/mark><\/a> y cerca del 60 por ciento de las v\u00edctimas son mujeres y ni\u00f1os.<\/p>\n\n\n\n<p>Por otra parte, nueve de cada 10 gazat\u00edes han tenido que desplazarse de sus hogares al menos una vez desde que comenz\u00f3 el conflicto. De acuerdo con la Organizaci\u00f3n de Naciones Unidas (ONU), casi 2 millones de los 2,4 millones de habitantes del enclave palestino han tenido que abandonar sus hogares.<\/p>\n\n\n\n<p>El silencio informativo que tambi\u00e9n han intentado imponer quienes perpetran el terror en todas sus formas en esta masacre de la libertad que es la guerra contra Palestina, ha sido otra muestra de la violaci\u00f3n en toda regla de los m\u00e1s b\u00e1sicos derechos humanos.<\/p>\n\n\n\n<p>En este sentido, al menos 116 periodistas han sido asesinados, seg\u00fan el Comit\u00e9 para la Protecci\u00f3n de los Periodistas (CPJ); lo que convierte este conflicto b\u00e9lico en el m\u00e1s mort\u00edfero para los comunicadores desde que dicho centro comenz\u00f3 a recopilar datos en 1992.<\/p>\n\n\n\n<p>Por su parte, el conteo de Reporteros Sin Fronteras, habla de m\u00e1s de 130 periodistas palestinos asesinados en un a\u00f1o, de los cuales al menos 32 fueron atacados mientras realizaban su labor.<\/p>\n\n\n\n<p>Israel ya no solo lanza bombas desde el aire, ahora tambi\u00e9n juega a ser due\u00f1o y se\u00f1or de cada espacio y cada vida. As\u00ed despliega una nueva fase de destrucci\u00f3n en el norte de Gaza, donde impide la entrada de ayuda humanitaria, expulsa a la poblaci\u00f3n, ordena el cierre de hospitales y dispara a civiles. Relatores y expertos hablan de genocidio, pero \u00bfqu\u00e9 hacemos?<\/p>\n\n\n\n<figure class=\"wp-block-image size-full\"><img loading=\"lazy\" decoding=\"async\" width=\"1024\" height=\"564\" src=\"https:\/\/www.ics.gob.cu\/wp-content\/uploads\/2024\/10\/20241013_170415_0000.png\" alt=\"\" class=\"wp-image-6267\" srcset=\"https:\/\/www.ics.gob.cu\/wp-content\/uploads\/2024\/10\/20241013_170415_0000.png 1024w, https:\/\/www.ics.gob.cu\/wp-content\/uploads\/2024\/10\/20241013_170415_0000-300x165.png 300w, https:\/\/www.ics.gob.cu\/wp-content\/uploads\/2024\/10\/20241013_170415_0000-768x423.png 768w\" sizes=\"auto, (max-width: 1024px) 100vw, 1024px\" \/><\/figure>\n\n\n\n<p><strong>Que el silencio no sea c\u00f3mplice<\/strong><\/p>\n\n\n\n<p>Delante de nuestros ojos, mientras hablamos, escribimos, caminamos, vivimos, las fuerzas israel\u00edes est\u00e1n cometiendo otra masacre. La gente es asesinada, tanto en grupos como de uno en uno, selectivamente, con armas fabricadas en Occidente y con apoyo occidental, en especial de los Estados Unidos.<\/p>\n\n\n\n<p>El derecho internacional humanitario se est\u00e1 erosionando ante nuestros ojos bajo el peso de estos poderosos golpes, asestados adem\u00e1s por un gobierno que trata de solapar su dependencia y continua obediencia de otros focos imperiales ya bien experimentados en guerras y masacres de este tipo.<\/p>\n\n\n\n<p>Y s\u00ed, el mundo sabe lo que est\u00e1 haciendo Israel, conoce los da\u00f1os y las consecuencias, sabe de violaciones internacionales y derechos suprimidos a la fuerza pero hace muy poco para detenerlo.<\/p>\n\n\n\n<p>Defender a Palestina y su derecho a la vida, a su independencia, es proteger el derecho a la existencia. Es una batalla crucial entre el fascismo, el colonialismo, el sionismo y el derecho a la soberan\u00eda y la diversidad cultural y \u00e9tnica.<\/p>\n\n\n\n<p>\u00abPalestina duele, y nos tiene que doler todos los d\u00edas que no hagamos algo por ella. All\u00ed se define hoy la lucha mundial por la justicia y la dignidad. Sobre quienes se empe\u00f1an en permanecer indiferentes caer\u00e1 el peso de la historia. Cuba seguir\u00e1 en el bando de los inconformes\u00bb, expres\u00f3  el presidente de Cuba, <a href=\"https:\/\/twitter.com\/DiazCanelB?t=j0iv-9DldrbHFor-DzwGcQ&amp;s=09\"><mark style=\"background-color:rgba(0, 0, 0, 0)\" class=\"has-inline-color has-vivid-cyan-blue-color\">Miguel D\u00edaz-Canel<\/mark><\/a>, en su cuenta en X, tras reunirse con j\u00f3venes estadounidenses y palestinos, en junio pasado.<\/p>\n\n\n\n<p>Las palabras del mandatario se traducen en el sentir del pueblo cubano, de hombres y mujeres que tambi\u00e9n conocen de guerras y asedios, de irrespeto a su condici\u00f3n suprema de libertad.<\/p>\n\n\n\n<p>Desde hace un a\u00f1o Cuba grita por Palestina, hoy lo har\u00e1 tambi\u00e9n sabiendo que es un grito que entra\u00f1a dolor profundo pero que se vuelve rebeld\u00eda, fuerza y resistencia.<\/p>\n<div class=\"pld-like-dislike-wrap pld-template-1\">\r\n    <div class=\"pld-like-wrap  pld-common-wrap\">\r\n    <a href=\"javascript:void(0)\" class=\"pld-like-trigger pld-like-dislike-trigger\" title=\"\" data-post-id=\"6264\" data-trigger-type=\"like\" data-restriction=\"cookie\" data-already-liked=\"0\">\r\n                        <i class=\"fas fa-thumbs-up\"><\/i>\r\n                <\/a>\r\n    <span class=\"pld-like-count-wrap pld-count-wrap\">0    <\/span>\r\n<\/div><div class=\"pld-dislike-wrap  pld-common-wrap\">\r\n    <a href=\"javascript:void(0)\" class=\"pld-dislike-trigger pld-like-dislike-trigger\" title=\"\" data-post-id=\"6264\" data-trigger-type=\"dislike\" data-restriction=\"cookie\" data-already-liked=\"0\">\r\n                        <i class=\"fas fa-thumbs-down\"><\/i>\r\n                <\/a>\r\n    <span class=\"pld-dislike-count-wrap pld-count-wrap\">0<\/span>\r\n<\/div><\/div>","protected":false},"excerpt":{"rendered":"<p>Por: Da\u00edna Caballero Trujillo. Un a\u00f1o de extrema violencia ha dejado heridas profundas en la vida de cada palestino y en una sociedad entera, su cultura, idiosincrasia, derecho a la soberan\u00eda y autodeterminaci\u00f3n. Miles de muertos, millones de desplazados, decenas de rehenes y una infraestructura en ruinas conforman el escenario de destrucci\u00f3n in\u00e9dito en la [&hellip;]<\/p>\n","protected":false},"author":7,"featured_media":6265,"comment_status":"open","ping_status":"open","sticky":false,"template":"","format":"standard","meta":{"_bbp_topic_count":0,"_bbp_reply_count":0,"_bbp_total_topic_count":0,"_bbp_total_reply_count":0,"_bbp_voice_count":0,"_bbp_anonymous_reply_count":0,"_bbp_topic_count_hidden":0,"_bbp_reply_count_hidden":0,"_bbp_forum_subforum_count":0,"_glsr_average":0,"_glsr_ranking":0,"_glsr_reviews":0,"footnotes":""},"categories":[11],"tags":[47,7,39],"class_list":["post-6264","post","type-post","status-publish","format-standard","has-post-thumbnail","hentry","category-internacionales","tag-comunicacion-social","tag-cuba","tag-ics"],"acf":[],"_links":{"self":[{"href":"https:\/\/www.ics.gob.cu\/en\/wp-json\/wp\/v2\/posts\/6264","targetHints":{"allow":["GET"]}}],"collection":[{"href":"https:\/\/www.ics.gob.cu\/en\/wp-json\/wp\/v2\/posts"}],"about":[{"href":"https:\/\/www.ics.gob.cu\/en\/wp-json\/wp\/v2\/types\/post"}],"author":[{"embeddable":true,"href":"https:\/\/www.ics.gob.cu\/en\/wp-json\/wp\/v2\/users\/7"}],"replies":[{"embeddable":true,"href":"https:\/\/www.ics.gob.cu\/en\/wp-json\/wp\/v2\/comments?post=6264"}],"version-history":[{"count":2,"href":"https:\/\/www.ics.gob.cu\/en\/wp-json\/wp\/v2\/posts\/6264\/revisions"}],"predecessor-version":[{"id":6270,"href":"https:\/\/www.ics.gob.cu\/en\/wp-json\/wp\/v2\/posts\/6264\/revisions\/6270"}],"wp:featuredmedia":[{"embeddable":true,"href":"https:\/\/www.ics.gob.cu\/en\/wp-json\/wp\/v2\/media\/6265"}],"wp:attachment":[{"href":"https:\/\/www.ics.gob.cu\/en\/wp-json\/wp\/v2\/media?parent=6264"}],"wp:term":[{"taxonomy":"category","embeddable":true,"href":"https:\/\/www.ics.gob.cu\/en\/wp-json\/wp\/v2\/categories?post=6264"},{"taxonomy":"post_tag","embeddable":true,"href":"https:\/\/www.ics.gob.cu\/en\/wp-json\/wp\/v2\/tags?post=6264"}],"curies":[{"name":"wp","href":"https:\/\/api.w.org\/{rel}","templated":true}]}}