{"id":6331,"date":"2024-11-14T14:49:46","date_gmt":"2024-11-14T14:49:46","guid":{"rendered":"https:\/\/www.ics.gob.cu\/?p=6331"},"modified":"2024-11-14T15:15:33","modified_gmt":"2024-11-14T15:15:33","slug":"no-hay-dias-duros-ante-la-fuerza-de-la-verdad-y-la-solidaridad","status":"publish","type":"post","link":"https:\/\/www.ics.gob.cu\/en\/no-hay-dias-duros-ante-la-fuerza-de-la-verdad-y-la-solidaridad\/","title":{"rendered":"No hay d\u00edas duros ante la fuerza de la verdad y la solidaridad"},"content":{"rendered":"<div class=\"pdfprnt-buttons pdfprnt-buttons-post pdfprnt-top-right\"><a href=\"https:\/\/www.ics.gob.cu\/en\/wp-json\/wp\/v2\/posts\/6331?print=print\" class=\"pdfprnt-button pdfprnt-button-print\" target=\"_blank\" ><img decoding=\"async\" src=\"https:\/\/www.ics.gob.cu\/wp-content\/plugins\/pdf-print\/images\/print.png\" alt=\"image_print\" title=\"Print Content\" \/><\/a><\/div>\n<p>El s\u00e1bado 19 de octubre del 2024&nbsp;el Hurac\u00e1n Oscar llegaba a la provincia m\u00e1s&nbsp;oriental de Cuba, Guant\u00e1namo, dejando profundas afectaciones en varios de sus municipios y un triste saldo de ocho muertes. D\u00edas antes todo el pa\u00eds hab\u00eda quedado sin electricidad debido a la ca\u00edda del Sistema El\u00e9ctrico Nacional.<\/p>\n\n\n\n<p>El mi\u00e9rcoles 6 de noviembre otro hurac\u00e1n azotaba la Isla, esta vez por el occidente. Artemisa, Mayabeque, La Habana y algunas zonas de Pinar del R\u00edo fueron las m\u00e1s da\u00f1adas en cuanto a infraestructura, dejando tambi\u00e9n una tensa situaci\u00f3n en los sistemas el\u00e9ctricos y de telecomunicaciones de todo el pa\u00eds.<\/p>\n\n\n\n<p><strong>Leer tambi\u00e9n<\/strong><\/p>\n\n\n\n<figure class=\"wp-block-embed is-type-wp-embed is-provider-ics wp-block-embed-ics\"><div class=\"wp-block-embed__wrapper\">\n<blockquote class=\"wp-embedded-content\" data-secret=\"NJKEIx5C87\"><a href=\"https:\/\/www.ics.gob.cu\/comunicacion-de-crisis-y-no-crisis-de-comunicacion\/\">Comunicaci\u00f3n de crisis, y no crisis de comunicaci\u00f3n<\/a><\/blockquote><iframe loading=\"lazy\" title=\"\u00abComunicaci\u00f3n de crisis, y no crisis de comunicaci\u00f3n\u00bb \u2014 ics\" sandbox=\"allow-scripts\" security=\"restricted\" src=\"https:\/\/www.ics.gob.cu\/comunicacion-de-crisis-y-no-crisis-de-comunicacion\/embed\/#?secret=NJKEIx5C87\" width=\"500\" height=\"282\" data-secret=\"NJKEIx5C87\" frameborder=\"0\" marginwidth=\"0\" marginheight=\"0\" scrolling=\"no\" class=\"wp-embedded-content\"><\/iframe><script>\/*! This file is auto-generated *\/!function(d,l){\"use strict\";l.querySelector&&d.addEventListener&&\"undefined\"!=typeof URL&&(d.wp=d.wp||{},d.wp.receiveEmbedMessage||(d.wp.receiveEmbedMessage=function(e){var t=e.data;if((t||t.secret||t.message||t.value)&&!\/[^a-zA-Z0-9]\/.test(t.secret)){for(var s,r,n,a=l.querySelectorAll('iframe[data-secret=\"'+t.secret+'\"]'),o=l.querySelectorAll('blockquote[data-secret=\"'+t.secret+'\"]'),c=new RegExp(\"^https?:$\",\"i\"),i=0;i<o.length;i++)o[i].style.display=\"none\";for(i=0;i<a.length;i++)s=a[i],e.source===s.contentWindow&#038;&#038;(s.removeAttribute(\"style\"),\"height\"===t.message?(1e3<(r=parseInt(t.value,10))?r=1e3:~~r<200&#038;&#038;(r=200),s.height=r):\"link\"===t.message&#038;&#038;(r=new URL(s.getAttribute(\"src\")),n=new URL(t.value),c.test(n.protocol))&#038;&#038;n.host===r.host&#038;&#038;l.activeElement===s&#038;&#038;(d.top.location.href=t.value))}},d.addEventListener(\"message\",d.wp.receiveEmbedMessage,!1),l.addEventListener(\"DOMContentLoaded\",function(){for(var e,t,s=l.querySelectorAll(\"iframe.wp-embedded-content\"),r=0;r<s.length;r++)(t=(e=s[r]).getAttribute(\"data-secret\"))||(t=Math.random().toString(36).substring(2,12),e.src+=\"#?secret=\"+t,e.setAttribute(\"data-secret\",t)),e.contentWindow.postMessage({message:\"ready\",secret:t},\"*\")},!1)))}(window,document);<\/script>\n<\/div><\/figure>\n\n\n\n<p>Cuatro d\u00edas m\u00e1s tarde conocemos que un sismo de 6.8 grados en la Escala de Richter afect\u00f3 varias&nbsp;zonas del Oriente, sobre todo en Granma y Santiago de Cuba, provocando tambi\u00e9n afectaciones en infraestructuras y caminos y varias personas lesionadas.<\/p>\n\n\n<div class=\"wp-block-image\">\n<figure class=\"aligncenter size-large is-resized\"><img loading=\"lazy\" decoding=\"async\" width=\"819\" height=\"1024\" src=\"https:\/\/www.ics.gob.cu\/wp-content\/uploads\/2024\/11\/presidenciadecuba_1731590947508-819x1024.jpeg\" alt=\"\" class=\"wp-image-6337\" style=\"width:378px;height:auto\" srcset=\"https:\/\/www.ics.gob.cu\/wp-content\/uploads\/2024\/11\/presidenciadecuba_1731590947508-819x1024.jpeg 819w, https:\/\/www.ics.gob.cu\/wp-content\/uploads\/2024\/11\/presidenciadecuba_1731590947508-240x300.jpeg 240w, https:\/\/www.ics.gob.cu\/wp-content\/uploads\/2024\/11\/presidenciadecuba_1731590947508-768x960.jpeg 768w, https:\/\/www.ics.gob.cu\/wp-content\/uploads\/2024\/11\/presidenciadecuba_1731590947508.jpeg 1080w\" sizes=\"auto, (max-width: 819px) 100vw, 819px\" \/><\/figure>\n<\/div>\n\n\n<p>El pueblo cubano ha vivido duras jornadas que no dejan fuera otras complejidades cotidianas y que hemos tenido que sortear. Como dir\u00eda mi vecina: \u00a1Qu\u00e9 rachita llevamos!<\/p>\n\n\n\n<p>Ella misma, mi vecina, justo despu\u00e9s del Hurac\u00e1n Rafael organiz\u00f3 a toda la cuadra para recoger los \u00e1rboles que el viento hab\u00eda tirado, y ayudar a esa familia que perdi\u00f3 el techo de casa y con ese car\u00e1cter intr\u00e9pido, contagi\u00f3 a otros que se movilizaron para cargar agua o sacar escombros y le toc\u00f3 la puerta al vecino que tiene el generador el\u00e9ctrico y con mucho tacto le pidi\u00f3 ayudar a cargar los celulares o radios porque era imprescindible mantenerse informado.<\/p>\n\n\n<div class=\"wp-block-image\">\n<figure class=\"aligncenter size-large is-resized\"><img loading=\"lazy\" decoding=\"async\" width=\"1024\" height=\"576\" src=\"https:\/\/www.ics.gob.cu\/wp-content\/uploads\/2024\/11\/Cuba-3.jpg-1024x576.webp\" alt=\"\" class=\"wp-image-6333\" style=\"width:510px;height:auto\" srcset=\"https:\/\/www.ics.gob.cu\/wp-content\/uploads\/2024\/11\/Cuba-3.jpg-1024x576.webp 1024w, https:\/\/www.ics.gob.cu\/wp-content\/uploads\/2024\/11\/Cuba-3.jpg-300x169.webp 300w, https:\/\/www.ics.gob.cu\/wp-content\/uploads\/2024\/11\/Cuba-3.jpg-768x432.webp 768w, https:\/\/www.ics.gob.cu\/wp-content\/uploads\/2024\/11\/Cuba-3.jpg.webp 1200w\" sizes=\"auto, (max-width: 1024px) 100vw, 1024px\" \/><\/figure>\n<\/div>\n\n\n<p>Recuerdo que, ofreci\u00e9ndome su hornilla de carb\u00f3n para cocinar y entre sus dicharachos de cubana y guajira, me dijo: \"Periodista, aqu\u00ed hay que echar pa alante, que no se diga, mira que los cubanos no comemos miedo\".<\/p>\n\n\n\n<p>Y cierto es, s\u00ed. En menos de un mes este archipi\u00e9lago del Caribe ha enfrentado momentos dif\u00edciles, extremos, incluso de esos que te forman el nudo en la garganta y, en algunos m\u00e1s que en otros, suscitan sentimientos de impotencia, temor o desesperanza.<\/p>\n\n\n\n<p>Pero en estos d\u00edas tambi\u00e9n se ha visto a gente como mi vecina que trabaja para arrancar el problema de ra\u00edz. Hemos visto al campesino que lleva parte de su cosecha para que el hogar de ancianos est\u00e9 abastecido y al maestro que sin perder tiempo, prioriza su aula para que los ni\u00f1os puedan volver a clases, y al m\u00e9dico que no est\u00e1 ayudando a su familia porque est\u00e1 salvando la vida de ese ni\u00f1o que fue llevado por el caudal de la inundaci\u00f3n, y a los linieros que no conocen el descanso porque de ellos depende que podamos tener luz el\u00e9ctrica y otros servicios b\u00e1sicos, y a los periodistas que no han dejado ni un instante de informar, de escudri\u00f1ar la verdad, incluso en condiciones muy complejas.<\/p>\n\n\n<div class=\"wp-block-image\">\n<figure class=\"aligncenter size-full is-resized\"><img loading=\"lazy\" decoding=\"async\" width=\"400\" height=\"280\" src=\"https:\/\/www.ics.gob.cu\/wp-content\/uploads\/2024\/11\/periodista.jpg\" alt=\"\" class=\"wp-image-6335\" style=\"width:484px;height:auto\" srcset=\"https:\/\/www.ics.gob.cu\/wp-content\/uploads\/2024\/11\/periodista.jpg 400w, https:\/\/www.ics.gob.cu\/wp-content\/uploads\/2024\/11\/periodista-300x210.jpg 300w\" sizes=\"auto, (max-width: 400px) 100vw, 400px\" \/><\/figure>\n<\/div>\n\n\n<p>Hemos visto al presidente de la Rep\u00fablica, vestido de campa\u00f1a, guardar el cansancio y las preocupaciones de tantos d\u00edas para ir hasta los lugares m\u00e1s rec\u00f3nditos y dar un abrazo c\u00e1lido a quien lo perdi\u00f3 todo. Toda Cuba ha visto y ha sentido el acompa\u00f1amiento de cada dirigente, cumpliendo con su rol de servidor p\u00fablico, tanto en el espacio f\u00edsico, como en el digital.<\/p>\n\n\n\n<p><strong>Leer tambi\u00e9n<\/strong><\/p>\n\n\n\n<figure class=\"wp-block-embed is-type-wp-embed is-provider-ics wp-block-embed-ics\"><div class=\"wp-block-embed__wrapper\">\n<blockquote class=\"wp-embedded-content\" data-secret=\"Atz12svj23\"><a href=\"https:\/\/www.ics.gob.cu\/faq\/preguntas-y-respuestas-sobre-la-gestion-de-la-comunicacion-social-en-el-ambito-comunitario\/\">Preguntas y respuestas sobre la gesti\u00f3n de la comunicaci\u00f3n social en el \u00e1mbito comunitario<\/a><\/blockquote><iframe loading=\"lazy\" title=\"\u00abPreguntas y respuestas sobre la gesti\u00f3n de la comunicaci\u00f3n social en el \u00e1mbito comunitario\u00bb \u2014 ics\" sandbox=\"allow-scripts\" security=\"restricted\" src=\"https:\/\/www.ics.gob.cu\/faq\/preguntas-y-respuestas-sobre-la-gestion-de-la-comunicacion-social-en-el-ambito-comunitario\/embed\/#?secret=Atz12svj23\" width=\"500\" height=\"282\" data-secret=\"Atz12svj23\" frameborder=\"0\" marginwidth=\"0\" marginheight=\"0\" scrolling=\"no\" class=\"wp-embedded-content\"><\/iframe><script>\/*! This file is auto-generated *\/!function(d,l){\"use strict\";l.querySelector&&d.addEventListener&&\"undefined\"!=typeof URL&&(d.wp=d.wp||{},d.wp.receiveEmbedMessage||(d.wp.receiveEmbedMessage=function(e){var t=e.data;if((t||t.secret||t.message||t.value)&&!\/[^a-zA-Z0-9]\/.test(t.secret)){for(var s,r,n,a=l.querySelectorAll('iframe[data-secret=\"'+t.secret+'\"]'),o=l.querySelectorAll('blockquote[data-secret=\"'+t.secret+'\"]'),c=new RegExp(\"^https?:$\",\"i\"),i=0;i<o.length;i++)o[i].style.display=\"none\";for(i=0;i<a.length;i++)s=a[i],e.source===s.contentWindow&#038;&#038;(s.removeAttribute(\"style\"),\"height\"===t.message?(1e3<(r=parseInt(t.value,10))?r=1e3:~~r<200&#038;&#038;(r=200),s.height=r):\"link\"===t.message&#038;&#038;(r=new URL(s.getAttribute(\"src\")),n=new URL(t.value),c.test(n.protocol))&#038;&#038;n.host===r.host&#038;&#038;l.activeElement===s&#038;&#038;(d.top.location.href=t.value))}},d.addEventListener(\"message\",d.wp.receiveEmbedMessage,!1),l.addEventListener(\"DOMContentLoaded\",function(){for(var e,t,s=l.querySelectorAll(\"iframe.wp-embedded-content\"),r=0;r<s.length;r++)(t=(e=s[r]).getAttribute(\"data-secret\"))||(t=Math.random().toString(36).substring(2,12),e.src+=\"#?secret=\"+t,e.setAttribute(\"data-secret\",t)),e.contentWindow.postMessage({message:\"ready\",secret:t},\"*\")},!1)))}(window,document);<\/script>\n<\/div><\/figure>\n\n\n\n<p>Hemos sido parte de la vida de familias en nuestro barrio, o bien en el otro extremo del pa\u00eds. Los j\u00f3venes han puesto rodilla en tierra en cada obra de reconstrucci\u00f3n, los ni\u00f1os han regalado sus juguetes para otros que ya no tienen.<\/p>\n\n\n\n<p>Vivimos tiempos que dejan muchas ense\u00f1anzas y alertas: el trabajo en equipo, atinado y en funci\u00f3n del pueblo de dirigentes desde el m\u00e1s alto nivel hasta las comunidades,&nbsp;lo imprescindible de una gesti\u00f3n adecuada de la comunicaci\u00f3n para tiempos de crisis, de la informaci\u00f3n precisa y \u00e1gil por todas la v\u00edas posibles y la importante labor desde los barrios y las localidades, tambi\u00e9n en el \u00e1mbito comunicacional.<\/p>\n\n\n<div class=\"wp-block-image\">\n<figure class=\"aligncenter size-full is-resized\"><img loading=\"lazy\" decoding=\"async\" width=\"830\" height=\"584\" src=\"https:\/\/www.ics.gob.cu\/wp-content\/uploads\/2024\/11\/dc-mayabeque-huracan-rafael.jpg\" alt=\"\" class=\"wp-image-6334\" style=\"width:518px;height:auto\" srcset=\"https:\/\/www.ics.gob.cu\/wp-content\/uploads\/2024\/11\/dc-mayabeque-huracan-rafael.jpg 830w, https:\/\/www.ics.gob.cu\/wp-content\/uploads\/2024\/11\/dc-mayabeque-huracan-rafael-300x211.jpg 300w, https:\/\/www.ics.gob.cu\/wp-content\/uploads\/2024\/11\/dc-mayabeque-huracan-rafael-768x540.jpg 768w\" sizes=\"auto, (max-width: 830px) 100vw, 830px\" \/><\/figure>\n<\/div>\n\n\n<p>Estas jornadas situaron a las personas como centros de las pr\u00e1cticas y procesos comunicativos desde sus comunidades, en funci\u00f3n de transformar y gestionar intereses comunes, y lejos de parecer triunfalista, porque&nbsp; problemas tenemos muchos y es una verdad como pu\u00f1o, hemos visto la fuerza, la entereza, la dignidad y la solidaridad que cada cubana y cubano lleva como bandera.<\/p>\n\n\n\n<p>No hay d\u00edas duros que puedan mancillar esos sentimientos. Justo en esa verdad est\u00e1 la esperanza y la certeza.<\/p>\n<div class=\"pld-like-dislike-wrap pld-template-1\">\r\n    <div class=\"pld-like-wrap  pld-common-wrap\">\r\n    <a href=\"javascript:void(0)\" class=\"pld-like-trigger pld-like-dislike-trigger  \" title=\"\" data-post-id=\"6331\" data-trigger-type=\"like\" data-restriction=\"cookie\" data-already-liked=\"0\">\r\n                        <i class=\"fas fa-thumbs-up\"><\/i>\r\n                <\/a>\r\n    <span class=\"pld-like-count-wrap pld-count-wrap\">2    <\/span>\r\n<\/div><div class=\"pld-dislike-wrap  pld-common-wrap\">\r\n    <a href=\"javascript:void(0)\" class=\"pld-dislike-trigger pld-like-dislike-trigger  \" title=\"\" data-post-id=\"6331\" data-trigger-type=\"dislike\" data-restriction=\"cookie\" data-already-liked=\"0\">\r\n                        <i class=\"fas fa-thumbs-down\"><\/i>\r\n                <\/a>\r\n    <span class=\"pld-dislike-count-wrap pld-count-wrap\">0<\/span>\r\n<\/div><\/div>","protected":false},"excerpt":{"rendered":"<p>El s\u00e1bado 19 de octubre del 2024&nbsp;el Hurac\u00e1n Oscar llegaba a la provincia m\u00e1s&nbsp;oriental de Cuba, Guant\u00e1namo, dejando profundas afectaciones en varios de sus municipios y un triste saldo de ocho muertes. D\u00edas antes todo el pa\u00eds hab\u00eda quedado sin electricidad debido a la ca\u00edda del Sistema El\u00e9ctrico Nacional. El mi\u00e9rcoles 6 de noviembre otro [&hellip;]<\/p>\n","protected":false},"author":7,"featured_media":6332,"comment_status":"open","ping_status":"open","sticky":false,"template":"","format":"standard","meta":{"_bbp_topic_count":0,"_bbp_reply_count":0,"_bbp_total_topic_count":0,"_bbp_total_reply_count":0,"_bbp_voice_count":0,"_bbp_anonymous_reply_count":0,"_bbp_topic_count_hidden":0,"_bbp_reply_count_hidden":0,"_bbp_forum_subforum_count":0,"_glsr_average":0,"_glsr_ranking":0,"_glsr_reviews":0,"footnotes":""},"categories":[10],"tags":[84,47,7,83,39,67,64,76],"class_list":["post-6331","post","type-post","status-publish","format-standard","has-post-thumbnail","hentry","category-nacionales","tag-ciclon-tropical","tag-comunicacion-social","tag-cuba","tag-defensa-civil","tag-ics","tag-radio-cubana","tag-revolucion-cubana","tag-television-cubana"],"acf":[],"_links":{"self":[{"href":"https:\/\/www.ics.gob.cu\/en\/wp-json\/wp\/v2\/posts\/6331","targetHints":{"allow":["GET"]}}],"collection":[{"href":"https:\/\/www.ics.gob.cu\/en\/wp-json\/wp\/v2\/posts"}],"about":[{"href":"https:\/\/www.ics.gob.cu\/en\/wp-json\/wp\/v2\/types\/post"}],"author":[{"embeddable":true,"href":"https:\/\/www.ics.gob.cu\/en\/wp-json\/wp\/v2\/users\/7"}],"replies":[{"embeddable":true,"href":"https:\/\/www.ics.gob.cu\/en\/wp-json\/wp\/v2\/comments?post=6331"}],"version-history":[{"count":4,"href":"https:\/\/www.ics.gob.cu\/en\/wp-json\/wp\/v2\/posts\/6331\/revisions"}],"predecessor-version":[{"id":6344,"href":"https:\/\/www.ics.gob.cu\/en\/wp-json\/wp\/v2\/posts\/6331\/revisions\/6344"}],"wp:featuredmedia":[{"embeddable":true,"href":"https:\/\/www.ics.gob.cu\/en\/wp-json\/wp\/v2\/media\/6332"}],"wp:attachment":[{"href":"https:\/\/www.ics.gob.cu\/en\/wp-json\/wp\/v2\/media?parent=6331"}],"wp:term":[{"taxonomy":"category","embeddable":true,"href":"https:\/\/www.ics.gob.cu\/en\/wp-json\/wp\/v2\/categories?post=6331"},{"taxonomy":"post_tag","embeddable":true,"href":"https:\/\/www.ics.gob.cu\/en\/wp-json\/wp\/v2\/tags?post=6331"}],"curies":[{"name":"wp","href":"https:\/\/api.w.org\/{rel}","templated":true}]}}