{"id":6347,"date":"2024-11-17T00:20:16","date_gmt":"2024-11-17T00:20:16","guid":{"rendered":"https:\/\/www.ics.gob.cu\/?p=6347"},"modified":"2024-11-17T00:20:18","modified_gmt":"2024-11-17T00:20:18","slug":"homenaje-a-la-habana-con-el-proyecto-comunitario-la-casa-de-mama-tomasa-en-el-cotorro","status":"publish","type":"post","link":"https:\/\/www.ics.gob.cu\/en\/homenaje-a-la-habana-con-el-proyecto-comunitario-la-casa-de-mama-tomasa-en-el-cotorro\/","title":{"rendered":"Homenaje a La Habana con el Proyecto Comunitario \u00abLa Casa de Mam\u00e1 Tomasa\u00bb en el Cotorro"},"content":{"rendered":"<div class=\"pdfprnt-buttons pdfprnt-buttons-post pdfprnt-top-right\"><a href=\"https:\/\/www.ics.gob.cu\/en\/wp-json\/wp\/v2\/posts\/6347?print=print\" class=\"pdfprnt-button pdfprnt-button-print\" target=\"_blank\" ><img decoding=\"async\" src=\"https:\/\/www.ics.gob.cu\/wp-content\/plugins\/pdf-print\/images\/print.png\" alt=\"image_print\" title=\"Print Content\" \/><\/a><\/div>\n<p><strong>Los m\u00e1s peque\u00f1os de la comunidad Buenos Aires, del municipio capitalino del Cotorro, fueron part\u00edcipes en esta jornada de s\u00e1bado de una actividad art\u00edstico cultural protagonizada por el Proyecto \u00abLa Casa de Mam\u00e1 Tomasa\u00bb y la emisora <a href=\"https:\/\/twitter.com\/radiotainofm?t=4-Lp4gk6sPzrSsrVY4vRaw&amp;s=09\"><mark style=\"background-color:rgba(0, 0, 0, 0)\" class=\"has-inline-color has-vivid-cyan-blue-color\">Radio Ta\u00edno<\/mark>.<\/a><\/strong><\/p>\n\n\n\n<p>Organizado por el <a href=\"https:\/\/www.facebook.com\/profile.php?id=61558056156590&amp;mibextid=ZbWKwL\"><mark style=\"background-color:rgba(0, 0, 0, 0)\" class=\"has-inline-color has-vivid-cyan-blue-color\">Instituto de Informaci\u00f3n y Comunicaci\u00f3n Social <\/mark><\/a><mark style=\"background-color:rgba(0, 0, 0, 0)\" class=\"has-inline-color has-vivid-cyan-blue-color\"><a href=\"https:\/\/www.facebook.com\/profile.php?id=61558056156590&amp;mibextid=ZbWKwL\">(ICS<\/a>)<\/mark> y las autoridades de la Direcci\u00f3n Municipal de Cultura en el territorio, ni\u00f1os, ni\u00f1as y adolescentes celebraron el d\u00e9cimo aniversario del Proyecto y el 505 cumplea\u00f1os de La Habana, con un taller de apreciaci\u00f3n art\u00edstica en el que aprendieron de locuci\u00f3n, actuaci\u00f3n, sonidos, efectos y los silencios con los que la magia de la radio permite transportarnos hasta las m\u00e1s inimaginables historias.<\/p>\n\n\n\n<figure class=\"wp-block-image size-large\"><img loading=\"lazy\" decoding=\"async\" width=\"1024\" height=\"462\" src=\"https:\/\/www.ics.gob.cu\/wp-content\/uploads\/2024\/11\/20241116_124837-1024x462.jpg\" alt=\"\" class=\"wp-image-6351\" srcset=\"https:\/\/www.ics.gob.cu\/wp-content\/uploads\/2024\/11\/20241116_124837-1024x462.jpg 1024w, https:\/\/www.ics.gob.cu\/wp-content\/uploads\/2024\/11\/20241116_124837-300x135.jpg 300w, https:\/\/www.ics.gob.cu\/wp-content\/uploads\/2024\/11\/20241116_124837-768x347.jpg 768w, https:\/\/www.ics.gob.cu\/wp-content\/uploads\/2024\/11\/20241116_124837-1536x693.jpg 1536w, https:\/\/www.ics.gob.cu\/wp-content\/uploads\/2024\/11\/20241116_124837.jpg 2048w\" sizes=\"auto, (max-width: 1024px) 100vw, 1024px\" \/><\/figure>\n\n\n\n<p>Entre m\u00fasica, risas, competencias de trabalenguas y escenificaciones, los infantes que durante estos a\u00f1os han integrado el Proyecto \u00abLa Casa de Mam\u00e1 Tomasa\u00bb &#8211; que es adem\u00e1s un espacio permanente en Radio Ta\u00edno &#8211; compartieron con la comunidad sus experiencias y habilidades con otros peque\u00f1os que  quiz\u00e1s alg\u00fan d\u00eda se interesen por los dramatizados y el buen idioma.<\/p>\n\n\n\n<figure class=\"wp-block-image size-large\"><img loading=\"lazy\" decoding=\"async\" width=\"1024\" height=\"462\" src=\"https:\/\/www.ics.gob.cu\/wp-content\/uploads\/2024\/11\/20241116_124859-1024x462.jpg\" alt=\"\" class=\"wp-image-6352\" srcset=\"https:\/\/www.ics.gob.cu\/wp-content\/uploads\/2024\/11\/20241116_124859-1024x462.jpg 1024w, https:\/\/www.ics.gob.cu\/wp-content\/uploads\/2024\/11\/20241116_124859-300x135.jpg 300w, https:\/\/www.ics.gob.cu\/wp-content\/uploads\/2024\/11\/20241116_124859-768x347.jpg 768w, https:\/\/www.ics.gob.cu\/wp-content\/uploads\/2024\/11\/20241116_124859-1536x693.jpg 1536w, https:\/\/www.ics.gob.cu\/wp-content\/uploads\/2024\/11\/20241116_124859.jpg 2048w\" sizes=\"auto, (max-width: 1024px) 100vw, 1024px\" \/><\/figure>\n\n\n\n<p>Junto a las actividades culturales, profesionales de la salud que atienden este intrincado Consejo Popular, desarrollaron acciones integradas como pesquisa, di\u00e1logo con los pobladores, diagn\u00f3sticos y ex\u00e1menes m\u00e9dicos, dando seguimiento al trabajo comunitario iniciado semanas antes.<\/p>\n\n\n\n<figure class=\"wp-block-image size-large\"><img loading=\"lazy\" decoding=\"async\" width=\"1024\" height=\"462\" src=\"https:\/\/www.ics.gob.cu\/wp-content\/uploads\/2024\/11\/20241116_124842-1024x462.jpg\" alt=\"\" class=\"wp-image-6353\" srcset=\"https:\/\/www.ics.gob.cu\/wp-content\/uploads\/2024\/11\/20241116_124842-1024x462.jpg 1024w, https:\/\/www.ics.gob.cu\/wp-content\/uploads\/2024\/11\/20241116_124842-300x135.jpg 300w, https:\/\/www.ics.gob.cu\/wp-content\/uploads\/2024\/11\/20241116_124842-768x347.jpg 768w, https:\/\/www.ics.gob.cu\/wp-content\/uploads\/2024\/11\/20241116_124842-1536x693.jpg 1536w, https:\/\/www.ics.gob.cu\/wp-content\/uploads\/2024\/11\/20241116_124842.jpg 2048w\" sizes=\"auto, (max-width: 1024px) 100vw, 1024px\" \/><\/figure>\n\n\n\n<p>Fue una jornada hermosa que concluy\u00f3 con padres y ni\u00f1os celebrando a La Habana de todos y deseando tengamos muchos y variados espacios de intercambio y aprendizaje como estos, en pos del bienestar com\u00fan.<\/p>\n<div class=\"pld-like-dislike-wrap pld-template-1\">\r\n    <div class=\"pld-like-wrap  pld-common-wrap\">\r\n    <a href=\"javascript:void(0)\" class=\"pld-like-trigger pld-like-dislike-trigger\" title=\"\" data-post-id=\"6347\" data-trigger-type=\"like\" data-restriction=\"cookie\" data-already-liked=\"0\">\r\n                        <i class=\"fas fa-thumbs-up\"><\/i>\r\n                <\/a>\r\n    <span class=\"pld-like-count-wrap pld-count-wrap\">1    <\/span>\r\n<\/div><div class=\"pld-dislike-wrap  pld-common-wrap\">\r\n    <a href=\"javascript:void(0)\" class=\"pld-dislike-trigger pld-like-dislike-trigger\" title=\"\" data-post-id=\"6347\" data-trigger-type=\"dislike\" data-restriction=\"cookie\" data-already-liked=\"0\">\r\n                        <i class=\"fas fa-thumbs-down\"><\/i>\r\n                <\/a>\r\n    <span class=\"pld-dislike-count-wrap pld-count-wrap\">0<\/span>\r\n<\/div><\/div>","protected":false},"excerpt":{"rendered":"<p>Los m\u00e1s peque\u00f1os de la comunidad Buenos Aires, del municipio capitalino del Cotorro, fueron part\u00edcipes en esta jornada de s\u00e1bado de una actividad art\u00edstico cultural protagonizada por el Proyecto \u00abLa Casa de Mam\u00e1 Tomasa\u00bb y la emisora Radio Ta\u00edno. Organizado por el Instituto de Informaci\u00f3n y Comunicaci\u00f3n Social (ICS) y las autoridades de la Direcci\u00f3n [&hellip;]<\/p>\n","protected":false},"author":8,"featured_media":6348,"comment_status":"open","ping_status":"open","sticky":false,"template":"","format":"standard","meta":{"_bbp_topic_count":0,"_bbp_reply_count":0,"_bbp_total_topic_count":0,"_bbp_total_reply_count":0,"_bbp_voice_count":0,"_bbp_anonymous_reply_count":0,"_bbp_topic_count_hidden":0,"_bbp_reply_count_hidden":0,"_bbp_forum_subforum_count":0,"_glsr_average":0,"_glsr_ranking":0,"_glsr_reviews":0,"footnotes":""},"categories":[10],"tags":[85,47,7,39,67,64],"class_list":["post-6347","post","type-post","status-publish","format-standard","has-post-thumbnail","hentry","category-nacionales","tag-comunicacion-comunitaria","tag-comunicacion-social","tag-cuba","tag-ics","tag-radio-cubana","tag-revolucion-cubana"],"acf":[],"_links":{"self":[{"href":"https:\/\/www.ics.gob.cu\/en\/wp-json\/wp\/v2\/posts\/6347","targetHints":{"allow":["GET"]}}],"collection":[{"href":"https:\/\/www.ics.gob.cu\/en\/wp-json\/wp\/v2\/posts"}],"about":[{"href":"https:\/\/www.ics.gob.cu\/en\/wp-json\/wp\/v2\/types\/post"}],"author":[{"embeddable":true,"href":"https:\/\/www.ics.gob.cu\/en\/wp-json\/wp\/v2\/users\/8"}],"replies":[{"embeddable":true,"href":"https:\/\/www.ics.gob.cu\/en\/wp-json\/wp\/v2\/comments?post=6347"}],"version-history":[{"count":2,"href":"https:\/\/www.ics.gob.cu\/en\/wp-json\/wp\/v2\/posts\/6347\/revisions"}],"predecessor-version":[{"id":6355,"href":"https:\/\/www.ics.gob.cu\/en\/wp-json\/wp\/v2\/posts\/6347\/revisions\/6355"}],"wp:featuredmedia":[{"embeddable":true,"href":"https:\/\/www.ics.gob.cu\/en\/wp-json\/wp\/v2\/media\/6348"}],"wp:attachment":[{"href":"https:\/\/www.ics.gob.cu\/en\/wp-json\/wp\/v2\/media?parent=6347"}],"wp:term":[{"taxonomy":"category","embeddable":true,"href":"https:\/\/www.ics.gob.cu\/en\/wp-json\/wp\/v2\/categories?post=6347"},{"taxonomy":"post_tag","embeddable":true,"href":"https:\/\/www.ics.gob.cu\/en\/wp-json\/wp\/v2\/tags?post=6347"}],"curies":[{"name":"wp","href":"https:\/\/api.w.org\/{rel}","templated":true}]}}