{"id":6373,"date":"2024-11-25T13:22:33","date_gmt":"2024-11-25T13:22:33","guid":{"rendered":"https:\/\/www.ics.gob.cu\/?p=6373"},"modified":"2024-11-25T13:22:36","modified_gmt":"2024-11-25T13:22:36","slug":"hasta-siempre-comandante","status":"publish","type":"post","link":"https:\/\/www.ics.gob.cu\/en\/hasta-siempre-comandante\/","title":{"rendered":"Hasta siempre, Comandante"},"content":{"rendered":"<div class=\"pdfprnt-buttons pdfprnt-buttons-post pdfprnt-top-right\"><a href=\"https:\/\/www.ics.gob.cu\/en\/wp-json\/wp\/v2\/posts\/6373?print=print\" class=\"pdfprnt-button pdfprnt-button-print\" target=\"_blank\" ><img decoding=\"async\" src=\"https:\/\/www.ics.gob.cu\/wp-content\/plugins\/pdf-print\/images\/print.png\" alt=\"image_print\" title=\"Print Content\" \/><\/a><\/div>\n<p><strong>A Fidel volvemos una y otra vez para reencontrarnos. Es inevitable; de otra forma, ser\u00eda impensable seguir. Cuba lo sabe, los cubanos lo sabemos, millones en el mundo tienen esa certeza. <\/strong><\/p>\n\n\n\n<p>Desde su partida f\u00edsica el l\u00edder hist\u00f3rico de la Revoluci\u00f3n Cubana se multiplic\u00f3, tal como lo avizoraba un cartel que tiempo antes de su muerte lo defin\u00eda y, quiz\u00e1s sin pretenderlo, se\u00f1alaba un camino que solo los odiadores del imperio no pod\u00edan ni quer\u00edan aceptar. Sin esa multiplicaci\u00f3n profunda y firme, que ha hecho que cada cual tenga muy cercano a su propio <a href=\"https:\/\/twitter.com\/centrofidel?t=DeBcqJ5JJ9ZSoTMt9qrvFw&amp;s=09\"><mark style=\"background-color:rgba(0, 0, 0, 0)\" class=\"has-inline-color has-vivid-cyan-blue-color\">Fidel<\/mark><\/a>, no podr\u00edamos haber resistido los dur\u00edsimos a\u00f1os que sobrevinieron despu\u00e9s.<\/p>\n\n\n\n<figure class=\"wp-block-image size-full\"><img loading=\"lazy\" decoding=\"async\" width=\"766\" height=\"421\" src=\"https:\/\/www.ics.gob.cu\/wp-content\/uploads\/2024\/11\/IMG-20241125-WA0000.jpg\" alt=\"\" class=\"wp-image-6375\" srcset=\"https:\/\/www.ics.gob.cu\/wp-content\/uploads\/2024\/11\/IMG-20241125-WA0000.jpg 766w, https:\/\/www.ics.gob.cu\/wp-content\/uploads\/2024\/11\/IMG-20241125-WA0000-300x165.jpg 300w\" sizes=\"auto, (max-width: 766px) 100vw, 766px\" \/><\/figure>\n\n\n\n<p>Fidel ha estado en cada batalla personal, familiar y colectiva, en la resistencia creativa a la que ha convocado el primer secretario del <a href=\"https:\/\/twitter.com\/PartidoPCC?t=5WK0kCMt8PV75j1v9VD_mQ&amp;s=09\"><mark style=\"background-color:rgba(0, 0, 0, 0)\" class=\"has-inline-color has-vivid-cyan-blue-color\">CCPCC<\/mark><\/a> y presidente de la Rep\u00fablica, <a href=\"https:\/\/twitter.com\/DiazCanelB?t=j2PLhjUkLTfvzRpxP0vfxQ&amp;s=09\"><mark style=\"background-color:rgba(0, 0, 0, 0)\" class=\"has-inline-color has-vivid-cyan-blue-color\">Miguel D\u00edaz-Canel Berm\u00fadez<\/mark><\/a>, en la fuerza erigida tras dolores inesperados y compartidos, en el optimismo y confianza de un pueblo que se empe\u00f1a en seguir construyendo la sociedad m\u00e1s justa posible frente a amenazas y desaf\u00edos descomunales.<\/p>\n\n\n\n<p>Ha estado y estar\u00e1, necesariamente, en los pueblos de nuestra regi\u00f3n que renacen como Ave F\u00e9nix tras golpes a su democracia, a la paz, tras sanciones, guerras medi\u00e1ticas e intentos de desestabilizaci\u00f3n interna de todo tipo. Habr\u00e1 entonces que seguir con Fidel por siempre, entre nosotros, alert\u00e1ndonos, gui\u00e1ndonos, previendo y hasta respondi\u00e9ndonos cuando necesariamente nos preguntemos -como hasta ahora- qu\u00e9 habr\u00eda hecho \u00e9l en una u otra circunstancia.<\/p>\n\n\n\n<figure class=\"wp-block-image size-full\"><img loading=\"lazy\" decoding=\"async\" width=\"750\" height=\"500\" src=\"https:\/\/www.ics.gob.cu\/wp-content\/uploads\/2024\/11\/IMG-20241125-WA0001.jpg\" alt=\"\" class=\"wp-image-6376\" srcset=\"https:\/\/www.ics.gob.cu\/wp-content\/uploads\/2024\/11\/IMG-20241125-WA0001.jpg 750w, https:\/\/www.ics.gob.cu\/wp-content\/uploads\/2024\/11\/IMG-20241125-WA0001-300x200.jpg 300w\" sizes=\"auto, (max-width: 750px) 100vw, 750px\" \/><\/figure>\n\n\n\n<p>Y cuando todo parezca m\u00e1s dif\u00edcil, si por un instante las fuerzas parecieran hacernos ceder, cada cual tendr\u00e1 que ser, como nos ense\u00f1\u00f3, su propio Comandante en Jefe, sin tiempo para el cansancio, tomar decisiones y empu\u00f1ar el arma que sea necesaria donde m\u00e1s se necesite en pos del bienestar com\u00fan, con la convicci\u00f3n de que unidos, es posible seguir, crear, vencer.<\/p>\n\n\n\n<p>Y claro est\u00e1, ser\u00e1 imprescindible siempre volver a \u00e9l una y otra vez, para reencontrarnos.<\/p>\n<div class=\"pld-like-dislike-wrap pld-template-1\">\r\n    <div class=\"pld-like-wrap  pld-common-wrap\">\r\n    <a href=\"javascript:void(0)\" class=\"pld-like-trigger pld-like-dislike-trigger\" title=\"\" data-post-id=\"6373\" data-trigger-type=\"like\" data-restriction=\"cookie\" data-already-liked=\"0\">\r\n                        <i class=\"fas fa-thumbs-up\"><\/i>\r\n                <\/a>\r\n    <span class=\"pld-like-count-wrap pld-count-wrap\">0    <\/span>\r\n<\/div><div class=\"pld-dislike-wrap  pld-common-wrap\">\r\n    <a href=\"javascript:void(0)\" class=\"pld-dislike-trigger pld-like-dislike-trigger\" title=\"\" data-post-id=\"6373\" data-trigger-type=\"dislike\" data-restriction=\"cookie\" data-already-liked=\"0\">\r\n                        <i class=\"fas fa-thumbs-down\"><\/i>\r\n                <\/a>\r\n    <span class=\"pld-dislike-count-wrap pld-count-wrap\">0<\/span>\r\n<\/div><\/div>","protected":false},"excerpt":{"rendered":"<p>A Fidel volvemos una y otra vez para reencontrarnos. Es inevitable; de otra forma, ser\u00eda impensable seguir. Cuba lo sabe, los cubanos lo sabemos, millones en el mundo tienen esa certeza. Desde su partida f\u00edsica el l\u00edder hist\u00f3rico de la Revoluci\u00f3n Cubana se multiplic\u00f3, tal como lo avizoraba un cartel que tiempo antes de su [&hellip;]<\/p>\n","protected":false},"author":8,"featured_media":6374,"comment_status":"open","ping_status":"open","sticky":false,"template":"","format":"standard","meta":{"_bbp_topic_count":0,"_bbp_reply_count":0,"_bbp_total_topic_count":0,"_bbp_total_reply_count":0,"_bbp_voice_count":0,"_bbp_anonymous_reply_count":0,"_bbp_topic_count_hidden":0,"_bbp_reply_count_hidden":0,"_bbp_forum_subforum_count":0,"_glsr_average":0,"_glsr_ranking":0,"_glsr_reviews":0,"footnotes":""},"categories":[10],"tags":[47,7,63,39,64],"class_list":["post-6373","post","type-post","status-publish","format-standard","has-post-thumbnail","hentry","category-nacionales","tag-comunicacion-social","tag-cuba","tag-fidel-castro","tag-ics","tag-revolucion-cubana"],"acf":[],"_links":{"self":[{"href":"https:\/\/www.ics.gob.cu\/en\/wp-json\/wp\/v2\/posts\/6373","targetHints":{"allow":["GET"]}}],"collection":[{"href":"https:\/\/www.ics.gob.cu\/en\/wp-json\/wp\/v2\/posts"}],"about":[{"href":"https:\/\/www.ics.gob.cu\/en\/wp-json\/wp\/v2\/types\/post"}],"author":[{"embeddable":true,"href":"https:\/\/www.ics.gob.cu\/en\/wp-json\/wp\/v2\/users\/8"}],"replies":[{"embeddable":true,"href":"https:\/\/www.ics.gob.cu\/en\/wp-json\/wp\/v2\/comments?post=6373"}],"version-history":[{"count":2,"href":"https:\/\/www.ics.gob.cu\/en\/wp-json\/wp\/v2\/posts\/6373\/revisions"}],"predecessor-version":[{"id":6379,"href":"https:\/\/www.ics.gob.cu\/en\/wp-json\/wp\/v2\/posts\/6373\/revisions\/6379"}],"wp:featuredmedia":[{"embeddable":true,"href":"https:\/\/www.ics.gob.cu\/en\/wp-json\/wp\/v2\/media\/6374"}],"wp:attachment":[{"href":"https:\/\/www.ics.gob.cu\/en\/wp-json\/wp\/v2\/media?parent=6373"}],"wp:term":[{"taxonomy":"category","embeddable":true,"href":"https:\/\/www.ics.gob.cu\/en\/wp-json\/wp\/v2\/categories?post=6373"},{"taxonomy":"post_tag","embeddable":true,"href":"https:\/\/www.ics.gob.cu\/en\/wp-json\/wp\/v2\/tags?post=6373"}],"curies":[{"name":"wp","href":"https:\/\/api.w.org\/{rel}","templated":true}]}}