{"id":6380,"date":"2024-11-26T16:13:25","date_gmt":"2024-11-26T16:13:25","guid":{"rendered":"https:\/\/www.ics.gob.cu\/?p=6380"},"modified":"2024-11-26T17:08:03","modified_gmt":"2024-11-26T17:08:03","slug":"comunicacion-comunitaria-una-fortaleza-para-mas-participacion-ciudadana","status":"publish","type":"post","link":"https:\/\/www.ics.gob.cu\/en\/comunicacion-comunitaria-una-fortaleza-para-mas-participacion-ciudadana\/","title":{"rendered":"Comunicaci\u00f3n comunitaria: una fortaleza para m\u00e1s participaci\u00f3n ciudadana"},"content":{"rendered":"<div class=\"pdfprnt-buttons pdfprnt-buttons-post pdfprnt-top-right\"><a href=\"https:\/\/www.ics.gob.cu\/en\/wp-json\/wp\/v2\/posts\/6380?print=print\" class=\"pdfprnt-button pdfprnt-button-print\" target=\"_blank\" ><img decoding=\"async\" src=\"https:\/\/www.ics.gob.cu\/wp-content\/plugins\/pdf-print\/images\/print.png\" alt=\"image_print\" title=\"Print Content\" \/><\/a><\/div>\n<p><strong>\u201cEducar para comunicar\u201d es uno de los prop\u00f3sitos fundamentales del Taller \u201cComunicaci\u00f3n Comunitaria: retos y perspectivas en el escenario cubano actual\u201d, que sesionar\u00e1 los d\u00edas 28 y 29 pr\u00f3ximos en la sede del Instituto de Informaci\u00f3n y Comunicaci\u00f3n Social de Cuba (ICS).<\/strong><\/p>\n\n\n\n<p>As\u00ed lo confirm\u00f3 el director de Comunicaci\u00f3n Comunitaria del ICS, Christian Luis Garc\u00eda, con quien dialogamos sobre el rol transversal de este \u00e1mbito de la comunicaci\u00f3n en el desarrollo de la sociedad cubana, as\u00ed como los retos y desaf\u00edos que enfrenta su adecuada gesti\u00f3n.<\/p>\n\n\n\n<p>Luis Garc\u00eda record\u00f3 que el pasado 4 de octubre entraron en vigor la <a href=\"https:\/\/www.ics.gob.cu\/en\/marco-normativo\/\"><mark style=\"background-color:rgba(0, 0, 0, 0)\" class=\"has-inline-color has-vivid-cyan-blue-color\">Law 162\/2023 \"On Social Communication\"<\/mark><\/a> y sus disposiciones normativas reglamentarias, en la que se define y confirma la existencia en nuestro pa\u00eds de un sistema de comunicaci\u00f3n social que en su gesti\u00f3n estrat\u00e9gica e integrada est\u00e1 conformado por tres \u00e1mbitos: el \u00e1mbito organizacional, el medi\u00e1tico y el comunitario.<\/p>\n\n\n\n<p>\u00abEl \u00e1mbito comunitario no es m\u00e1s que ese espacio donde confluyen las personas, los grupos de personas que interact\u00faan por intereses, objetivos y metas en com\u00fan, o sea, es importante destacar que la Ley 162 no circunscribe la comunidad solo como el espacio f\u00edsico geogr\u00e1fico al que normalmente estamos acostumbrados cuando se habla de este concepto, sino de una comunidad de intereses que est\u00e1 en los espacios p\u00fablicos y tambi\u00e9n en lo digital\u00bb, se\u00f1al\u00f3.<\/p>\n\n\n\n<p>En Cuba estas nociones no son nuevas, pues desde el triunfo de la Revoluci\u00f3n existen organizaciones de masas, sociales e incluso otras pol\u00edticas &#8211; que tienen su representaci\u00f3n desde el m\u00e1s alto nivel de direcci\u00f3n pero tambi\u00e9n est\u00e1n presentes en la comunidad, como los \u00f3rganos locales del poder popular- y siempre ha existido un di\u00e1logo y un trabajo articulado de estas con las comunidades.<\/p>\n\n\n\n<p>Seg\u00fan el directivo del ICS, \u201cla Ley de Comunicaci\u00f3n ofrece m\u00e1s herramientas legales, conceptuales y ejes para gestionar de mejor forma la comunicaci\u00f3n comunitaria y hacerlo teniendo en cuenta el papel de esas organizaciones y las complejidades que vive la sociedad cubana actual\u00bb.<\/p>\n\n\n\n<p>\u00abLos retos son muchos porque hay que articular sistemas, hacer que funcione lo estipulado en el documento legal, educar a las personas desde las bases y sobre todo a quienes tienen la responsabilidad de comunicar en cada uno de los espacios e instancias\u00bb, agrega.<\/p>\n\n\n\n<p>A prop\u00f3sito, el <a href=\"https:\/\/www.ics.gob.cu\/en\/educacion-para-la-comunicacion-una-fortaleza-para-la-participacion-ciudadana\/\"><mark style=\"background-color:rgba(0, 0, 0, 0)\" class=\"has-inline-color has-vivid-cyan-blue-color\">Programa Nacional de Educaci\u00f3n para la Comunicaci\u00f3n<\/mark><\/a> describe \u00abla necesidad de modificar algunas de las actuales din\u00e1micas de ense\u00f1anza y aprendizaje, ya que con los avances cient\u00edficos y tecnol\u00f3gicos es necesario lograr nuevas habilidades cognitivas con los ciudadanos\u00bb.<\/p>\n\n\n\n<p><strong>Comunicar desde y para el pueblo<\/strong><\/p>\n\n\n\n<p>Es en la comunidad, precisamente, donde se desarrollan los procesos m\u00e1s importantes de nuestra sociedad. Bajo esta premisa se convoc\u00f3 al Taller de Comunicaci\u00f3n Comunitaria, cuya pretensi\u00f3n es que los asistentes compartan experiencias, saberes y socialicen buenas pr\u00e1cticas y entre todos construir mejores modelos de comunicaci\u00f3n.<\/p>\n\n\n\n<p>Se trata de contribuir al conocimiento sobre <a href=\"https:\/\/www.ics.gob.cu\/en\/comunicacion-comunitaria\/\"><mark style=\"background-color:rgba(0, 0, 0, 0)\" class=\"has-inline-color has-vivid-cyan-blue-color\">Community Communication<\/mark><\/a> en el actual contexto cubano y verlo como un proceso sociocultural transversal de la sociedad. \u00abTendremos participantes de las estructuras nuestras de Informaci\u00f3n y Comunicaci\u00f3n Social de la capital pero tambi\u00e9n de otras provincias del pa\u00eds como Sancti Sp\u00edritus y Las Tunas\u201d, detall\u00f3 el joven directivo.<\/p>\n\n\n\n<p>Agreg\u00f3, adem\u00e1s, que varios delegados de circunscripciones de distintas regiones del pa\u00eds traer\u00e1n sus ideas sobre c\u00f3mo hacer m\u00e1s y hacerlo mejor para una efectiva gesti\u00f3n de comunicaci\u00f3n en cada localidad, las deficiencias, los retos y los buenos resultados. \u201cSiempre con el af\u00e1n de contribuir a mejores procesos comunicacionales\u00bb.<\/p>\n\n\n<div class=\"wp-block-image\">\n<figure class=\"aligncenter size-full\"><img loading=\"lazy\" decoding=\"async\" width=\"472\" height=\"607\" src=\"https:\/\/www.ics.gob.cu\/wp-content\/uploads\/2024\/11\/IMG-20241126-WA0025.jpg\" alt=\"\" class=\"wp-image-6382\" srcset=\"https:\/\/www.ics.gob.cu\/wp-content\/uploads\/2024\/11\/IMG-20241126-WA0025.jpg 472w, https:\/\/www.ics.gob.cu\/wp-content\/uploads\/2024\/11\/IMG-20241126-WA0025-233x300.jpg 233w\" sizes=\"auto, (max-width: 472px) 100vw, 472px\" \/><\/figure>\n<\/div>\n\n\n<p>En estas dos jornadas tambi\u00e9n participar\u00e1n directivos de Comunicaci\u00f3n Institucional de algunos Ministerios, de organizaciones de masas y sociales como por ejemplo del Ministerio de Salud P\u00fablica, el Ministerio de Cultura, la Uni\u00f3n El\u00e9ctrica, la Federaci\u00f3n Estudiantil Universitaria, entre otros.<\/p>\n\n\n\n<p>\u00abLa visi\u00f3n acad\u00e9mica no nos puede faltar. Los participantes podr\u00e1n asistir a Conferencias de expertas en comunicaci\u00f3n como las Doctoras en Ciencias de la Comunicaci\u00f3n y profesoras, Ana Teresa Bad\u00eda y Zenaida Costales\u00bb, dijo Christian Luis Garc\u00eda.<\/p>\n\n\n\n<p>Precis\u00f3 que se enfatizar\u00e1 en tem\u00e1ticas relacionadas con la educomunicaci\u00f3n, la participaci\u00f3n ciudadana, la interrelaci\u00f3n entre comunicaci\u00f3n comunitaria y comunicaci\u00f3n pol\u00edtica, la gesti\u00f3n de comunicaci\u00f3n en la comunidad ante desastres de origen natural, entre otros.<\/p>\n\n\n\n<p>\u00abLos escenarios que vivimos en esta \u00faltima etapa nos obligaron a acudir a la comunicaci\u00f3n comunitaria con m\u00e1s fuerza e intencionalidad y pudimos ver su estrecho v\u00ednculo con la comunicaci\u00f3n de crisis. Cuando los medios de comunicaci\u00f3n social tradicionales fallaron, cuando no se pudo tener acceso a la radio y la televisi\u00f3n porque no hab\u00eda electricidad, cuando no se pudo contar con tecnolog\u00eda de datos m\u00f3viles, por solo citar algunos ejemplos, hab\u00eda que llegar a la gente de alguna manera y hab\u00eda que informar constantemente sobre la situaci\u00f3n, y precisamente fue mediante la comunicaci\u00f3n a lo interno de las comunidades que se logr\u00f3, jugando un papel fundamental los delegados de las circunscripciones que la propia los define como una figura esencial\u201d, reflexion\u00f3.<\/p>\n\n\n\n<p>\u00abEn Cuba la Comunicaci\u00f3n Comunitaria es una fortaleza, lo puedo decir en toda regla y nos permite desarrollar acciones enfocadas desde la base, teniendo como eje la participaci\u00f3n popular. Es el pueblo el punto de partida y de llegada de todos estos procesos, y trabajamos porque esta fortaleza la sigamos aprovechando por una sociedad m\u00e1s justa y participativa. Queda mucho por hacer pero seguir prepar\u00e1ndonos es muy importante\u201d, concluy\u00f3.<\/p>\n<div class=\"pld-like-dislike-wrap pld-template-1\">\r\n    <div class=\"pld-like-wrap  pld-common-wrap\">\r\n    <a href=\"javascript:void(0)\" class=\"pld-like-trigger pld-like-dislike-trigger\" title=\"\" data-post-id=\"6380\" data-trigger-type=\"like\" data-restriction=\"cookie\" data-already-liked=\"0\">\r\n                        <i class=\"fas fa-thumbs-up\"><\/i>\r\n                <\/a>\r\n    <span class=\"pld-like-count-wrap pld-count-wrap\">2    <\/span>\r\n<\/div><div class=\"pld-dislike-wrap  pld-common-wrap\">\r\n    <a href=\"javascript:void(0)\" class=\"pld-dislike-trigger pld-like-dislike-trigger\" title=\"\" data-post-id=\"6380\" data-trigger-type=\"dislike\" data-restriction=\"cookie\" data-already-liked=\"0\">\r\n                        <i class=\"fas fa-thumbs-down\"><\/i>\r\n                <\/a>\r\n    <span class=\"pld-dislike-count-wrap pld-count-wrap\">0<\/span>\r\n<\/div><\/div>","protected":false},"excerpt":{"rendered":"<p>\u201cEducar para comunicar\u201d es uno de los prop\u00f3sitos fundamentales del Taller \u201cComunicaci\u00f3n Comunitaria: retos y perspectivas en el escenario cubano actual\u201d, que sesionar\u00e1 los d\u00edas 28 y 29 pr\u00f3ximos en la sede del Instituto de Informaci\u00f3n y Comunicaci\u00f3n Social de Cuba (ICS). As\u00ed lo confirm\u00f3 el director de Comunicaci\u00f3n Comunitaria del ICS, Christian Luis Garc\u00eda, [&hellip;]<\/p>\n","protected":false},"author":7,"featured_media":6381,"comment_status":"open","ping_status":"open","sticky":false,"template":"","format":"standard","meta":{"_bbp_topic_count":0,"_bbp_reply_count":0,"_bbp_total_topic_count":0,"_bbp_total_reply_count":0,"_bbp_voice_count":0,"_bbp_anonymous_reply_count":0,"_bbp_topic_count_hidden":0,"_bbp_reply_count_hidden":0,"_bbp_forum_subforum_count":0,"_glsr_average":0,"_glsr_ranking":0,"_glsr_reviews":0,"footnotes":""},"categories":[10],"tags":[85,47,7,59,39],"class_list":["post-6380","post","type-post","status-publish","format-standard","has-post-thumbnail","hentry","category-nacionales","tag-comunicacion-comunitaria","tag-comunicacion-social","tag-cuba","tag-educacion-para-la-comunicacion","tag-ics"],"acf":[],"_links":{"self":[{"href":"https:\/\/www.ics.gob.cu\/en\/wp-json\/wp\/v2\/posts\/6380","targetHints":{"allow":["GET"]}}],"collection":[{"href":"https:\/\/www.ics.gob.cu\/en\/wp-json\/wp\/v2\/posts"}],"about":[{"href":"https:\/\/www.ics.gob.cu\/en\/wp-json\/wp\/v2\/types\/post"}],"author":[{"embeddable":true,"href":"https:\/\/www.ics.gob.cu\/en\/wp-json\/wp\/v2\/users\/7"}],"replies":[{"embeddable":true,"href":"https:\/\/www.ics.gob.cu\/en\/wp-json\/wp\/v2\/comments?post=6380"}],"version-history":[{"count":5,"href":"https:\/\/www.ics.gob.cu\/en\/wp-json\/wp\/v2\/posts\/6380\/revisions"}],"predecessor-version":[{"id":6389,"href":"https:\/\/www.ics.gob.cu\/en\/wp-json\/wp\/v2\/posts\/6380\/revisions\/6389"}],"wp:featuredmedia":[{"embeddable":true,"href":"https:\/\/www.ics.gob.cu\/en\/wp-json\/wp\/v2\/media\/6381"}],"wp:attachment":[{"href":"https:\/\/www.ics.gob.cu\/en\/wp-json\/wp\/v2\/media?parent=6380"}],"wp:term":[{"taxonomy":"category","embeddable":true,"href":"https:\/\/www.ics.gob.cu\/en\/wp-json\/wp\/v2\/categories?post=6380"},{"taxonomy":"post_tag","embeddable":true,"href":"https:\/\/www.ics.gob.cu\/en\/wp-json\/wp\/v2\/tags?post=6380"}],"curies":[{"name":"wp","href":"https:\/\/api.w.org\/{rel}","templated":true}]}}