{"id":6393,"date":"2024-11-28T21:29:03","date_gmt":"2024-11-28T21:29:03","guid":{"rendered":"https:\/\/www.ics.gob.cu\/?p=6393"},"modified":"2024-11-28T22:39:08","modified_gmt":"2024-11-28T22:39:08","slug":"solo-el-dialogo-comunica-desafios-de-la-comunicacion-comunitaria-para-la-cuba-actual","status":"publish","type":"post","link":"https:\/\/www.ics.gob.cu\/en\/solo-el-dialogo-comunica-desafios-de-la-comunicacion-comunitaria-para-la-cuba-actual\/","title":{"rendered":"Solo el di\u00e1logo comunica: desaf\u00edos de la comunicaci\u00f3n comunitaria para la Cuba actual"},"content":{"rendered":"<div class=\"pdfprnt-buttons pdfprnt-buttons-post pdfprnt-top-right\"><a href=\"https:\/\/www.ics.gob.cu\/en\/wp-json\/wp\/v2\/posts\/6393?print=print\" class=\"pdfprnt-button pdfprnt-button-print\" target=\"_blank\" ><img decoding=\"async\" src=\"https:\/\/www.ics.gob.cu\/wp-content\/plugins\/pdf-print\/images\/print.png\" alt=\"image_print\" title=\"Print Content\" \/><\/a><\/div>\n<p>Escrib\u00eda el pedagogo brasile\u00f1o Paulo Freire que \u201cla comunicaci\u00f3n debe permanecer siempre anclada a la cultura, en una relaci\u00f3n dial\u00f3gica y educativa capaz de integrar teor\u00eda y pr\u00e1ctica\u201d.<\/p>\n\n\n\n<p>Tomando como premisa la necesidad de una comunicaci\u00f3n cada vez m\u00e1s participativa, hecha para el pueblo y desde el pueblo, justo como comentaba la vicepresidenta del <a href=\"https:\/\/www.facebook.com\/profile.php?id=61558056156590&amp;mibextid=ZbWKwL\"><mark style=\"background-color:rgba(0, 0, 0, 0)\" class=\"has-inline-color has-vivid-cyan-blue-color\">Instituto de Informaci\u00f3n y Comunicaci\u00f3n Social (ICS)<\/mark><\/a>, <a href=\"https:\/\/twitter.com\/Belkyspcr?t=5YsT5TE7cy8bmIN4NnIGww&amp;s=09\"><mark style=\"background-color:rgba(0, 0, 0, 0)\" class=\"has-inline-color has-vivid-cyan-blue-color\">Belkys P\u00e9rez Cruz<\/mark><\/a> en sus palabras de apertura, dio inicio la primera jornada del Taller Comunicaci\u00f3n Comunitaria: \u201cRetos y perspectivas en el escenario cubano actual\u201d.<\/p>\n\n\n\n<figure class=\"wp-block-image size-large\"><img loading=\"lazy\" decoding=\"async\" width=\"1024\" height=\"768\" src=\"https:\/\/www.ics.gob.cu\/wp-content\/uploads\/2024\/11\/20241128_121452-1024x768.jpg\" alt=\"\" class=\"wp-image-6395\" srcset=\"https:\/\/www.ics.gob.cu\/wp-content\/uploads\/2024\/11\/20241128_121452-1024x768.jpg 1024w, https:\/\/www.ics.gob.cu\/wp-content\/uploads\/2024\/11\/20241128_121452-300x225.jpg 300w, https:\/\/www.ics.gob.cu\/wp-content\/uploads\/2024\/11\/20241128_121452-768x576.jpg 768w, https:\/\/www.ics.gob.cu\/wp-content\/uploads\/2024\/11\/20241128_121452-1536x1152.jpg 1536w, https:\/\/www.ics.gob.cu\/wp-content\/uploads\/2024\/11\/20241128_121452.jpg 2048w\" sizes=\"auto, (max-width: 1024px) 100vw, 1024px\" \/><\/figure>\n\n\n\n<p>Encabezado por <a href=\"https:\/\/twitter.com\/alfonso_noya?t=jtibekmNMmqa8MdFMT97gg&amp;s=09\"><mark style=\"background-color:rgba(0, 0, 0, 0)\" class=\"has-inline-color has-vivid-cyan-blue-color\">Alfonso Noya Mart\u00ednez<\/mark><\/a>, presidente del ICS, este espacio, al decir de P\u00e9rez Cruz, \u201crefuerza la importancia de seguir trabajando por una comunicaci\u00f3n que sustente la participaci\u00f3n popular y de m\u00faltiples actores en la materializaci\u00f3n de aspiraciones de la colectividad\u201d, como apunta la Ley 162.<\/p>\n\n\n\n<p>En el evento participan comunicadores y profesionales de esta rama de organismos, organizaciones de masas y pol\u00edticas a nivel nacional y delegados de circunscripci\u00f3n de varios territorios de la Isla, que estar\u00e1n exponiendo sus resultados en materia de gesti\u00f3n comunicativa desde la base.<\/p>\n\n\n\n<p>Durante esta primera jornada los participantes intercambiaron experiencias desde cada uno de sus escenarios de acci\u00f3n sobre diversos temas, entre ellos, la educomunicaci\u00f3n, la participaci\u00f3n popular y la comunicaci\u00f3n pol\u00edtica.<\/p>\n\n\n\n<p><strong>Ciudadan\u00eda, comunicaci\u00f3n y participaci\u00f3n<\/strong><\/p>\n\n\n\n<figure class=\"wp-block-image size-large\"><img loading=\"lazy\" decoding=\"async\" width=\"768\" height=\"1024\" src=\"https:\/\/www.ics.gob.cu\/wp-content\/uploads\/2024\/11\/20241128_105056-768x1024.jpg\" alt=\"\" class=\"wp-image-6397\" srcset=\"https:\/\/www.ics.gob.cu\/wp-content\/uploads\/2024\/11\/20241128_105056-768x1024.jpg 768w, https:\/\/www.ics.gob.cu\/wp-content\/uploads\/2024\/11\/20241128_105056-225x300.jpg 225w, https:\/\/www.ics.gob.cu\/wp-content\/uploads\/2024\/11\/20241128_105056-1152x1536.jpg 1152w, https:\/\/www.ics.gob.cu\/wp-content\/uploads\/2024\/11\/20241128_105056.jpg 1536w\" sizes=\"auto, (max-width: 768px) 100vw, 768px\" \/><\/figure>\n\n\n\n<p>La primera conferencia, \u201cLos ciudadanos como parte de la Educomunicaci\u00f3n\u201d, ofrecida por la <a href=\"https:\/\/www.facebook.com\/anateresa.badia?mibextid=ZbWKwL\"><mark style=\"background-color:rgba(0, 0, 0, 0)\" class=\"has-inline-color has-vivid-cyan-blue-color\">Dra. C. Ana Teresa Bad\u00eda Vald\u00e9s<\/mark><\/a>, abord\u00f3 la urgencia de concretar una comunicaci\u00f3n eficaz, la articulaci\u00f3n de una opini\u00f3n p\u00fablica guiada desde las mejores pr\u00e1cticas comunicativas en todos los estratos de la sociedad, las estrategias de colaboraci\u00f3n y la importancia de apropiarse en materia comunicativa de las nuevas tecnolog\u00edas, entre otros asuntos.<\/p>\n\n\n\n<p>Sobre la importancia de la persuasi\u00f3n y el convencimiento mediante argumentos contundentes e irrebatibles, directos, que apelen a la visualidad, convers\u00f3 tambi\u00e9n Bad\u00eda Vald\u00e9s, as\u00ed como sobre el dise\u00f1o de pol\u00edticas p\u00fablicas encaminadas cada vez m\u00e1s a propiciar una gesti\u00f3n comunicativa que pueda llegar eficientemente a cada una de las audiencias.<\/p>\n\n\n\n<figure class=\"wp-block-image size-large\"><img loading=\"lazy\" decoding=\"async\" width=\"1024\" height=\"768\" src=\"https:\/\/www.ics.gob.cu\/wp-content\/uploads\/2024\/11\/20241128_121403-1024x768.jpg\" alt=\"\" class=\"wp-image-6400\" srcset=\"https:\/\/www.ics.gob.cu\/wp-content\/uploads\/2024\/11\/20241128_121403-1024x768.jpg 1024w, https:\/\/www.ics.gob.cu\/wp-content\/uploads\/2024\/11\/20241128_121403-300x225.jpg 300w, https:\/\/www.ics.gob.cu\/wp-content\/uploads\/2024\/11\/20241128_121403-768x576.jpg 768w, https:\/\/www.ics.gob.cu\/wp-content\/uploads\/2024\/11\/20241128_121403-1536x1152.jpg 1536w, https:\/\/www.ics.gob.cu\/wp-content\/uploads\/2024\/11\/20241128_121403.jpg 2048w\" sizes=\"auto, (max-width: 1024px) 100vw, 1024px\" \/><\/figure>\n\n\n\n<p>\u201cNo podemos hablar de una audiencia homog\u00e9nea porque cada vez m\u00e1s las audiencias y los p\u00fablicos est\u00e1n segmentados. Hacer una comunicaci\u00f3n teniendo en cuenta est\u00e1s comunidades tanto f\u00edsicas como virtuales es un acierto, aunque tambi\u00e9n un reto\u201d.<\/p>\n\n\n\n<p>\u201cLa gente prefiere los hechos ante los discursos y, en este sentido, tambi\u00e9n debemos seguir trabajando la formaci\u00f3n\u201d, apunt\u00f3.<\/p>\n\n\n\n<p>\u201cIncluso desde las escuelas es sumamente importante desarrollar la comunicaci\u00f3n como herramienta y vincularla a los procesos pedag\u00f3gicos\u00bb; sobre estas pistas va precisamente el Programa Nacional de Educaci\u00f3n para la Comunicaci\u00f3n, que fomenta el ICS, coment\u00f3 la tambi\u00e9n profesora titular de la Facultad de Comunicaci\u00f3n de la Universidad de la Habana (UH).<\/p>\n\n\n\n<p>Al respecto resalt\u00f3 que \u201cla educomunicaci\u00f3n es un proceso multidisciplinario que fusiona educaci\u00f3n y comunicaci\u00f3n, centr\u00e1ndose en la ense\u00f1anza y el aprendizaje mediante el uso de los medios de comunicaci\u00f3n.<\/p>\n\n\n\n<p>Integrar de manera efectiva los medios de comunicaci\u00f3n en los procesos educativos con el fin de facilitar el acceso a la informaci\u00f3n, promover el pensamiento cr\u00edtico y fortalecer el desarrollo de habilidades de comunicaci\u00f3n en los individuos es el fin de esta pr\u00e1ctica\u201d.<\/p>\n\n\n\n<p>Proveer de herramientas para comunicar desde la comunidad y con ello fortalecer el intercambio de informaci\u00f3n desde la participaci\u00f3n activa y la toma de decisiones de cada miembro de la sociedad en la resoluci\u00f3n de problemas resulta primordial.<\/p>\n\n\n\n<p><strong>Saber contar nuestro cuento. El cruce de caminos entre Comunicaci\u00f3n Comunitaria y Comunicaci\u00f3n Pol\u00edtica.<\/strong><\/p>\n\n\n\n<figure class=\"wp-block-image size-large\"><img loading=\"lazy\" decoding=\"async\" width=\"1024\" height=\"768\" src=\"https:\/\/www.ics.gob.cu\/wp-content\/uploads\/2024\/11\/20241128_133528-1024x768.jpg\" alt=\"\" class=\"wp-image-6398\" srcset=\"https:\/\/www.ics.gob.cu\/wp-content\/uploads\/2024\/11\/20241128_133528-1024x768.jpg 1024w, https:\/\/www.ics.gob.cu\/wp-content\/uploads\/2024\/11\/20241128_133528-300x225.jpg 300w, https:\/\/www.ics.gob.cu\/wp-content\/uploads\/2024\/11\/20241128_133528-768x576.jpg 768w, https:\/\/www.ics.gob.cu\/wp-content\/uploads\/2024\/11\/20241128_133528-1536x1152.jpg 1536w, https:\/\/www.ics.gob.cu\/wp-content\/uploads\/2024\/11\/20241128_133528.jpg 2048w\" sizes=\"auto, (max-width: 1024px) 100vw, 1024px\" \/><\/figure>\n\n\n\n<p>La periodista y profesora de la Facultad de Comunicaci\u00f3n de la UH, Zenaida Costales P\u00e9rez centr\u00f3 su conferencia sobre Comunicaci\u00f3n Comunitaria y Comunicaci\u00f3n Pol\u00edtica.<\/p>\n\n\n\n<p>\u201cLa comunicaci\u00f3n comunitaria y la comunicaci\u00f3n pol\u00edtica tienen un camino cruzado de manera obligada\u201d, dijo Costales.<\/p>\n\n\n\n<p>\u201cHoy existen nuevas formas de la estructura informativa y de la comunicaci\u00f3n que son creadas por la propias personas en su cotidianidad. Y para esto debemos poner atenci\u00f3n a una comunicaci\u00f3n menos verticalista porque la sociedad actual no funciona ya de esa manera. Hay una suerte de nueva estructura que se gestiona sobre la base del tejido popular y ah\u00ed est\u00e1 la mayor fuente de informaci\u00f3n y participaci\u00f3n popular eficaz\u201d, agreg\u00f3.<\/p>\n\n\n\n<p>La profesora intercambi\u00f3 tambi\u00e9n con los participantes sobre la comunicaci\u00f3n en las redes digitales esa que no se planifica, que nace creativamente de cada individuo, con total transparencia ya que toma en cuenta las experiencias cotidianas de cada cual, y habla de c\u00f3mo repensar la forma de comunicar la pol\u00edtica aprovechando iniciativas populares que se crean de acuerdo a las nuevas necesidades colectivas.<\/p>\n\n\n\n<p>\u201cEl liderazgo natural que surge en las comunidades es una fortaleza para la comunicaci\u00f3n pol\u00edtica. Sospecho que las redes de comunicaci\u00f3n popular pueden ser hoy las m\u00e1s expeditas\u201d, destac\u00f3.<\/p>\n\n\n\n<p>El rol de los medios de comunicaci\u00f3n en el relato de la realidad cubana actual tambi\u00e9n fue abordado por la periodista cubana, quien hizo \u00e9nfasis en la b\u00fasqueda de la noticia en las peque\u00f1as cosas de la vida, del barrio, en saber contar la realidad palpable de cada cubano porque esa es la mejor forma de llevar a las personas la comunicaci\u00f3n pol\u00edtica.<\/p>\n\n\n\n<p>\u201cLas historias est\u00e1n en la calle, con la gente; hay que repensar las narrativas discursivas de relacionamiento entre significados y significantes\u201d. Estamos ante un fen\u00f3meno comunicacional que nunca se desarrolla de manera aislada, ya que es parte de procesos de movilizaci\u00f3n de segmentos sociales en lucha por sus derechos y por transformaciones de la realidad en beneficio colectivo\u201d, asever\u00f3 la radialista.<\/p>\n\n\n\n<p>\u201cLa teor\u00eda y la pr\u00e1ctica \u2014dijo\u2014 van de la mano y hay que tener alg\u00fan conocimiento de teor\u00eda para anclarse luego y llevarlas a la pr\u00e1ctica. Que tengamos la Ley de Comunicaci\u00f3n Social hoy es bueno y debemos utilizarla, tenerla como un instrumento y, sobre todo, pensar c\u00f3mo podemos contribuir a mejorarla\u201d.<\/p>\n\n\n\n<figure class=\"wp-block-image size-large\"><img loading=\"lazy\" decoding=\"async\" width=\"1024\" height=\"768\" src=\"https:\/\/www.ics.gob.cu\/wp-content\/uploads\/2024\/11\/20241128_121358-1024x768.jpg\" alt=\"\" class=\"wp-image-6399\" srcset=\"https:\/\/www.ics.gob.cu\/wp-content\/uploads\/2024\/11\/20241128_121358-1024x768.jpg 1024w, https:\/\/www.ics.gob.cu\/wp-content\/uploads\/2024\/11\/20241128_121358-300x225.jpg 300w, https:\/\/www.ics.gob.cu\/wp-content\/uploads\/2024\/11\/20241128_121358-768x576.jpg 768w, https:\/\/www.ics.gob.cu\/wp-content\/uploads\/2024\/11\/20241128_121358-1536x1152.jpg 1536w, https:\/\/www.ics.gob.cu\/wp-content\/uploads\/2024\/11\/20241128_121358.jpg 2048w\" sizes=\"auto, (max-width: 1024px) 100vw, 1024px\" \/><\/figure>\n\n\n\n<p>Costales P\u00e9rez destac\u00f3 que resulta imprescindible habitar otra comunicaci\u00f3n, hecha desde abajo y comprometida con cambios necesarios a la evoluci\u00f3n civilizatoria de la sociedad; fomentar procesos de empat\u00eda en el tejido social y tambi\u00e9n seguir empoderando a la comunidad, desde la propia comunicaci\u00f3n para contribuir a forjar un tejido social solidario respetuoso de la diversidad.<\/p>\n\n\n\n<p>Para la segunda jornada de este taller se prev\u00e9 conversar sobre la interrelaci\u00f3n de la comunicaci\u00f3n comunitaria en escenarios de crisis, adem\u00e1s de conocer varias experiencias que refieren buenas pr\u00e1cticas en la gesti\u00f3n de la comunicaci\u00f3n en consejos populares de nuestra capital.<\/p>\n<div class=\"pld-like-dislike-wrap pld-template-1\">\r\n    <div class=\"pld-like-wrap  pld-common-wrap\">\r\n    <a href=\"javascript:void(0)\" class=\"pld-like-trigger pld-like-dislike-trigger\" title=\"\" data-post-id=\"6393\" data-trigger-type=\"like\" data-restriction=\"cookie\" data-already-liked=\"0\">\r\n                        <i class=\"fas fa-thumbs-up\"><\/i>\r\n                <\/a>\r\n    <span class=\"pld-like-count-wrap pld-count-wrap\">2    <\/span>\r\n<\/div><div class=\"pld-dislike-wrap  pld-common-wrap\">\r\n    <a href=\"javascript:void(0)\" class=\"pld-dislike-trigger pld-like-dislike-trigger\" title=\"\" data-post-id=\"6393\" data-trigger-type=\"dislike\" data-restriction=\"cookie\" data-already-liked=\"0\">\r\n                        <i class=\"fas fa-thumbs-down\"><\/i>\r\n                <\/a>\r\n    <span class=\"pld-dislike-count-wrap pld-count-wrap\">0<\/span>\r\n<\/div><\/div>","protected":false},"excerpt":{"rendered":"<p>Escrib\u00eda el pedagogo brasile\u00f1o Paulo Freire que \u201cla comunicaci\u00f3n debe permanecer siempre anclada a la cultura, en una relaci\u00f3n dial\u00f3gica y educativa capaz de integrar teor\u00eda y pr\u00e1ctica\u201d. Tomando como premisa la necesidad de una comunicaci\u00f3n cada vez m\u00e1s participativa, hecha para el pueblo y desde el pueblo, justo como comentaba la vicepresidenta del Instituto [&hellip;]<\/p>\n","protected":false},"author":7,"featured_media":6404,"comment_status":"open","ping_status":"open","sticky":false,"template":"","format":"standard","meta":{"_bbp_topic_count":0,"_bbp_reply_count":0,"_bbp_total_topic_count":0,"_bbp_total_reply_count":0,"_bbp_voice_count":0,"_bbp_anonymous_reply_count":0,"_bbp_topic_count_hidden":0,"_bbp_reply_count_hidden":0,"_bbp_forum_subforum_count":0,"_glsr_average":0,"_glsr_ranking":0,"_glsr_reviews":0,"footnotes":""},"categories":[10],"tags":[85,47,7,59,39],"class_list":["post-6393","post","type-post","status-publish","format-standard","has-post-thumbnail","hentry","category-nacionales","tag-comunicacion-comunitaria","tag-comunicacion-social","tag-cuba","tag-educacion-para-la-comunicacion","tag-ics"],"acf":[],"_links":{"self":[{"href":"https:\/\/www.ics.gob.cu\/en\/wp-json\/wp\/v2\/posts\/6393","targetHints":{"allow":["GET"]}}],"collection":[{"href":"https:\/\/www.ics.gob.cu\/en\/wp-json\/wp\/v2\/posts"}],"about":[{"href":"https:\/\/www.ics.gob.cu\/en\/wp-json\/wp\/v2\/types\/post"}],"author":[{"embeddable":true,"href":"https:\/\/www.ics.gob.cu\/en\/wp-json\/wp\/v2\/users\/7"}],"replies":[{"embeddable":true,"href":"https:\/\/www.ics.gob.cu\/en\/wp-json\/wp\/v2\/comments?post=6393"}],"version-history":[{"count":2,"href":"https:\/\/www.ics.gob.cu\/en\/wp-json\/wp\/v2\/posts\/6393\/revisions"}],"predecessor-version":[{"id":6402,"href":"https:\/\/www.ics.gob.cu\/en\/wp-json\/wp\/v2\/posts\/6393\/revisions\/6402"}],"wp:featuredmedia":[{"embeddable":true,"href":"https:\/\/www.ics.gob.cu\/en\/wp-json\/wp\/v2\/media\/6404"}],"wp:attachment":[{"href":"https:\/\/www.ics.gob.cu\/en\/wp-json\/wp\/v2\/media?parent=6393"}],"wp:term":[{"taxonomy":"category","embeddable":true,"href":"https:\/\/www.ics.gob.cu\/en\/wp-json\/wp\/v2\/categories?post=6393"},{"taxonomy":"post_tag","embeddable":true,"href":"https:\/\/www.ics.gob.cu\/en\/wp-json\/wp\/v2\/tags?post=6393"}],"curies":[{"name":"wp","href":"https:\/\/api.w.org\/{rel}","templated":true}]}}