{"id":6405,"date":"2024-11-29T19:46:05","date_gmt":"2024-11-29T19:46:05","guid":{"rendered":"https:\/\/www.ics.gob.cu\/?p=6405"},"modified":"2024-11-29T20:40:52","modified_gmt":"2024-11-29T20:40:52","slug":"finaliza-primer-taller-nacional-comunicacion-comunitaria","status":"publish","type":"post","link":"https:\/\/www.ics.gob.cu\/en\/finaliza-primer-taller-nacional-comunicacion-comunitaria\/","title":{"rendered":"Finaliza primer Taller Nacional de Comunicaci\u00f3n Comunitaria"},"content":{"rendered":"<div class=\"pdfprnt-buttons pdfprnt-buttons-post pdfprnt-top-right\"><a href=\"https:\/\/www.ics.gob.cu\/en\/wp-json\/wp\/v2\/posts\/6405?print=print\" class=\"pdfprnt-button pdfprnt-button-print\" target=\"_blank\" ><img decoding=\"async\" src=\"https:\/\/www.ics.gob.cu\/wp-content\/plugins\/pdf-print\/images\/print.png\" alt=\"image_print\" title=\"Print Content\" \/><\/a><\/div>\n<p><strong>C\u00f3mo hacer m\u00e1s y mejor comunicaci\u00f3n comunitaria para mayor participaci\u00f3n, di\u00e1logo y consenso en nuestra sociedad, para seguir construyendo un pa\u00eds mejor entre todos, fue el centro de atenci\u00f3n de los debates del Taller Comunicaci\u00f3n Comunitaria: \u201cRetos y perspectivas en el escenario cubano actual\u201d que concluy\u00f3 este viernes en esta capital, con la presencia del presidente del <a href=\"https:\/\/www.facebook.com\/profile.php?id=61558056156590&amp;mibextid=ZbWKwL\"><mark style=\"background-color:rgba(0, 0, 0, 0)\" class=\"has-inline-color has-vivid-cyan-blue-color\">Instituto de Informaci\u00f3n y Comunicaci\u00f3n Social (ICS)<\/mark><\/a>, Alfonso Noya Mart\u00ednez.<\/strong><\/p>\n\n\n\n<p>Al iniciarse esta \u00faltima jornada del Taller, la vicepresidenta del ICS, <a href=\"https:\/\/twitter.com\/Belkyspcr?t=5YsT5TE7cy8bmIN4NnIGww&amp;s=09\"><mark style=\"background-color:rgba(0, 0, 0, 0)\" class=\"has-inline-color has-vivid-cyan-blue-color\">Belkys P\u00e9rez Cruz<\/mark><\/a> reiter\u00f3 que la comunidad es el espacio ideal para otorgarle una mirada diferente a la Comunicaci\u00f3n de Crisis y cont\u00f3 las experiencias del oriente del pa\u00eds durante los recientes fen\u00f3menos naturales en los cuales el apoyo popular fue imprescindible.<\/p>\n\n\n\n<figure class=\"wp-block-image size-large\"><img loading=\"lazy\" decoding=\"async\" width=\"1024\" height=\"768\" src=\"https:\/\/www.ics.gob.cu\/wp-content\/uploads\/2024\/11\/IMG-20241129-WA0028-1024x768.jpg\" alt=\"\" class=\"wp-image-6407\" srcset=\"https:\/\/www.ics.gob.cu\/wp-content\/uploads\/2024\/11\/IMG-20241129-WA0028-1024x768.jpg 1024w, https:\/\/www.ics.gob.cu\/wp-content\/uploads\/2024\/11\/IMG-20241129-WA0028-300x225.jpg 300w, https:\/\/www.ics.gob.cu\/wp-content\/uploads\/2024\/11\/IMG-20241129-WA0028-768x576.jpg 768w, https:\/\/www.ics.gob.cu\/wp-content\/uploads\/2024\/11\/IMG-20241129-WA0028.jpg 1040w\" sizes=\"auto, (max-width: 1024px) 100vw, 1024px\" \/><\/figure>\n\n\n\n<p>P\u00e9rez Cruz se\u00f1al\u00f3 igualmente la relevancia de la comunicaci\u00f3n persona a persona como una red colaborativa en la que la prensa tambi\u00e9n forma parte.<\/p>\n\n\n\n<p><strong>La verdad, herramienta fundamental durante una crisis<\/strong><\/p>\n\n\n\n<figure class=\"wp-block-image size-large\"><img loading=\"lazy\" decoding=\"async\" width=\"1024\" height=\"768\" src=\"https:\/\/www.ics.gob.cu\/wp-content\/uploads\/2024\/11\/IMG-20241129-WA0034-1024x768.jpg\" alt=\"\" class=\"wp-image-6408\" srcset=\"https:\/\/www.ics.gob.cu\/wp-content\/uploads\/2024\/11\/IMG-20241129-WA0034-1024x768.jpg 1024w, https:\/\/www.ics.gob.cu\/wp-content\/uploads\/2024\/11\/IMG-20241129-WA0034-300x225.jpg 300w, https:\/\/www.ics.gob.cu\/wp-content\/uploads\/2024\/11\/IMG-20241129-WA0034-768x576.jpg 768w, https:\/\/www.ics.gob.cu\/wp-content\/uploads\/2024\/11\/IMG-20241129-WA0034.jpg 1040w\" sizes=\"auto, (max-width: 1024px) 100vw, 1024px\" \/><\/figure>\n\n\n\n<p>En la conferencia \u00abComunidad y enfrentamiento a los desastres de origen natural\u00bb, la<mark style=\"background-color:rgba(0, 0, 0, 0)\" class=\"has-inline-color has-vivid-cyan-blue-color\"> <a href=\"https:\/\/www.facebook.com\/anateresa.badia?mibextid=ZbWKwL\">Dra. C. Ana Teresa Bald\u00eda<\/a><\/mark> hizo \u00e9nfasis en el papel movilizador de los medios en la gesti\u00f3n de la comunicaci\u00f3n de crisis y alert\u00f3 sobre las pr\u00e1cticas comunicativas adecuadas en situaciones excepcionales.<\/p>\n\n\n\n<p>La destacada docente se refiri\u00f3 a la sinergia de los medios digitales y los medios tradicionales para mantener a la poblaci\u00f3n informada ante la ocurrencia de fen\u00f3menos meteorol\u00f3gicos.<\/p>\n\n\n\n<p>Tambi\u00e9n mencion\u00f3 otros medios como radioaficionados, altoparlantes, salas de video, boletines, plegables, y las organizaciones pol\u00edticas, de masas y sociales para el trabajo persona persona, en la cuadra, el barrio, la zona de defensa, los consejos populares.<\/p>\n\n\n\n<p>\u00abLa gesti\u00f3n de la comunicaci\u00f3n de riesgos tiene esencialmente un car\u00e1cter preventivo\u00bb, puntualiz\u00f3 Bad\u00eda Vald\u00e9s. Se\u00f1al\u00f3, adem\u00e1s, que todas las instituciones, organismos y organizaciones deben poseer sus Manuales para la gesti\u00f3n de la comunicaci\u00f3n de crisis.<\/p>\n\n\n\n<p>La experta en Comunicaci\u00f3n recalc\u00f3 la importancia de comunicar mejor la ciencia, con el prop\u00f3sito de que la sociedad adquiera una mayor cultura sobre este asunto.<\/p>\n\n\n\n<p>La planeaci\u00f3n de las acciones de prevenci\u00f3n debe ser estrat\u00e9gica, direccionada a los diferentes grupos et\u00e1reos y a las caracter\u00edsticas espec\u00edficas de cada comunidad. Para ello, dijo, es primordial realizar un diagn\u00f3stico y luego una evaluaci\u00f3n de la comunicaci\u00f3n realizada.<\/p>\n\n\n\n<figure class=\"wp-block-image size-large\"><img loading=\"lazy\" decoding=\"async\" width=\"1024\" height=\"768\" src=\"https:\/\/www.ics.gob.cu\/wp-content\/uploads\/2024\/11\/IMG-20241129-WA0032-1024x768.jpg\" alt=\"\" class=\"wp-image-6409\" srcset=\"https:\/\/www.ics.gob.cu\/wp-content\/uploads\/2024\/11\/IMG-20241129-WA0032-1024x768.jpg 1024w, https:\/\/www.ics.gob.cu\/wp-content\/uploads\/2024\/11\/IMG-20241129-WA0032-300x225.jpg 300w, https:\/\/www.ics.gob.cu\/wp-content\/uploads\/2024\/11\/IMG-20241129-WA0032-768x576.jpg 768w, https:\/\/www.ics.gob.cu\/wp-content\/uploads\/2024\/11\/IMG-20241129-WA0032.jpg 1040w\" sizes=\"auto, (max-width: 1024px) 100vw, 1024px\" \/><\/figure>\n\n\n\n<p>En medio de la cobertura period\u00edstica de un desastre es esencial centrarse en las causas y sobre todo, en los riesgos que de \u00e9l se pueden derivar. <\/p>\n\n\n\n<p>Es clave la designaci\u00f3n de los voceros en las comunidades, decir lo que sucede en tiempo real, la segmentaci\u00f3n de los p\u00fablicos para que la informaci\u00f3n llegue a todos de modo correcto.<\/p>\n\n\n\n<p>La comunicaci\u00f3n comunitaria constituye pilar fundamental para la gesti\u00f3n exitosa de la comunicaci\u00f3n de crisis, evitar da\u00f1os materiales y humanos. El contexto debe signar el desarrollo de todas las estrategias y medidas que se tomen en situaciones de crisis y en la poscrisis.<\/p>\n\n\n\n<p><strong>La comunidad, factor esencial<\/strong><\/p>\n\n\n\n<figure class=\"wp-block-image size-large\"><img loading=\"lazy\" decoding=\"async\" width=\"1024\" height=\"768\" src=\"https:\/\/www.ics.gob.cu\/wp-content\/uploads\/2024\/11\/IMG-20241129-WA0047-1024x768.jpg\" alt=\"\" class=\"wp-image-6410\" srcset=\"https:\/\/www.ics.gob.cu\/wp-content\/uploads\/2024\/11\/IMG-20241129-WA0047-1024x768.jpg 1024w, https:\/\/www.ics.gob.cu\/wp-content\/uploads\/2024\/11\/IMG-20241129-WA0047-300x225.jpg 300w, https:\/\/www.ics.gob.cu\/wp-content\/uploads\/2024\/11\/IMG-20241129-WA0047-768x576.jpg 768w, https:\/\/www.ics.gob.cu\/wp-content\/uploads\/2024\/11\/IMG-20241129-WA0047.jpg 1080w\" sizes=\"auto, (max-width: 1024px) 100vw, 1024px\" \/><\/figure>\n\n\n\n<p>Los consejos populares de la Lisa, Plaza de la Revoluci\u00f3n, El Cotorro y las provincias de Las Tunas y Sancti Sp\u00edritus expusieron sus experiencias en la gesti\u00f3n de la comunicaci\u00f3n comunitaria.<\/p>\n\n\n\n<p>Las intervenciones se centraron en las acciones que se realizan para transformar las comunidades y responder a las necesidades de los vecinos en los tiempos tan complejos que vivimos.<\/p>\n\n\n\n<figure class=\"wp-block-image size-large\"><img loading=\"lazy\" decoding=\"async\" width=\"1024\" height=\"768\" src=\"https:\/\/www.ics.gob.cu\/wp-content\/uploads\/2024\/11\/IMG-20241129-WA0049-1024x768.jpg\" alt=\"\" class=\"wp-image-6411\" srcset=\"https:\/\/www.ics.gob.cu\/wp-content\/uploads\/2024\/11\/IMG-20241129-WA0049-1024x768.jpg 1024w, https:\/\/www.ics.gob.cu\/wp-content\/uploads\/2024\/11\/IMG-20241129-WA0049-300x225.jpg 300w, https:\/\/www.ics.gob.cu\/wp-content\/uploads\/2024\/11\/IMG-20241129-WA0049-768x576.jpg 768w, https:\/\/www.ics.gob.cu\/wp-content\/uploads\/2024\/11\/IMG-20241129-WA0049.jpg 1080w\" sizes=\"auto, (max-width: 1024px) 100vw, 1024px\" \/><\/figure>\n\n\n\n<p>En estos territorios prevalece el uso de las plataformas digitales para informar y aclarar inquietudes, as\u00ed como el di\u00e1logo directo con el pueblo. En las exposiciones se mostraron significativos avances gracias al empe\u00f1o de las autoridades y la poblaci\u00f3n.<\/p>\n\n\n\n<p><strong>Intercambio enriquecedor<\/strong><\/p>\n\n\n\n<figure class=\"wp-block-image size-large\"><img loading=\"lazy\" decoding=\"async\" width=\"1024\" height=\"768\" src=\"https:\/\/www.ics.gob.cu\/wp-content\/uploads\/2024\/11\/IMG_20241129_121758-1024x768.jpg\" alt=\"\" class=\"wp-image-6412\" srcset=\"https:\/\/www.ics.gob.cu\/wp-content\/uploads\/2024\/11\/IMG_20241129_121758-1024x768.jpg 1024w, https:\/\/www.ics.gob.cu\/wp-content\/uploads\/2024\/11\/IMG_20241129_121758-300x225.jpg 300w, https:\/\/www.ics.gob.cu\/wp-content\/uploads\/2024\/11\/IMG_20241129_121758-768x576.jpg 768w, https:\/\/www.ics.gob.cu\/wp-content\/uploads\/2024\/11\/IMG_20241129_121758-1536x1152.jpg 1536w, https:\/\/www.ics.gob.cu\/wp-content\/uploads\/2024\/11\/IMG_20241129_121758-2048x1536.jpg 2048w\" sizes=\"auto, (max-width: 1024px) 100vw, 1024px\" \/><\/figure>\n\n\n\n<p>En el debate, la integrante del equipo redactor de la Ley 162 \u201cDe Comunicaci\u00f3n Social\u201d, Elsa Ag\u00fcero, hizo referencia a la necesidad de estudiar lo que establece la norma sobre la comunicaci\u00f3n comunitaria. La experta destac\u00f3 la importancia de la articulaci\u00f3n entre las instituciones y las comunidades para lograr una comunicaci\u00f3n efectiva.<\/p>\n\n\n\n<p>El presidente del instituto, <a href=\"https:\/\/twitter.com\/alfonso_noya?t=jtibekmNMmqa8MdFMT97gg&amp;s=09\"><mark style=\"background-color:rgba(0, 0, 0, 0)\" class=\"has-inline-color has-vivid-cyan-blue-color\">Alfonso Noya<\/mark><\/a>, explic\u00f3 que la combinaci\u00f3n de la teor\u00eda y la acci\u00f3n es primordial. \u201cEl desaf\u00edo es grande porque el tiempo es poco para multiplicar el conocimiento y el contexto es complejo\u201d.<\/p>\n\n\n\n<figure class=\"wp-block-image size-large\"><img loading=\"lazy\" decoding=\"async\" width=\"1024\" height=\"768\" src=\"https:\/\/www.ics.gob.cu\/wp-content\/uploads\/2024\/11\/IMG-20241129-WA0066-1024x768.jpg\" alt=\"\" class=\"wp-image-6413\" srcset=\"https:\/\/www.ics.gob.cu\/wp-content\/uploads\/2024\/11\/IMG-20241129-WA0066-1024x768.jpg 1024w, https:\/\/www.ics.gob.cu\/wp-content\/uploads\/2024\/11\/IMG-20241129-WA0066-300x225.jpg 300w, https:\/\/www.ics.gob.cu\/wp-content\/uploads\/2024\/11\/IMG-20241129-WA0066-768x576.jpg 768w, https:\/\/www.ics.gob.cu\/wp-content\/uploads\/2024\/11\/IMG-20241129-WA0066.jpg 1080w\" sizes=\"auto, (max-width: 1024px) 100vw, 1024px\" \/><\/figure>\n\n\n\n<p>Noya Mart\u00ednez dijo tambi\u00e9n que todos tenemos la responsabilidad de lograr el consenso, pues el di\u00e1logo es una necesidad mayor. \u201cLa Ley deja claros los derechos de las personas y es necesario hac\u00e9rselos entender\u201d, enfatiz\u00f3. Igualmente convoc\u00f3 a que este tipo de espacios se realice en todas las provincias del pa\u00eds y a lo largo de todo el a\u00f1o.<\/p>\n\n\n\n<p>Durante estos dos d\u00edas se han intercambiado experiencias y conocimientos necesarios para comprender c\u00f3mo,  desde de la comunicaci\u00f3n comunitaria, podemos contribuir al desarrollo del pa\u00eds. Este primer Taller Nacional es una oportunidad para socializar mediante el debate ameno y desenfadado aquellas pr\u00e1cticas que demuestran que la Ley no se convertir\u00e1 en letra muerta.<\/p>\n<div class=\"pld-like-dislike-wrap pld-template-1\">\r\n    <div class=\"pld-like-wrap  pld-common-wrap\">\r\n    <a href=\"javascript:void(0)\" class=\"pld-like-trigger pld-like-dislike-trigger\" title=\"\" data-post-id=\"6405\" data-trigger-type=\"like\" data-restriction=\"cookie\" data-already-liked=\"0\">\r\n                        <i class=\"fas fa-thumbs-up\"><\/i>\r\n                <\/a>\r\n    <span class=\"pld-like-count-wrap pld-count-wrap\">2    <\/span>\r\n<\/div><div class=\"pld-dislike-wrap  pld-common-wrap\">\r\n    <a href=\"javascript:void(0)\" class=\"pld-dislike-trigger pld-like-dislike-trigger\" title=\"\" data-post-id=\"6405\" data-trigger-type=\"dislike\" data-restriction=\"cookie\" data-already-liked=\"0\">\r\n                        <i class=\"fas fa-thumbs-down\"><\/i>\r\n                <\/a>\r\n    <span class=\"pld-dislike-count-wrap pld-count-wrap\">0<\/span>\r\n<\/div><\/div>","protected":false},"excerpt":{"rendered":"<p>C\u00f3mo hacer m\u00e1s y mejor comunicaci\u00f3n comunitaria para mayor participaci\u00f3n, di\u00e1logo y consenso en nuestra sociedad, para seguir construyendo un pa\u00eds mejor entre todos, fue el centro de atenci\u00f3n de los debates del Taller Comunicaci\u00f3n Comunitaria: \u201cRetos y perspectivas en el escenario cubano actual\u201d que concluy\u00f3 este viernes en esta capital, con la presencia del [&hellip;]<\/p>\n","protected":false},"author":6,"featured_media":6406,"comment_status":"open","ping_status":"open","sticky":false,"template":"","format":"standard","meta":{"_bbp_topic_count":0,"_bbp_reply_count":0,"_bbp_total_topic_count":0,"_bbp_total_reply_count":0,"_bbp_voice_count":0,"_bbp_anonymous_reply_count":0,"_bbp_topic_count_hidden":0,"_bbp_reply_count_hidden":0,"_bbp_forum_subforum_count":0,"_glsr_average":0,"_glsr_ranking":0,"_glsr_reviews":0,"footnotes":""},"categories":[10],"tags":[85,66,47,7,59,39],"class_list":["post-6405","post","type-post","status-publish","format-standard","has-post-thumbnail","hentry","category-nacionales","tag-comunicacion-comunitaria","tag-comunicacion-de-crisis","tag-comunicacion-social","tag-cuba","tag-educacion-para-la-comunicacion","tag-ics"],"acf":[],"_links":{"self":[{"href":"https:\/\/www.ics.gob.cu\/en\/wp-json\/wp\/v2\/posts\/6405","targetHints":{"allow":["GET"]}}],"collection":[{"href":"https:\/\/www.ics.gob.cu\/en\/wp-json\/wp\/v2\/posts"}],"about":[{"href":"https:\/\/www.ics.gob.cu\/en\/wp-json\/wp\/v2\/types\/post"}],"author":[{"embeddable":true,"href":"https:\/\/www.ics.gob.cu\/en\/wp-json\/wp\/v2\/users\/6"}],"replies":[{"embeddable":true,"href":"https:\/\/www.ics.gob.cu\/en\/wp-json\/wp\/v2\/comments?post=6405"}],"version-history":[{"count":6,"href":"https:\/\/www.ics.gob.cu\/en\/wp-json\/wp\/v2\/posts\/6405\/revisions"}],"predecessor-version":[{"id":6422,"href":"https:\/\/www.ics.gob.cu\/en\/wp-json\/wp\/v2\/posts\/6405\/revisions\/6422"}],"wp:featuredmedia":[{"embeddable":true,"href":"https:\/\/www.ics.gob.cu\/en\/wp-json\/wp\/v2\/media\/6406"}],"wp:attachment":[{"href":"https:\/\/www.ics.gob.cu\/en\/wp-json\/wp\/v2\/media?parent=6405"}],"wp:term":[{"taxonomy":"category","embeddable":true,"href":"https:\/\/www.ics.gob.cu\/en\/wp-json\/wp\/v2\/categories?post=6405"},{"taxonomy":"post_tag","embeddable":true,"href":"https:\/\/www.ics.gob.cu\/en\/wp-json\/wp\/v2\/tags?post=6405"}],"curies":[{"name":"wp","href":"https:\/\/api.w.org\/{rel}","templated":true}]}}