{"id":6430,"date":"2024-12-06T19:19:32","date_gmt":"2024-12-06T19:19:32","guid":{"rendered":"https:\/\/www.ics.gob.cu\/?p=6430"},"modified":"2024-12-06T19:25:53","modified_gmt":"2024-12-06T19:25:53","slug":"convocan-a-la-primera-edicion-del-premio-nacional-de-comunicacion-social-para-2025","status":"publish","type":"post","link":"https:\/\/www.ics.gob.cu\/en\/convocan-a-la-primera-edicion-del-premio-nacional-de-comunicacion-social-para-2025\/","title":{"rendered":"Convocan a la primera edici\u00f3n del Premio Nacional de Comunicaci\u00f3n Social para 2025"},"content":{"rendered":"<div class=\"pdfprnt-buttons pdfprnt-buttons-post pdfprnt-top-right\"><a href=\"https:\/\/www.ics.gob.cu\/en\/wp-json\/wp\/v2\/posts\/6430?print=print\" class=\"pdfprnt-button pdfprnt-button-print\" target=\"_blank\" ><img decoding=\"async\" src=\"https:\/\/www.ics.gob.cu\/wp-content\/plugins\/pdf-print\/images\/print.png\" alt=\"image_print\" title=\"Print Content\" \/><\/a><\/div>\n<p><strong>En el contexto del Encuentro Internacional de Estudiosos e Investigadores de la Comunicaci\u00f3n (ICOM 2024), el <a href=\"https:\/\/twitter.com\/IcsCuba?s=09\"><mark style=\"background-color:rgba(0, 0, 0, 0)\" class=\"has-inline-color has-vivid-cyan-blue-color\">Instituto de Informaci\u00f3n y Comunicaci\u00f3n Social (ICS) <\/mark><\/a>hizo p\u00fablica este viernes la convocatoria para la entrega en 2025, por vez primera, del Premio Nacional de Comunicaci\u00f3n Social.<\/strong><\/p>\n\n\n\n<p>Al realizar la convocatoria oficial &#8211; durante la clausura del Encuentro &#8211; el vicepresidente primero del ICS, <a href=\"https:\/\/twitter.com\/oneliocc?t=I2v96H5Kgvz03jJcNGITTA&amp;s=09\"><mark style=\"background-color:rgba(0, 0, 0, 0)\" class=\"has-inline-color has-vivid-cyan-blue-color\">Onelio Castillo Corder\u00ed<\/mark><\/a>, afirm\u00f3 que instituir esta distinci\u00f3n es consecuente con lo dispuesto en la <a href=\"https:\/\/www.ics.gob.cu\/wp-content\/uploads\/2024\/06\/goc-2024-o48.pdf\"><mark style=\"background-color:rgba(0, 0, 0, 0)\" class=\"has-inline-color has-vivid-cyan-blue-color\">Law 162\/2023 \"On Social Communication\"<\/mark><\/a>, que en su Art\u00edculo 7, (inciso t), refrenda como uno de los prop\u00f3sitos esenciales de la gesti\u00f3n estrat\u00e9gica e integrada del Sistema de Comunicaci\u00f3n Social \u201cincentivar el reconocimiento de la sociedad a los profesionales del periodismo y la comunicaci\u00f3n social en general, cuya labor se caracterice por su integralidad, alto valor creativo y repercusi\u00f3n p\u00fablica\u201d.<\/p>\n\n\n\n<p>\u201cCon la decisi\u00f3n de otorgar el galard\u00f3n, se responde tambi\u00e9n a lo pautado en el Acuerdo 9684 del Consejo de Ministros, de fecha 5 de septiembre de 2023, que actualiz\u00f3 el procedimiento para la instituci\u00f3n de los premios en el pa\u00eds\u201d, refiri\u00f3 Castillo Corder\u00ed.<\/p>\n\n\n\n<figure class=\"wp-block-image size-full\"><img loading=\"lazy\" decoding=\"async\" width=\"1020\" height=\"460\" src=\"https:\/\/www.ics.gob.cu\/wp-content\/uploads\/2024\/12\/IMG-20241206-WA0018.jpg\" alt=\"\" class=\"wp-image-6432\" srcset=\"https:\/\/www.ics.gob.cu\/wp-content\/uploads\/2024\/12\/IMG-20241206-WA0018.jpg 1020w, https:\/\/www.ics.gob.cu\/wp-content\/uploads\/2024\/12\/IMG-20241206-WA0018-300x135.jpg 300w, https:\/\/www.ics.gob.cu\/wp-content\/uploads\/2024\/12\/IMG-20241206-WA0018-768x346.jpg 768w\" sizes=\"auto, (max-width: 1020px) 100vw, 1020px\" \/><\/figure>\n\n\n\n<p>El Premio Nacional de Comunicaci\u00f3n Social constituye la m\u00e1xima distinci\u00f3n que conferir\u00e1 anualmente el ICS, en su condici\u00f3n de Organismo de la Administraci\u00f3n Central del Estado, a personas naturales cubanas, en activo o jubiladas, como reconocimiento a su ejecutoria por la obra de la vida en el campo de la comunicaci\u00f3n social, tanto en los \u00e1mbitos organizacional, medi\u00e1tico y comunitario como en procesos relativos a la formaci\u00f3n, la superaci\u00f3n y la investigaci\u00f3n.<\/p>\n\n\n\n<p>Las nominaciones del Premio se propondr\u00e1n por todas las formas organizativas en las distintas instancias del ICS, la <a href=\"https:\/\/twitter.com\/periodistascuba?t=BPqGr9fZ11BHlwPqAtOkPw&amp;s=09\"><mark style=\"background-color:rgba(0, 0, 0, 0)\" class=\"has-inline-color has-vivid-cyan-blue-color\">Uni\u00f3n de Periodistas de Cuba (UPEC)<\/mark><\/a>, la <a href=\"https:\/\/twitter.com\/ACCSNacional?t=X4SsyRZncBsmI1cZwOkrJg&amp;s=09\"><mark style=\"background-color:rgba(0, 0, 0, 0)\" class=\"has-inline-color has-vivid-cyan-blue-color\">Cuban Association of Social Communicators (ACCS)<\/mark><\/a> y los centros universitarios de la naci\u00f3n.<\/p>\n\n\n\n<figure class=\"wp-block-embed is-type-rich is-provider-x-formerly-twitter wp-block-embed-x-formerly-twitter\"><div class=\"wp-block-embed__wrapper\">\n<blockquote class=\"embedly-card\" data-card-controls=\"1\" data-card-align=\"center\" data-card-theme=\"light\"><h4><a href=\"https:\/\/twitter.com\/IcsCuba\/status\/1865111654481924134?t=_ZaNfYipualAjGptPMtIJA&#038;s=19\">Instituto de Informaci\u00f3n y Comunicaci\u00f3n Social on X (formerly Twitter): \u00ab\ud83d\udce2El vicepresidente primero del @IcsCuba, @oneliocc, en nombre de la Presidencia del Instituto y en el contexto de #ICOM2024 hizo p\u00fablica la convocatoria para la entrega en 2025, por vez primera, del Premio Nacional de Comunicaci\u00f3n Social.  \ud83d\udc47 pic.twitter.com\/4RIDeVnnvS \/ X\u00bb<\/a><\/h4><p>\ud83d\udce2El vicepresidente primero del @IcsCuba, @oneliocc, en nombre de la Presidencia del Instituto y en el contexto de #ICOM2024 hizo p\u00fablica la convocatoria para la entrega en 2025, por vez primera, del Premio Nacional de Comunicaci\u00f3n Social. \ud83d\udc47 pic.twitter.com\/4RIDeVnnvS<\/p><\/blockquote><script async src=\"\/\/cdn.embedly.com\/widgets\/platform.js\" charset=\"UTF-8\"><\/script>\n<\/div><\/figure>\n\n\n\n<p>Una Comisi\u00f3n Evaluadora Nacional, integrada por representantes institucionales del ICS, la UPEC, la ACCS y la <a href=\"https:\/\/www.facebook.com\/fcomUH?mibextid=ZbWKwL\"><mark style=\"background-color:rgba(0, 0, 0, 0)\" class=\"has-inline-color has-vivid-cyan-blue-color\">Facultad de Comunicaci\u00f3n<\/mark><\/a> de la Universidad de La Habana, as\u00ed como destacados profesionales de la comunicaci\u00f3n social en el pa\u00eds, tendr\u00e1 a su cargo la selecci\u00f3n de la propuesta para Premio Nacional de Comunicaci\u00f3n Social 2025, la cual ser\u00e1 ratificada por el Consejo de Direcci\u00f3n del ICS.<\/p>\n\n\n\n<p>Por decisi\u00f3n de la Presidencia del ICS, el Premio se entregar\u00e1 en actividad p\u00fablica oficial el 25 de mayo de 2025, fecha en la que la Asamblea Nacional del Poder Popular aprob\u00f3 en 2023 la primera Ley de Comunicaci\u00f3n Social del pa\u00eds, hecho que marc\u00f3 un hito en el proceso de legitimaci\u00f3n de este campo profesional en Cuba.<\/p>\n<div class=\"pld-like-dislike-wrap pld-template-1\">\r\n    <div class=\"pld-like-wrap  pld-common-wrap\">\r\n    <a href=\"javascript:void(0)\" class=\"pld-like-trigger pld-like-dislike-trigger\" title=\"\" data-post-id=\"6430\" data-trigger-type=\"like\" data-restriction=\"cookie\" data-already-liked=\"0\">\r\n                        <i class=\"fas fa-thumbs-up\"><\/i>\r\n                <\/a>\r\n    <span class=\"pld-like-count-wrap pld-count-wrap\">2    <\/span>\r\n<\/div><div class=\"pld-dislike-wrap  pld-common-wrap\">\r\n    <a href=\"javascript:void(0)\" class=\"pld-dislike-trigger pld-like-dislike-trigger\" title=\"\" data-post-id=\"6430\" data-trigger-type=\"dislike\" data-restriction=\"cookie\" data-already-liked=\"0\">\r\n                        <i class=\"fas fa-thumbs-down\"><\/i>\r\n                <\/a>\r\n    <span class=\"pld-dislike-count-wrap pld-count-wrap\">0<\/span>\r\n<\/div><\/div>","protected":false},"excerpt":{"rendered":"<p>En el contexto del Encuentro Internacional de Estudiosos e Investigadores de la Comunicaci\u00f3n (ICOM 2024), el Instituto de Informaci\u00f3n y Comunicaci\u00f3n Social (ICS) hizo p\u00fablica este viernes la convocatoria para la entrega en 2025, por vez primera, del Premio Nacional de Comunicaci\u00f3n Social. Al realizar la convocatoria oficial &#8211; durante la clausura del Encuentro &#8211; [&hellip;]<\/p>\n","protected":false},"author":7,"featured_media":6431,"comment_status":"open","ping_status":"open","sticky":false,"template":"","format":"standard","meta":{"_bbp_topic_count":0,"_bbp_reply_count":0,"_bbp_total_topic_count":0,"_bbp_total_reply_count":0,"_bbp_voice_count":0,"_bbp_anonymous_reply_count":0,"_bbp_topic_count_hidden":0,"_bbp_reply_count_hidden":0,"_bbp_forum_subforum_count":0,"_glsr_average":0,"_glsr_ranking":0,"_glsr_reviews":0,"footnotes":""},"categories":[10],"tags":[47,7,59,39],"class_list":["post-6430","post","type-post","status-publish","format-standard","has-post-thumbnail","hentry","category-nacionales","tag-comunicacion-social","tag-cuba","tag-educacion-para-la-comunicacion","tag-ics"],"acf":[],"_links":{"self":[{"href":"https:\/\/www.ics.gob.cu\/en\/wp-json\/wp\/v2\/posts\/6430","targetHints":{"allow":["GET"]}}],"collection":[{"href":"https:\/\/www.ics.gob.cu\/en\/wp-json\/wp\/v2\/posts"}],"about":[{"href":"https:\/\/www.ics.gob.cu\/en\/wp-json\/wp\/v2\/types\/post"}],"author":[{"embeddable":true,"href":"https:\/\/www.ics.gob.cu\/en\/wp-json\/wp\/v2\/users\/7"}],"replies":[{"embeddable":true,"href":"https:\/\/www.ics.gob.cu\/en\/wp-json\/wp\/v2\/comments?post=6430"}],"version-history":[{"count":3,"href":"https:\/\/www.ics.gob.cu\/en\/wp-json\/wp\/v2\/posts\/6430\/revisions"}],"predecessor-version":[{"id":6552,"href":"https:\/\/www.ics.gob.cu\/en\/wp-json\/wp\/v2\/posts\/6430\/revisions\/6552"}],"wp:featuredmedia":[{"embeddable":true,"href":"https:\/\/www.ics.gob.cu\/en\/wp-json\/wp\/v2\/media\/6431"}],"wp:attachment":[{"href":"https:\/\/www.ics.gob.cu\/en\/wp-json\/wp\/v2\/media?parent=6430"}],"wp:term":[{"taxonomy":"category","embeddable":true,"href":"https:\/\/www.ics.gob.cu\/en\/wp-json\/wp\/v2\/categories?post=6430"},{"taxonomy":"post_tag","embeddable":true,"href":"https:\/\/www.ics.gob.cu\/en\/wp-json\/wp\/v2\/tags?post=6430"}],"curies":[{"name":"wp","href":"https:\/\/api.w.org\/{rel}","templated":true}]}}