{"id":6437,"date":"2024-12-09T20:15:43","date_gmt":"2024-12-09T20:15:43","guid":{"rendered":"https:\/\/www.ics.gob.cu\/?p=6437"},"modified":"2024-12-09T20:15:45","modified_gmt":"2024-12-09T20:15:45","slug":"inicio-viii-taller-internacional-oportunidades-y-desafios-del-audiovisual-en-el-contexto-regional","status":"publish","type":"post","link":"https:\/\/www.ics.gob.cu\/en\/inicio-viii-taller-internacional-oportunidades-y-desafios-del-audiovisual-en-el-contexto-regional\/","title":{"rendered":"Inici\u00f3 VIII Taller Internacional Oportunidades y Desaf\u00edos del Audiovisual en el Contexto Regional"},"content":{"rendered":"<div class=\"pdfprnt-buttons pdfprnt-buttons-post pdfprnt-top-right\"><a href=\"https:\/\/www.ics.gob.cu\/en\/wp-json\/wp\/v2\/posts\/6437?print=print\" class=\"pdfprnt-button pdfprnt-button-print\" target=\"_blank\" ><img decoding=\"async\" src=\"https:\/\/www.ics.gob.cu\/wp-content\/plugins\/pdf-print\/images\/print.png\" alt=\"image_print\" title=\"Print Content\" \/><\/a><\/div>\n<p>El VIII Taller Internacional Oportunidades y Desaf\u00edos del Audiovisual en el Contexto Regional abri\u00f3 sus puertas esta ma\u00f1ana en la sala Taganana del Hotel Nacional de Cuba con la presencia del presidente del Instituto de Informaci\u00f3n y Comunicaci\u00f3n Social (ICS), Alfonso Noya y otros directivos del centro, del Instituto Cubano del Arte e Industria Cinematogr\u00e1ficos y la Fundaci\u00f3n del Nuevo Cine Latinoamericano.<\/p>\n\n\n\n<p>Alquimia Pe\u00f1a, directora de la Fundaci\u00f3n del Nuevo Cine Latinoamericano, en la palabras de apertura se refiri\u00f3 a los desaf\u00edos cotidianos que enfrenta el audiovisual, en Cuba y en la regi\u00f3n, no solamente en lo referente a recursos y tecnolog\u00edas, sino tambi\u00e9n ante las tendencias hegem\u00f3nicas, la violaci\u00f3n de los derechos culturales de las naciones, la banalizaci\u00f3n del arte, entre otros temas, \u00aby precisamente por esto es que luchamos hace tantos a\u00f1os, por concertar espacios como este, que constituyen una labor estrat\u00e9gica en beneficio del desarrollo, la integraci\u00f3n y la memoria de nuestra cinematograf\u00eda\u00bb.<\/p>\n\n\n\n<figure class=\"wp-block-gallery has-nested-images columns-default is-cropped wp-block-gallery-1 is-layout-flex wp-block-gallery-is-layout-flex\">\n<figure class=\"wp-block-image size-full\"><img loading=\"lazy\" decoding=\"async\" width=\"1020\" height=\"460\" data-id=\"6439\" src=\"https:\/\/www.ics.gob.cu\/wp-content\/uploads\/2024\/12\/1000169209.jpg\" alt=\"\" class=\"wp-image-6439\" srcset=\"https:\/\/www.ics.gob.cu\/wp-content\/uploads\/2024\/12\/1000169209.jpg 1020w, https:\/\/www.ics.gob.cu\/wp-content\/uploads\/2024\/12\/1000169209-300x135.jpg 300w, https:\/\/www.ics.gob.cu\/wp-content\/uploads\/2024\/12\/1000169209-768x346.jpg 768w\" sizes=\"auto, (max-width: 1020px) 100vw, 1020px\" \/><\/figure>\n<\/figure>\n\n\n\n<p>\u00abRecibirles en La Habana, en el contexto del 45 Festival Internacional del Nuevo Cine Latinoamericano y en medio de la coyuntura internacional que se vive hoy es para nosotros un gran regocijo\u00bb, expres\u00f3 el miembro del consejo superior de la Fundaci\u00f3n del Nuevo Cine Latinoamericano, Waldo Ram\u00edrez.<\/p>\n\n\n\n<p>Sobre el trabajo y la misi\u00f3n del Instituto de Informaci\u00f3n y Comunicaci\u00f3n Social coment\u00f3 Ram\u00edrez, quien reconoci\u00f3 tambi\u00e9n la labor de las instituciones asociadas a la realizaci\u00f3n del Festival.<\/p>\n\n\n\n<p>\u00abPoder articularnos en intereses comunes es uno de los prop\u00f3sitos del Taller\u00bb agreg\u00f3 el tambi\u00e9n asesor del presidente del ICS.<\/p>\n\n\n\n<figure class=\"wp-block-embed is-type-rich is-provider-x-formerly-twitter wp-block-embed-x-formerly-twitter\"><div class=\"wp-block-embed__wrapper\">\n<blockquote class=\"embedly-card\" data-card-controls=\"1\" data-card-align=\"center\" data-card-theme=\"light\"><h4><a href=\"https:\/\/twitter.com\/IcsCuba\/status\/1866163097268081072?t=gNzTkMU3RUMx-AjxzNk6Ew&#038;s=19\">Instituto de Informaci\u00f3n y Comunicaci\u00f3n Social on X (formerly Twitter): \u00abEl VIII Taller Internacional \u00abOportunidades y Desaf\u00edos del audiovisual en el contexto regional\u00bb inici\u00f3 esta ma\u00f1ana en la Sala Taganana del Hotel Nacional de #Cuba, con la presencia del presidente del @IcsCuba, @alfonso_noya pic.twitter.com\/EgUs9b3EMx \/ X\u00bb<\/a><\/h4><p>El VIII Taller Internacional \u00abOportunidades y Desaf\u00edos del audiovisual en el contexto regional\u00bb inici\u00f3 esta ma\u00f1ana en la Sala Taganana del Hotel Nacional de #Cuba, con la presencia del presidente del @IcsCuba, @alfonso_noya pic.twitter.com\/EgUs9b3EMx<\/p><\/blockquote><script async src=\"\/\/cdn.embedly.com\/widgets\/platform.js\" charset=\"UTF-8\"><\/script>\n<\/div><\/figure>\n\n\n\n\n\n\n\n<p>El encuentro sesionar\u00e1 hasta el d\u00eda 12 de este mes y se abordar\u00e1n temas que reclaman atenci\u00f3n prioritaria en el contexto del espacio audiovisual latinoamericano y caribe\u00f1o, as\u00ed como ser\u00e1 el escenario para intercambiar sobre temas como patrimonio audiovisual y memoria hist\u00f3rica, retos de la circulaci\u00f3n de cine independiente en la regi\u00f3n, el devenir del cine latinoamericano y caribe\u00f1o en los 45 a\u00f1os del Festival, nuevos modelos de producci\u00f3n y circulaci\u00f3n, entre otros.<\/p>\n\n\n\n<p><\/p>\n<div class=\"pld-like-dislike-wrap pld-template-1\">\r\n    <div class=\"pld-like-wrap  pld-common-wrap\">\r\n    <a href=\"javascript:void(0)\" class=\"pld-like-trigger pld-like-dislike-trigger\" title=\"\" data-post-id=\"6437\" data-trigger-type=\"like\" data-restriction=\"cookie\" data-already-liked=\"0\">\r\n                        <i class=\"fas fa-thumbs-up\"><\/i>\r\n                <\/a>\r\n    <span class=\"pld-like-count-wrap pld-count-wrap\">0    <\/span>\r\n<\/div><div class=\"pld-dislike-wrap  pld-common-wrap\">\r\n    <a href=\"javascript:void(0)\" class=\"pld-dislike-trigger pld-like-dislike-trigger\" title=\"\" data-post-id=\"6437\" data-trigger-type=\"dislike\" data-restriction=\"cookie\" data-already-liked=\"0\">\r\n                        <i class=\"fas fa-thumbs-down\"><\/i>\r\n                <\/a>\r\n    <span class=\"pld-dislike-count-wrap pld-count-wrap\">0<\/span>\r\n<\/div><\/div>","protected":false},"excerpt":{"rendered":"<p>El VIII Taller Internacional Oportunidades y Desaf\u00edos del Audiovisual en el Contexto Regional abri\u00f3 sus puertas esta ma\u00f1ana en la sala Taganana del Hotel Nacional de Cuba con la presencia del presidente del Instituto de Informaci\u00f3n y Comunicaci\u00f3n Social (ICS), Alfonso Noya y otros directivos del centro, del Instituto Cubano del Arte e Industria Cinematogr\u00e1ficos [&hellip;]<\/p>\n","protected":false},"author":7,"featured_media":6447,"comment_status":"open","ping_status":"open","sticky":false,"template":"","format":"standard","meta":{"_bbp_topic_count":0,"_bbp_reply_count":0,"_bbp_total_topic_count":0,"_bbp_total_reply_count":0,"_bbp_voice_count":0,"_bbp_anonymous_reply_count":0,"_bbp_topic_count_hidden":0,"_bbp_reply_count_hidden":0,"_bbp_forum_subforum_count":0,"_glsr_average":0,"_glsr_ranking":0,"_glsr_reviews":0,"footnotes":""},"categories":[10],"tags":[47,7,86,39],"class_list":["post-6437","post","type-post","status-publish","format-standard","has-post-thumbnail","hentry","category-nacionales","tag-comunicacion-social","tag-cuba","tag-festival-del-nuevo-cine-latinoamericano","tag-ics"],"acf":[],"_links":{"self":[{"href":"https:\/\/www.ics.gob.cu\/en\/wp-json\/wp\/v2\/posts\/6437","targetHints":{"allow":["GET"]}}],"collection":[{"href":"https:\/\/www.ics.gob.cu\/en\/wp-json\/wp\/v2\/posts"}],"about":[{"href":"https:\/\/www.ics.gob.cu\/en\/wp-json\/wp\/v2\/types\/post"}],"author":[{"embeddable":true,"href":"https:\/\/www.ics.gob.cu\/en\/wp-json\/wp\/v2\/users\/7"}],"replies":[{"embeddable":true,"href":"https:\/\/www.ics.gob.cu\/en\/wp-json\/wp\/v2\/comments?post=6437"}],"version-history":[{"count":10,"href":"https:\/\/www.ics.gob.cu\/en\/wp-json\/wp\/v2\/posts\/6437\/revisions"}],"predecessor-version":[{"id":6456,"href":"https:\/\/www.ics.gob.cu\/en\/wp-json\/wp\/v2\/posts\/6437\/revisions\/6456"}],"wp:featuredmedia":[{"embeddable":true,"href":"https:\/\/www.ics.gob.cu\/en\/wp-json\/wp\/v2\/media\/6447"}],"wp:attachment":[{"href":"https:\/\/www.ics.gob.cu\/en\/wp-json\/wp\/v2\/media?parent=6437"}],"wp:term":[{"taxonomy":"category","embeddable":true,"href":"https:\/\/www.ics.gob.cu\/en\/wp-json\/wp\/v2\/categories?post=6437"},{"taxonomy":"post_tag","embeddable":true,"href":"https:\/\/www.ics.gob.cu\/en\/wp-json\/wp\/v2\/tags?post=6437"}],"curies":[{"name":"wp","href":"https:\/\/api.w.org\/{rel}","templated":true}]}}