{"id":6458,"date":"2024-12-15T19:36:53","date_gmt":"2024-12-15T19:36:53","guid":{"rendered":"https:\/\/www.ics.gob.cu\/?p=6458"},"modified":"2024-12-15T19:36:56","modified_gmt":"2024-12-15T19:36:56","slug":"a-sus-95-anos-radio-progreso-se-reafirma-emisora-de-la-familia-cubana","status":"publish","type":"post","link":"https:\/\/www.ics.gob.cu\/en\/a-sus-95-anos-radio-progreso-se-reafirma-emisora-de-la-familia-cubana\/","title":{"rendered":"A sus 95 a\u00f1os, Radio Progreso se reafirma emisora de la familia Cubana"},"content":{"rendered":"<div class=\"pdfprnt-buttons pdfprnt-buttons-post pdfprnt-top-right\"><a href=\"https:\/\/www.ics.gob.cu\/en\/wp-json\/wp\/v2\/posts\/6458?print=print\" class=\"pdfprnt-button pdfprnt-button-print\" target=\"_blank\" ><img decoding=\"async\" src=\"https:\/\/www.ics.gob.cu\/wp-content\/plugins\/pdf-print\/images\/print.png\" alt=\"image_print\" title=\"Print Content\" \/><\/a><\/div>\n<p>Radio Progreso reafirm\u00f3 en esta ma\u00f1ana de domingo por qu\u00e9 es y ser\u00e1 siempre la \u00abOnda de la Alegr\u00eda\u00bb, al recibir en el emblem\u00e1tico Estudio 1 a m\u00e1s de un centenar de radioyentes que se mezclaron en un hermoso abrazo compartido con actores, locutores, directivos, t\u00e9cnicos, escritores y un hermoso elenco de varias generaciones.<\/p>\n\n\n\n<p>Al encuentro asistieron  la funcionaria del departamento ideologico del Comit\u00e9 Central del Partido Comunista de Cuba, Liuba Moreno , el presidente del Instituto de Informaci\u00f3n y Comunicaci\u00f3n Social (ICS), Alfonso Noya Martinez, su vicepresidente primero, Onelio Castillo Corderi, la Directora General de la Radio Cubana, Yuzaima Cardona y el presidente de la Uni\u00f3n de Periodistas de Cuba, Ricardo Ronquillo Bello. <\/p>\n\n\n\n<figure class=\"wp-block-gallery has-nested-images columns-default is-cropped wp-block-gallery-1 is-layout-flex wp-block-gallery-is-layout-flex\">\n<figure class=\"wp-block-image size-large\"><img loading=\"lazy\" decoding=\"async\" width=\"720\" height=\"960\" data-id=\"6459\" src=\"https:\/\/www.ics.gob.cu\/wp-content\/uploads\/2024\/12\/1000173761.jpg\" alt=\"\" class=\"wp-image-6459\" srcset=\"https:\/\/www.ics.gob.cu\/wp-content\/uploads\/2024\/12\/1000173761.jpg 720w, https:\/\/www.ics.gob.cu\/wp-content\/uploads\/2024\/12\/1000173761-225x300.jpg 225w\" sizes=\"auto, (max-width: 720px) 100vw, 720px\" \/><\/figure>\n<\/figure>\n\n\n\n<p>La ocasi\u00f3n fue propicia para la cancelaci\u00f3n de un sello postal en homenaje a este aniversario 95 de la emisora, por parte de Alfonso Noya y otros directivos y por el vicepresidente de la Empresa Correos de Cuba, Rub\u00e9n Morales, con lo cual se inserta este momento en la historia de la fitatelia cubana.<\/p>\n\n\n\n<p>Varios reconocimientos fueron entregados a Radio Progreso por parte del ICS, la direcci\u00f3n de la Radio Cubana, la UPEC y otras instituciones, en agradecimiento a tantos a\u00f1os de entrega y compromiso con el pueblo, por ser un importante reservorio cultural de la naci\u00f3n.<\/p>\n\n\n\n<p>Varios momentos especiales sobrevinieron durante casi dos horas, en los que se entretejieron dramatizados, mon\u00f3logos, humor, m\u00fasica campesina, bailes y cantos que hicieron vibrar a los presentes que en m\u00e1s de una ocasi\u00f3n regalaron una cerrada ovaci\u00f3n a los que por tantos a\u00f1os le han ofrecido tantas alegr\u00edas y a los nuevos que se suman, incluyendo colectivos de programas infantiles que tambi\u00e9n fueron reconocidos.<\/p>\n\n\n\n<figure class=\"wp-block-gallery has-nested-images columns-default is-cropped wp-block-gallery-2 is-layout-flex wp-block-gallery-is-layout-flex\">\n<figure class=\"wp-block-image size-large\"><img loading=\"lazy\" decoding=\"async\" width=\"720\" height=\"540\" data-id=\"6460\" src=\"https:\/\/www.ics.gob.cu\/wp-content\/uploads\/2024\/12\/1000173762.jpg\" alt=\"\" class=\"wp-image-6460\" srcset=\"https:\/\/www.ics.gob.cu\/wp-content\/uploads\/2024\/12\/1000173762.jpg 720w, https:\/\/www.ics.gob.cu\/wp-content\/uploads\/2024\/12\/1000173762-300x225.jpg 300w\" sizes=\"auto, (max-width: 720px) 100vw, 720px\" \/><\/figure>\n<\/figure>\n\n\n\n<p>La Medalla Ra\u00fal G\u00f3mez Garc\u00eda que otorga el Sindicato Nacional de trabajadores de la Cultura tambi\u00e9n fue entregado a cuatros profesionales destacados por parte de integrantes del Secretariado Provincial de este Sindicato y el Bur\u00f3 Sindical del ICS.<\/p>\n\n\n\n<p>Fue, en definitiva una jornada de muchas emociones, tal como lo merecen nuestros radioyentes.<\/p>\n\n\n\n<figure class=\"wp-block-embed is-type-rich is-provider-x-formerly-twitter wp-block-embed-x-formerly-twitter\"><div class=\"wp-block-embed__wrapper\">\n<blockquote class=\"embedly-card\" data-card-controls=\"1\" data-card-align=\"center\" data-card-theme=\"light\"><h4><a href=\"https:\/\/twitter.com\/IcsCuba\/status\/1868365895757902055?t=796_C64uloCApFg3pDQn7w&#038;s=19\">Instituto de Informaci\u00f3n y Comunicaci\u00f3n Social on X (formerly Twitter): \u00abCon la presencia de @liubamoreno, funcionaria del Comit\u00e9 Central del @PartidoPCC, el presidente y el vicepresidente primero del ICS, @alfonso_noya y @oneliocc, respectivamente, se realiz\u00f3 en el estudio 1 de @RP_OndaAlegria, la Gala Cultural por el 95 aniversario de la emisora \ud83d\udc47 pic.twitter.com\/hy1rpcZTRb \/ X\u00bb<\/a><\/h4><p>Con la presencia de @liubamoreno, funcionaria del Comit\u00e9 Central del @PartidoPCC, el presidente y el vicepresidente primero del ICS, @alfonso_noya y @oneliocc, respectivamente, se realiz\u00f3 en el estudio 1 de @RP_OndaAlegria, la Gala Cultural por el 95 aniversario de la emisora \ud83d\udc47 pic.twitter.com\/hy1rpcZTRb<\/p><\/blockquote><script async src=\"\/\/cdn.embedly.com\/widgets\/platform.js\" charset=\"UTF-8\"><\/script>\n<\/div><\/figure>\n<div class=\"pld-like-dislike-wrap pld-template-1\">\r\n    <div class=\"pld-like-wrap  pld-common-wrap\">\r\n    <a href=\"javascript:void(0)\" class=\"pld-like-trigger pld-like-dislike-trigger\" title=\"\" data-post-id=\"6458\" data-trigger-type=\"like\" data-restriction=\"cookie\" data-already-liked=\"0\">\r\n                        <i class=\"fas fa-thumbs-up\"><\/i>\r\n                <\/a>\r\n    <span class=\"pld-like-count-wrap pld-count-wrap\">0    <\/span>\r\n<\/div><div class=\"pld-dislike-wrap  pld-common-wrap\">\r\n    <a href=\"javascript:void(0)\" class=\"pld-dislike-trigger pld-like-dislike-trigger\" title=\"\" data-post-id=\"6458\" data-trigger-type=\"dislike\" data-restriction=\"cookie\" data-already-liked=\"0\">\r\n                        <i class=\"fas fa-thumbs-down\"><\/i>\r\n                <\/a>\r\n    <span class=\"pld-dislike-count-wrap pld-count-wrap\">0<\/span>\r\n<\/div><\/div>","protected":false},"excerpt":{"rendered":"<p>Radio Progreso reafirm\u00f3 en esta ma\u00f1ana de domingo por qu\u00e9 es y ser\u00e1 siempre la \u00abOnda de la Alegr\u00eda\u00bb, al recibir en el emblem\u00e1tico Estudio 1 a m\u00e1s de un centenar de radioyentes que se mezclaron en un hermoso abrazo compartido con actores, locutores, directivos, t\u00e9cnicos, escritores y un hermoso elenco de varias generaciones. Al [&hellip;]<\/p>\n","protected":false},"author":8,"featured_media":6465,"comment_status":"open","ping_status":"open","sticky":false,"template":"","format":"standard","meta":{"_bbp_topic_count":0,"_bbp_reply_count":0,"_bbp_total_topic_count":0,"_bbp_total_reply_count":0,"_bbp_voice_count":0,"_bbp_anonymous_reply_count":0,"_bbp_topic_count_hidden":0,"_bbp_reply_count_hidden":0,"_bbp_forum_subforum_count":0,"_glsr_average":0,"_glsr_ranking":0,"_glsr_reviews":0,"footnotes":""},"categories":[10],"tags":[47,7,39,67,76],"class_list":["post-6458","post","type-post","status-publish","format-standard","has-post-thumbnail","hentry","category-nacionales","tag-comunicacion-social","tag-cuba","tag-ics","tag-radio-cubana","tag-television-cubana"],"acf":[],"_links":{"self":[{"href":"https:\/\/www.ics.gob.cu\/en\/wp-json\/wp\/v2\/posts\/6458","targetHints":{"allow":["GET"]}}],"collection":[{"href":"https:\/\/www.ics.gob.cu\/en\/wp-json\/wp\/v2\/posts"}],"about":[{"href":"https:\/\/www.ics.gob.cu\/en\/wp-json\/wp\/v2\/types\/post"}],"author":[{"embeddable":true,"href":"https:\/\/www.ics.gob.cu\/en\/wp-json\/wp\/v2\/users\/8"}],"replies":[{"embeddable":true,"href":"https:\/\/www.ics.gob.cu\/en\/wp-json\/wp\/v2\/comments?post=6458"}],"version-history":[{"count":4,"href":"https:\/\/www.ics.gob.cu\/en\/wp-json\/wp\/v2\/posts\/6458\/revisions"}],"predecessor-version":[{"id":6467,"href":"https:\/\/www.ics.gob.cu\/en\/wp-json\/wp\/v2\/posts\/6458\/revisions\/6467"}],"wp:featuredmedia":[{"embeddable":true,"href":"https:\/\/www.ics.gob.cu\/en\/wp-json\/wp\/v2\/media\/6465"}],"wp:attachment":[{"href":"https:\/\/www.ics.gob.cu\/en\/wp-json\/wp\/v2\/media?parent=6458"}],"wp:term":[{"taxonomy":"category","embeddable":true,"href":"https:\/\/www.ics.gob.cu\/en\/wp-json\/wp\/v2\/categories?post=6458"},{"taxonomy":"post_tag","embeddable":true,"href":"https:\/\/www.ics.gob.cu\/en\/wp-json\/wp\/v2\/tags?post=6458"}],"curies":[{"name":"wp","href":"https:\/\/api.w.org\/{rel}","templated":true}]}}