{"id":6470,"date":"2024-12-20T23:30:12","date_gmt":"2024-12-20T23:30:12","guid":{"rendered":"https:\/\/www.ics.gob.cu\/?p=6470"},"modified":"2024-12-20T23:30:15","modified_gmt":"2024-12-20T23:30:15","slug":"cuba-pierde-un-gran-amigo","status":"publish","type":"post","link":"https:\/\/www.ics.gob.cu\/en\/cuba-pierde-un-gran-amigo\/","title":{"rendered":"CUBA PIERDE UN GRAN AMIGO"},"content":{"rendered":"<div class=\"pdfprnt-buttons pdfprnt-buttons-post pdfprnt-top-right\"><a href=\"https:\/\/www.ics.gob.cu\/en\/wp-json\/wp\/v2\/posts\/6470?print=print\" class=\"pdfprnt-button pdfprnt-button-print\" target=\"_blank\" ><img decoding=\"async\" src=\"https:\/\/www.ics.gob.cu\/wp-content\/plugins\/pdf-print\/images\/print.png\" alt=\"image_print\" title=\"Print Content\" \/><\/a><\/div>\n<p><strong>Por: Humberto Fabi\u00e1n Su\u00e1rez. Presidente del Consejo de la Marca Pa\u00eds<\/strong><\/p>\n\n\n\n<p><strong>La noticia sorprendi\u00f3 a muchos. Acostumbrados a su vitalidad e intensa vida profesional, pocos reparamos en su edad y las veleidades de la salud.<\/strong><\/p>\n\n\n\n<p>Norberto Chaves nos dej\u00f3 f\u00edsicamente, pero su legado en el campo del dise\u00f1o y de la comunicaci\u00f3n social, en general, tiene que ser necesariamente revisitado una y otra vez, por su valiosa contribuci\u00f3n y sus acertadas ense\u00f1anzas.<\/p>\n\n\n\n<p>Nunca podremos agradecer suficientemente su trabajo de coordinaci\u00f3n del equipo de dise\u00f1adores cubanos y argentinos que conceptualiz\u00f3 y dise\u00f1\u00f3 la marca destino del turismo cubano en los albores de este siglo, que despu\u00e9s devino en <a href=\"https:\/\/www.ics.gob.cu\/en\/consejo-marca-pais\/\"><mark style=\"background-color:rgba(0, 0, 0, 0)\" class=\"has-inline-color has-vivid-cyan-blue-color\">Brand Council<\/mark><\/a>.<\/p>\n\n\n\n<p>A ese prop\u00f3sito entreg\u00f3 toda su pasi\u00f3n, que se multiplic\u00f3 en sus numerosos viajes a Cuba para contribuir a la gesti\u00f3n de ese signo oficial indicativo de nuestra naci\u00f3n, que defendi\u00f3 en aquellos escenarios for\u00e1neos donde este tema exig\u00eda su presencia.<\/p>\n\n\n\n<p>Blasonaba con orgullo de su condici\u00f3n de Profesor Invitado del Instituto Superior de Dise\u00f1o (ISDi) de la nuestra isla y era presencia recurrente en sus aulas donde ense\u00f1\u00f3 a varias generaciones de dise\u00f1adores cubanos, as\u00ed como su participaci\u00f3n en importantes eventos convocados por la Oficina Nacional de Dise\u00f1o (ONDi) y la <a href=\"https:\/\/www.facebook.com\/share\/17bbbDinnq\/\"><mark style=\"background-color:rgba(0, 0, 0, 0)\" class=\"has-inline-color has-vivid-cyan-blue-color\">Cuban Association of Social Communicators (ACCS)<\/mark><\/a>.<\/p>\n\n\n\n<p>Por sus aportes al desarrollo de la comunicaci\u00f3n social cubana fue reconocido con el Premio Espacio Por la Obra de la Vida, m\u00e1xima distinci\u00f3n que otorga esa organizaci\u00f3n social de car\u00e1cter profesional.<\/p>\n\n\n\n<p>Autor de numerosos libros y art\u00edculos, deja una obra de incalculable valor y referencia para quienes se desempe\u00f1an en el campo del dise\u00f1o, la gesti\u00f3n de marcas y la identidad corporativa, entre otras especialidades y disciplinas, sin obviar aquellas que fueron fruto de su vasta cultura.<\/p>\n\n\n\n<p>Argentino de nacimiento, se vio obligado a abandonar su tierra natal en los tiempos de la dictadura militar por su militancia pol\u00edtica de izquierda, para asentarse en Barcelona, Catalu\u00f1a.<\/p>\n\n\n\n<p>Agudo analista, \u00e1cido con los que hac\u00edan concesiones al mercado, en detrimento de su \u00e9tica y profesi\u00f3n; Chaves, el mel\u00f3mano por excelencia, ya no estar\u00e1 con nosotros f\u00edsicamente o desde sus afilados art\u00edculos en ForoAlfa.<\/p>\n\n\n\n<p>Pero, nadie podr\u00e1 olvidar su fino olfato pol\u00edtico, la profundidad de su pensamiento, el aporte a nuestras profesiones y su inclaudicable amor por Cuba.<\/p>\n<div class=\"pld-like-dislike-wrap pld-template-1\">\r\n    <div class=\"pld-like-wrap  pld-common-wrap\">\r\n    <a href=\"javascript:void(0)\" class=\"pld-like-trigger pld-like-dislike-trigger\" title=\"\" data-post-id=\"6470\" data-trigger-type=\"like\" data-restriction=\"cookie\" data-already-liked=\"0\">\r\n                        <i class=\"fas fa-thumbs-up\"><\/i>\r\n                <\/a>\r\n    <span class=\"pld-like-count-wrap pld-count-wrap\">4    <\/span>\r\n<\/div><div class=\"pld-dislike-wrap  pld-common-wrap\">\r\n    <a href=\"javascript:void(0)\" class=\"pld-dislike-trigger pld-like-dislike-trigger\" title=\"\" data-post-id=\"6470\" data-trigger-type=\"dislike\" data-restriction=\"cookie\" data-already-liked=\"0\">\r\n                        <i class=\"fas fa-thumbs-down\"><\/i>\r\n                <\/a>\r\n    <span class=\"pld-dislike-count-wrap pld-count-wrap\">0<\/span>\r\n<\/div><\/div>","protected":false},"excerpt":{"rendered":"<p>Por: Humberto Fabi\u00e1n Su\u00e1rez. Presidente del Consejo de la Marca Pa\u00eds La noticia sorprendi\u00f3 a muchos. Acostumbrados a su vitalidad e intensa vida profesional, pocos reparamos en su edad y las veleidades de la salud. Norberto Chaves nos dej\u00f3 f\u00edsicamente, pero su legado en el campo del dise\u00f1o y de la comunicaci\u00f3n social, en general, [&hellip;]<\/p>\n","protected":false},"author":7,"featured_media":6471,"comment_status":"open","ping_status":"open","sticky":false,"template":"","format":"standard","meta":{"_bbp_topic_count":0,"_bbp_reply_count":0,"_bbp_total_topic_count":0,"_bbp_total_reply_count":0,"_bbp_voice_count":0,"_bbp_anonymous_reply_count":0,"_bbp_topic_count_hidden":0,"_bbp_reply_count_hidden":0,"_bbp_forum_subforum_count":0,"_glsr_average":0,"_glsr_ranking":0,"_glsr_reviews":0,"footnotes":""},"categories":[11],"tags":[47,7,39,49],"class_list":["post-6470","post","type-post","status-publish","format-standard","has-post-thumbnail","hentry","category-internacionales","tag-comunicacion-social","tag-cuba","tag-ics","tag-marca-pais"],"acf":[],"_links":{"self":[{"href":"https:\/\/www.ics.gob.cu\/en\/wp-json\/wp\/v2\/posts\/6470","targetHints":{"allow":["GET"]}}],"collection":[{"href":"https:\/\/www.ics.gob.cu\/en\/wp-json\/wp\/v2\/posts"}],"about":[{"href":"https:\/\/www.ics.gob.cu\/en\/wp-json\/wp\/v2\/types\/post"}],"author":[{"embeddable":true,"href":"https:\/\/www.ics.gob.cu\/en\/wp-json\/wp\/v2\/users\/7"}],"replies":[{"embeddable":true,"href":"https:\/\/www.ics.gob.cu\/en\/wp-json\/wp\/v2\/comments?post=6470"}],"version-history":[{"count":2,"href":"https:\/\/www.ics.gob.cu\/en\/wp-json\/wp\/v2\/posts\/6470\/revisions"}],"predecessor-version":[{"id":6473,"href":"https:\/\/www.ics.gob.cu\/en\/wp-json\/wp\/v2\/posts\/6470\/revisions\/6473"}],"wp:featuredmedia":[{"embeddable":true,"href":"https:\/\/www.ics.gob.cu\/en\/wp-json\/wp\/v2\/media\/6471"}],"wp:attachment":[{"href":"https:\/\/www.ics.gob.cu\/en\/wp-json\/wp\/v2\/media?parent=6470"}],"wp:term":[{"taxonomy":"category","embeddable":true,"href":"https:\/\/www.ics.gob.cu\/en\/wp-json\/wp\/v2\/categories?post=6470"},{"taxonomy":"post_tag","embeddable":true,"href":"https:\/\/www.ics.gob.cu\/en\/wp-json\/wp\/v2\/tags?post=6470"}],"curies":[{"name":"wp","href":"https:\/\/api.w.org\/{rel}","templated":true}]}}