{"id":6474,"date":"2024-12-24T03:54:25","date_gmt":"2024-12-24T03:54:25","guid":{"rendered":"https:\/\/www.ics.gob.cu\/?p=6474"},"modified":"2024-12-24T04:04:08","modified_gmt":"2024-12-24T04:04:08","slug":"reconoce-ics-a-colectivos-laborales-destacados-en-2024","status":"publish","type":"post","link":"https:\/\/www.ics.gob.cu\/en\/reconoce-ics-a-colectivos-laborales-destacados-en-2024\/","title":{"rendered":"Reconoce ICS a colectivos laborales destacados en 2024"},"content":{"rendered":"<div class=\"pdfprnt-buttons pdfprnt-buttons-post pdfprnt-top-right\"><a href=\"https:\/\/www.ics.gob.cu\/en\/wp-json\/wp\/v2\/posts\/6474?print=print\" class=\"pdfprnt-button pdfprnt-button-print\" target=\"_blank\" ><img decoding=\"async\" src=\"https:\/\/www.ics.gob.cu\/wp-content\/plugins\/pdf-print\/images\/print.png\" alt=\"image_print\" title=\"Print Content\" \/><\/a><\/div>\n<p>La Sala Che Guevara del <a href=\"https:\/\/www.facebook.com\/share\/1WXSzY1rzd\/\"><mark style=\"background-color:rgba(0, 0, 0, 0)\" class=\"has-inline-color has-vivid-cyan-blue-color\">Instituto de Informaci\u00f3n y Comunicaci\u00f3n Social (ICS)<\/mark><\/a> sirvi\u00f3 de escenario este lunes para el encuentro y el reconocimiento a los mejores programas de la radio y la televisi\u00f3n cubanas durante el a\u00f1o que casi culmina.<\/p>\n\n\n<div class=\"wp-block-image\">\n<figure class=\"aligncenter size-full\"><img loading=\"lazy\" decoding=\"async\" width=\"720\" height=\"540\" src=\"https:\/\/www.ics.gob.cu\/wp-content\/uploads\/2024\/12\/FB_IMG_1735009158759.jpg\" alt=\"\" class=\"wp-image-6475\" srcset=\"https:\/\/www.ics.gob.cu\/wp-content\/uploads\/2024\/12\/FB_IMG_1735009158759.jpg 720w, https:\/\/www.ics.gob.cu\/wp-content\/uploads\/2024\/12\/FB_IMG_1735009158759-300x225.jpg 300w\" sizes=\"auto, (max-width: 720px) 100vw, 720px\" \/><\/figure>\n<\/div>\n\n\n<p>Encabezada por el presidente del Instituto, <a href=\"https:\/\/twitter.com\/alfonso_noya?t=xl9NM2_m_JRUFG518X7GNg&amp;s=09\"><mark style=\"background-color:rgba(0, 0, 0, 0)\" class=\"has-inline-color has-vivid-cyan-blue-color\">Alfonso Noya<\/mark><\/a>, se reunieron varios representantes de dichos espacios, los cuales han sido seleccionados como los mejores del 2024 por sus propias audiencias, sus colectivos de trabajo y las direcciones de los sistemas de la radio y la TV.<\/p>\n\n\n\n<p>Estuvieron presentes, adem\u00e1s, los vicepresidentes del Instituto <a href=\"https:\/\/twitter.com\/Belkyspcr?t=KitZAf5Ge1PQahZ8Us6xvw&amp;s=09\"><mark style=\"background-color:rgba(0, 0, 0, 0)\" class=\"has-inline-color has-vivid-cyan-blue-color\">Belkys P\u00e9rez Cruz<\/mark><\/a> y Jorge Lega\u00f1oa Alonso, junto a otros directivos del organismo y de ambos medios.<\/p>\n\n\n\n<figure class=\"wp-block-embed is-type-rich is-provider-x-formerly-twitter wp-block-embed-x-formerly-twitter\"><div class=\"wp-block-embed__wrapper\">\n<blockquote class=\"embedly-card\" data-card-controls=\"1\" data-card-align=\"center\" data-card-theme=\"light\"><h4><a href=\"https:\/\/twitter.com\/IcsCuba\/status\/1871258805918716130?t=mVX3chlJ7m_dbgfojV3YNg&#038;s=19\">Instituto de Informaci\u00f3n y Comunicaci\u00f3n Social on X (formerly Twitter): \u00abMejores programas de la Televisi\u00f3n y la Radio Cubana (emisoras nacionales) de este a\u00f1o 2024\ud83d\udc47\ud83d\udc47\ud83d\udc47 pic.twitter.com\/aH9C428o0F \/ X\u00bb<\/a><\/h4><p>Mejores programas de la Televisi\u00f3n y la Radio Cubana (emisoras nacionales) de este a\u00f1o 2024\ud83d\udc47\ud83d\udc47\ud83d\udc47 pic.twitter.com\/aH9C428o0F<\/p><\/blockquote><script async src=\"\/\/cdn.embedly.com\/widgets\/platform.js\" charset=\"UTF-8\"><\/script>\n<\/div><\/figure>\n\n\n\n<p>\u00abAgradecer en nombre de la presidencia del ICS por todo el trabajo del a\u00f1o, un a\u00f1o muy dif\u00edcil d\u00f3nde s\u00f3lo la creatividad y el talento han permitido que salgan al aire las diferentes producciones\u00bb, dijo Belkys P\u00e9rez Cruz a los presentes.<\/p>\n\n\n\n<p>\u00abMuchas gracias en nombre de todo el pueblo de Cuba por informar, entretener, educar y comunicar. Que en 2025 sigamos trabajando con igual tes\u00f3n y entusiasmo\u00bb, a\u00f1adi\u00f3.<\/p>\n\n\n\n<p>El encuentro tuvo lugar como parte de las actividades realizadas por la presidencia del ICS desde inicio de este mes con colectivos laborales destacados en el a\u00f1o.<\/p>\n\n\n\n<p>Previo a este, se han organizado otros encuentros con varios equipos de los actos pol\u00edticos, de transmisiones deportivas, con personalidades de la radio y la televisi\u00f3n, incluyendo Premios Nacionales, y con j\u00f3venes.<\/p>\n\n\n\n<p>Luego en la tarde y en el marco de la jornada del educador, el Instituto de Informaci\u00f3n y Comunicaci\u00f3n Social reconoci\u00f3 la labor de los profesionales que durante el per\u00edodo que termina han contribuido a la formaci\u00f3n y la capacitaci\u00f3n de especialistas del organismo, de la radio y la televisi\u00f3n cubanas.<\/p>\n\n\n<div class=\"wp-block-image\">\n<figure class=\"aligncenter size-full\"><img loading=\"lazy\" decoding=\"async\" width=\"720\" height=\"411\" src=\"https:\/\/www.ics.gob.cu\/wp-content\/uploads\/2024\/12\/FB_IMG_1735009133910.jpg\" alt=\"\" class=\"wp-image-6476\" srcset=\"https:\/\/www.ics.gob.cu\/wp-content\/uploads\/2024\/12\/FB_IMG_1735009133910.jpg 720w, https:\/\/www.ics.gob.cu\/wp-content\/uploads\/2024\/12\/FB_IMG_1735009133910-300x171.jpg 300w\" sizes=\"auto, (max-width: 720px) 100vw, 720px\" \/><\/figure>\n<\/div>\n\n\n<p>En la actividad, presidida por <a href=\"https:\/\/www.facebook.com\/leganoa?mibextid=ZbWKwL\"><mark style=\"background-color:rgba(0, 0, 0, 0)\" class=\"has-inline-color has-vivid-cyan-blue-color\">Jorge Lega\u00f1oa<\/mark><\/a> fueron reconocidos los trabajadores del Centro de Estudios de la Radio y la TV, de la Escuela Ramal del ICS y del Palacio Central de Pioneros, por su labor meritoria en materia de comunicaci\u00f3n social.<\/p>\n\n\n\n<p>\u00abSi queremos tener mejores espacios de radio y televisi\u00f3n y mejores comunicadores sociales es imprescindible que tengamos mejores educadores. El prop\u00f3sito es alcanzar siempre excelentes resultados docentes, que sin ustedes, los que est\u00e1n hoy aqu\u00ed, es imposible de lograr. Felicidades a todos y gracias por la obra de educar\u00bb, refiri\u00f3 Lega\u00f1oa.<\/p>\n\n\n\n<figure class=\"wp-block-embed is-type-rich is-provider-x-formerly-twitter wp-block-embed-x-formerly-twitter\"><div class=\"wp-block-embed__wrapper\">\n<blockquote class=\"embedly-card\" data-card-controls=\"1\" data-card-align=\"center\" data-card-theme=\"light\"><h4><a href=\"https:\/\/twitter.com\/IcsCuba\/status\/1871269834207396273?t=k4N_LAeVrh6UpAyN2L_MYg&#038;s=19\">Instituto de Informaci\u00f3n y Comunicaci\u00f3n Social on X (formerly Twitter): \u00abEn el marco de la jornada del educador, el @IcsCuba reconoci\u00f3 est\u00e1 tarde la labor de los profesionales que durante el a\u00f1o han contribuido a la formaci\u00f3n y la capacitaci\u00f3n de especialistas del Instituto y de la radio y la televisi\u00f3n cubanas pic.twitter.com\/84j9EdsHXc \/ X\u00bb<\/a><\/h4><p>En el marco de la jornada del educador, el @IcsCuba reconoci\u00f3 est\u00e1 tarde la labor de los profesionales que durante el a\u00f1o han contribuido a la formaci\u00f3n y la capacitaci\u00f3n de especialistas del Instituto y de la radio y la televisi\u00f3n cubanas pic.twitter.com\/84j9EdsHXc<\/p><\/blockquote><script async src=\"\/\/cdn.embedly.com\/widgets\/platform.js\" charset=\"UTF-8\"><\/script>\n<\/div><\/figure>\n\n\n\n<p>En el \u00faltimo encuentro del d\u00eda Noya Mart\u00ednez intercambi\u00f3 con representantes de espacios informativos de la radio y la televisi\u00f3n cubanas para reconocer su esfuerzo durante todo un a\u00f1o de trabajo intenso.<\/p>\n\n\n<div class=\"wp-block-image\">\n<figure class=\"aligncenter size-full\"><img loading=\"lazy\" decoding=\"async\" width=\"720\" height=\"325\" src=\"https:\/\/www.ics.gob.cu\/wp-content\/uploads\/2024\/12\/FB_IMG_1735009112925.jpg\" alt=\"\" class=\"wp-image-6477\" srcset=\"https:\/\/www.ics.gob.cu\/wp-content\/uploads\/2024\/12\/FB_IMG_1735009112925.jpg 720w, https:\/\/www.ics.gob.cu\/wp-content\/uploads\/2024\/12\/FB_IMG_1735009112925-300x135.jpg 300w\" sizes=\"auto, (max-width: 720px) 100vw, 720px\" \/><\/figure>\n<\/div>\n\n\n<p>Se resalt\u00f3 la labor realizada para mantener informado al pueblo del acontecer nacional e internacional en una etapa muy compleja, con un bloqueo agudizado como nunca antes, adem\u00e1s de huracanes, sismos, contigencias energ\u00e9ticas, pero se impuso la profesionalidad y entrega.<\/p>\n\n\n\n<p>El vicepresidente primero del ICS, <a href=\"https:\/\/twitter.com\/oneliocc?t=ADDT9Q3NHA-5QVMWIM6LQw&amp;s=09\"><mark style=\"background-color:rgba(0, 0, 0, 0)\" class=\"has-inline-color has-vivid-cyan-blue-color\">Onelio Castillo Corder\u00ed<\/mark><\/a>, record\u00f3 cuan importante es la labor de los que delante o detr\u00e1s de c\u00e1maras y micr\u00f3fonos ponderan la informaci\u00f3n veraz y oportuna, comprometidos con su tiempo y con las responsabilidades que impone la Ley 162\/2023. \u00abContamos con ustedes\u00bb, dijo.<\/p>\n<div class=\"pld-like-dislike-wrap pld-template-1\">\r\n    <div class=\"pld-like-wrap  pld-common-wrap\">\r\n    <a href=\"javascript:void(0)\" class=\"pld-like-trigger pld-like-dislike-trigger\" title=\"\" data-post-id=\"6474\" data-trigger-type=\"like\" data-restriction=\"cookie\" data-already-liked=\"0\">\r\n                        <i class=\"fas fa-thumbs-up\"><\/i>\r\n                <\/a>\r\n    <span class=\"pld-like-count-wrap pld-count-wrap\">0    <\/span>\r\n<\/div><div class=\"pld-dislike-wrap  pld-common-wrap\">\r\n    <a href=\"javascript:void(0)\" class=\"pld-dislike-trigger pld-like-dislike-trigger\" title=\"\" data-post-id=\"6474\" data-trigger-type=\"dislike\" data-restriction=\"cookie\" data-already-liked=\"0\">\r\n                        <i class=\"fas fa-thumbs-down\"><\/i>\r\n                <\/a>\r\n    <span class=\"pld-dislike-count-wrap pld-count-wrap\">0<\/span>\r\n<\/div><\/div>","protected":false},"excerpt":{"rendered":"<p>La Sala Che Guevara del Instituto de Informaci\u00f3n y Comunicaci\u00f3n Social (ICS) sirvi\u00f3 de escenario este lunes para el encuentro y el reconocimiento a los mejores programas de la radio y la televisi\u00f3n cubanas durante el a\u00f1o que casi culmina. Encabezada por el presidente del Instituto, Alfonso Noya, se reunieron varios representantes de dichos espacios, [&hellip;]<\/p>\n","protected":false},"author":7,"featured_media":6478,"comment_status":"open","ping_status":"open","sticky":false,"template":"","format":"standard","meta":{"_bbp_topic_count":0,"_bbp_reply_count":0,"_bbp_total_topic_count":0,"_bbp_total_reply_count":0,"_bbp_voice_count":0,"_bbp_anonymous_reply_count":0,"_bbp_topic_count_hidden":0,"_bbp_reply_count_hidden":0,"_bbp_forum_subforum_count":0,"_glsr_average":0,"_glsr_ranking":0,"_glsr_reviews":0,"footnotes":""},"categories":[10],"tags":[47,7,39,67,76],"class_list":["post-6474","post","type-post","status-publish","format-standard","has-post-thumbnail","hentry","category-nacionales","tag-comunicacion-social","tag-cuba","tag-ics","tag-radio-cubana","tag-television-cubana"],"acf":[],"_links":{"self":[{"href":"https:\/\/www.ics.gob.cu\/en\/wp-json\/wp\/v2\/posts\/6474","targetHints":{"allow":["GET"]}}],"collection":[{"href":"https:\/\/www.ics.gob.cu\/en\/wp-json\/wp\/v2\/posts"}],"about":[{"href":"https:\/\/www.ics.gob.cu\/en\/wp-json\/wp\/v2\/types\/post"}],"author":[{"embeddable":true,"href":"https:\/\/www.ics.gob.cu\/en\/wp-json\/wp\/v2\/users\/7"}],"replies":[{"embeddable":true,"href":"https:\/\/www.ics.gob.cu\/en\/wp-json\/wp\/v2\/comments?post=6474"}],"version-history":[{"count":3,"href":"https:\/\/www.ics.gob.cu\/en\/wp-json\/wp\/v2\/posts\/6474\/revisions"}],"predecessor-version":[{"id":6482,"href":"https:\/\/www.ics.gob.cu\/en\/wp-json\/wp\/v2\/posts\/6474\/revisions\/6482"}],"wp:featuredmedia":[{"embeddable":true,"href":"https:\/\/www.ics.gob.cu\/en\/wp-json\/wp\/v2\/media\/6478"}],"wp:attachment":[{"href":"https:\/\/www.ics.gob.cu\/en\/wp-json\/wp\/v2\/media?parent=6474"}],"wp:term":[{"taxonomy":"category","embeddable":true,"href":"https:\/\/www.ics.gob.cu\/en\/wp-json\/wp\/v2\/categories?post=6474"},{"taxonomy":"post_tag","embeddable":true,"href":"https:\/\/www.ics.gob.cu\/en\/wp-json\/wp\/v2\/tags?post=6474"}],"curies":[{"name":"wp","href":"https:\/\/api.w.org\/{rel}","templated":true}]}}