{"id":6487,"date":"2025-01-06T08:45:11","date_gmt":"2025-01-06T08:45:11","guid":{"rendered":"https:\/\/www.ics.gob.cu\/?p=6487"},"modified":"2025-01-06T14:44:14","modified_gmt":"2025-01-06T14:44:14","slug":"inicia-proceso-de-balance-del-trabajo-del-ics-en-el-2024","status":"publish","type":"post","link":"https:\/\/www.ics.gob.cu\/en\/inicia-proceso-de-balance-del-trabajo-del-ics-en-el-2024\/","title":{"rendered":"Inicia proceso de balance del trabajo del ICS en el 2024"},"content":{"rendered":"<div class=\"pdfprnt-buttons pdfprnt-buttons-post pdfprnt-top-right\"><a href=\"https:\/\/www.ics.gob.cu\/en\/wp-json\/wp\/v2\/posts\/6487?print=print\" class=\"pdfprnt-button pdfprnt-button-print\" target=\"_blank\" ><img decoding=\"async\" src=\"https:\/\/www.ics.gob.cu\/wp-content\/plugins\/pdf-print\/images\/print.png\" alt=\"image_print\" title=\"Print Content\" \/><\/a><\/div>\n<p><strong>El proceso de balance anual del <a href=\"https:\/\/www.facebook.com\/share\/1HCx42PoAs\/\"><mark style=\"background-color:rgba(0, 0, 0, 0)\" class=\"has-inline-color has-vivid-cyan-blue-color\">Instituto de Informaci\u00f3n y Comunicaci\u00f3n Social (ICS)<\/mark><\/a> se inicia este lunes por la regi\u00f3n m\u00e1s oriental del pa\u00eds, con encuentros que evaluar\u00e1n el quehacer del organismo en el \u00faltimo a\u00f1o a todos los niveles.<\/strong><\/p>\n\n\n\n<p>Tras una etapa decisiva caracterizada por la creaci\u00f3n de nuevas estructuras, la implementaci\u00f3n de la misi\u00f3n y funciones del nuevo organismo, la salida en Gaceta de la Rep\u00fablica y posteriormente, la entrada en vigor de la <a href=\"https:\/\/www.ics.gob.cu\/wp-content\/uploads\/2024\/06\/goc-2024-o48.pdf\"><mark style=\"background-color:rgba(0, 0, 0, 0)\" class=\"has-inline-color has-vivid-cyan-blue-color\">Law 162\/2023 \"On Social Communication\"<\/mark><\/a> y sus disposiciones normativas reglamentarias, se pretende hacer un an\u00e1lisis de c\u00f3mo nos preparamos para los nuevos retos y desaf\u00edos que se imponen, hasta donde se ha avanzado y las prioridades de trabajo para el a\u00f1o que reci\u00e9n comenz\u00f3.<\/p>\n\n\n\n<p>El completamiento de las plantillas de las estructuras territoriales, las acciones de capacitaci\u00f3n desarrolladas, el asesoramiento metodol\u00f3gico y los controles para fortalecer la gesti\u00f3n de la comunicaci\u00f3n social en \u00f3rganos, organismos y entidades del Estado, as\u00ed como con los diversos actores econ\u00f3micos, la gesti\u00f3n de tr\u00e1mites, la participaci\u00f3n popular y la gesti\u00f3n de contenidos en Internet, entre otros temas, ser\u00e1n centro de atenci\u00f3n de los balances que realizar\u00e1n tambi\u00e9n una mirada al papel de la radio y la televisi\u00f3n cubanas como organizaciones medi\u00e1ticas.<\/p>\n\n\n\n<p>En cada uno de los encuentros participar\u00e1n miembros de la presidencia del Instituto encabezados por su presidente <a href=\"https:\/\/twitter.com\/alfonso_noya?t=LRE8J_9DGizj36Itau063g&amp;s=09\"><mark style=\"background-color:rgba(0, 0, 0, 0)\" class=\"has-inline-color has-vivid-cyan-blue-color\">Alfonso Noya Mart\u00ednez<\/mark><\/a>, as\u00ed como directivos de los sistemas de la Radio y la TV, tanto a nivel nacional como territorial.<\/p>\n\n\n\n<p>El proceso deber\u00e1 concluir el pr\u00f3ximo mes de marzo, con el balance a nivel nacional, lo cual nos permitir\u00e1 delinear el camino a seguir para impulsar el Programa de Educaci\u00f3n para la Comunicaci\u00f3n a nivel de toda la sociedad y superar importantes retos y desaf\u00edos en pos de la gesti\u00f3n estrat\u00e9gica e integrada de la Comunicaci\u00f3n Social.<\/p>\n<div class=\"pld-like-dislike-wrap pld-template-1\">\r\n    <div class=\"pld-like-wrap  pld-common-wrap\">\r\n    <a href=\"javascript:void(0)\" class=\"pld-like-trigger pld-like-dislike-trigger\" title=\"\" data-post-id=\"6487\" data-trigger-type=\"like\" data-restriction=\"cookie\" data-already-liked=\"0\">\r\n                        <i class=\"fas fa-thumbs-up\"><\/i>\r\n                <\/a>\r\n    <span class=\"pld-like-count-wrap pld-count-wrap\">6    <\/span>\r\n<\/div><div class=\"pld-dislike-wrap  pld-common-wrap\">\r\n    <a href=\"javascript:void(0)\" class=\"pld-dislike-trigger pld-like-dislike-trigger\" title=\"\" data-post-id=\"6487\" data-trigger-type=\"dislike\" data-restriction=\"cookie\" data-already-liked=\"0\">\r\n                        <i class=\"fas fa-thumbs-down\"><\/i>\r\n                <\/a>\r\n    <span class=\"pld-dislike-count-wrap pld-count-wrap\">0<\/span>\r\n<\/div><\/div>","protected":false},"excerpt":{"rendered":"<p>El proceso de balance anual del Instituto de Informaci\u00f3n y Comunicaci\u00f3n Social (ICS) se inicia este lunes por la regi\u00f3n m\u00e1s oriental del pa\u00eds, con encuentros que evaluar\u00e1n el quehacer del organismo en el \u00faltimo a\u00f1o a todos los niveles. Tras una etapa decisiva caracterizada por la creaci\u00f3n de nuevas estructuras, la implementaci\u00f3n de la [&hellip;]<\/p>\n","protected":false},"author":7,"featured_media":6488,"comment_status":"open","ping_status":"open","sticky":false,"template":"","format":"standard","meta":{"_bbp_topic_count":0,"_bbp_reply_count":0,"_bbp_total_topic_count":0,"_bbp_total_reply_count":0,"_bbp_voice_count":0,"_bbp_anonymous_reply_count":0,"_bbp_topic_count_hidden":0,"_bbp_reply_count_hidden":0,"_bbp_forum_subforum_count":0,"_glsr_average":0,"_glsr_ranking":0,"_glsr_reviews":0,"footnotes":""},"categories":[10],"tags":[47,7,39],"class_list":["post-6487","post","type-post","status-publish","format-standard","has-post-thumbnail","hentry","category-nacionales","tag-comunicacion-social","tag-cuba","tag-ics"],"acf":[],"_links":{"self":[{"href":"https:\/\/www.ics.gob.cu\/en\/wp-json\/wp\/v2\/posts\/6487","targetHints":{"allow":["GET"]}}],"collection":[{"href":"https:\/\/www.ics.gob.cu\/en\/wp-json\/wp\/v2\/posts"}],"about":[{"href":"https:\/\/www.ics.gob.cu\/en\/wp-json\/wp\/v2\/types\/post"}],"author":[{"embeddable":true,"href":"https:\/\/www.ics.gob.cu\/en\/wp-json\/wp\/v2\/users\/7"}],"replies":[{"embeddable":true,"href":"https:\/\/www.ics.gob.cu\/en\/wp-json\/wp\/v2\/comments?post=6487"}],"version-history":[{"count":3,"href":"https:\/\/www.ics.gob.cu\/en\/wp-json\/wp\/v2\/posts\/6487\/revisions"}],"predecessor-version":[{"id":6492,"href":"https:\/\/www.ics.gob.cu\/en\/wp-json\/wp\/v2\/posts\/6487\/revisions\/6492"}],"wp:featuredmedia":[{"embeddable":true,"href":"https:\/\/www.ics.gob.cu\/en\/wp-json\/wp\/v2\/media\/6488"}],"wp:attachment":[{"href":"https:\/\/www.ics.gob.cu\/en\/wp-json\/wp\/v2\/media?parent=6487"}],"wp:term":[{"taxonomy":"category","embeddable":true,"href":"https:\/\/www.ics.gob.cu\/en\/wp-json\/wp\/v2\/categories?post=6487"},{"taxonomy":"post_tag","embeddable":true,"href":"https:\/\/www.ics.gob.cu\/en\/wp-json\/wp\/v2\/tags?post=6487"}],"curies":[{"name":"wp","href":"https:\/\/api.w.org\/{rel}","templated":true}]}}