{"id":6539,"date":"2025-01-16T14:10:00","date_gmt":"2025-01-16T14:10:00","guid":{"rendered":"https:\/\/www.ics.gob.cu\/?p=6539"},"modified":"2025-01-16T14:15:40","modified_gmt":"2025-01-16T14:15:40","slug":"ciencia-e-innovacion-un-pilar-en-la-gestion-de-la-comunicacion-social-en-cuba","status":"publish","type":"post","link":"https:\/\/www.ics.gob.cu\/en\/ciencia-e-innovacion-un-pilar-en-la-gestion-de-la-comunicacion-social-en-cuba\/","title":{"rendered":"CIENCIA E INNOVACI\u00d3N, UN PILAR EN LA GESTI\u00d3N DE LA COMUNICACI\u00d3N SOCIAL EN CUBA"},"content":{"rendered":"<div class=\"pdfprnt-buttons pdfprnt-buttons-post pdfprnt-top-right\"><a href=\"https:\/\/www.ics.gob.cu\/en\/wp-json\/wp\/v2\/posts\/6539?print=print\" class=\"pdfprnt-button pdfprnt-button-print\" target=\"_blank\" ><img decoding=\"async\" src=\"https:\/\/www.ics.gob.cu\/wp-content\/plugins\/pdf-print\/images\/print.png\" alt=\"image_print\" title=\"Print Content\" \/><\/a><\/div>\n<p><strong>La ciencia y la innovaci\u00f3n son claves para el desarrollo de la comunicaci\u00f3n social en Cuba, como lo es, claramente, para el desarrollo de todos los sectores de la sociedad.<\/strong><\/p>\n\n\n\n<p>En ese sentido, la Direcci\u00f3n de Ciencia e Innovaci\u00f3n del <a href=\"https:\/\/www.facebook.com\/profile.php?id=61558056156590&amp;mibextid=ZbWKwL\"><mark style=\"background-color:rgba(0, 0, 0, 0)\" class=\"has-inline-color has-vivid-cyan-blue-color\">Instituto de Informaci\u00f3n y Comunicaci\u00f3n Social (ICS)<\/mark><\/a> es referencia en el trabajo de acompa\u00f1amiento a la Ley 162\/2023 \u201cDe Comunicaci\u00f3n Social\u201d y sus disposiciones normativas complementarias, en tanto impulsa dis\u00edmiles proyectos investigativos.<\/p>\n\n\n\n<p>A prop\u00f3sito de celebrarse este mi\u00e9rcoles 15 de enero el D\u00eda de la Ciencia Cubana, se reconocieron los aportes de trabajadores e instituciones cuya labor cient\u00edfica en esta primera etapa de implementaci\u00f3n del nuevo organismo, ha sido decisva.<\/p>\n\n\n\n<p>En la cita se record\u00f3 al l\u00edder hist\u00f3rico de la Revoluci\u00f3n Cubana, el Comandante en Jefe Fidel Castro, principal impulsor con una profunda mirada futurista, de la ciencia aplicada a todos los sectores de la sociedad cubana, para el desarrollo, la innovaci\u00f3n, la integraci\u00f3n y el mejoramiento de la calidad de vida de nuestro pueblo.<\/p>\n\n\n\n<p>El vicepresidente del ICS, <a href=\"https:\/\/twitter.com\/cronicasdecuba?t=yOBVKf4EjIzHTfytz7xZ2w&amp;s=09\"><mark style=\"background-color:rgba(0, 0, 0, 0)\" class=\"has-inline-color has-vivid-cyan-blue-color\">Jorge Lega\u00f1oa Alonso<\/mark><\/a>, signific\u00f3 lo dif\u00edcil que resulta a\u00fan mirar desde la ciencia un campo como la comunicaci\u00f3n social, donde existen pocos saberes compartidos y mucho camino por recorrer, a\u00fan no sedimentado.<\/p>\n\n\n\n<figure class=\"wp-block-image size-full\"><img loading=\"lazy\" decoding=\"async\" width=\"1024\" height=\"564\" src=\"https:\/\/www.ics.gob.cu\/wp-content\/uploads\/2025\/01\/2_20250116_090259_0001.png\" alt=\"\" class=\"wp-image-6541\" srcset=\"https:\/\/www.ics.gob.cu\/wp-content\/uploads\/2025\/01\/2_20250116_090259_0001.png 1024w, https:\/\/www.ics.gob.cu\/wp-content\/uploads\/2025\/01\/2_20250116_090259_0001-300x165.png 300w, https:\/\/www.ics.gob.cu\/wp-content\/uploads\/2025\/01\/2_20250116_090259_0001-768x423.png 768w\" sizes=\"auto, (max-width: 1024px) 100vw, 1024px\" \/><\/figure>\n\n\n\n<p>Asegur\u00f3, sin embargo, que en la actualidad es imposible concebir la comunicaci\u00f3n sin investigar, para despu\u00e9s aplicar los resultados en la pr\u00e1ctica, compartir conocimientos, integrar resultados y verlo en toda su integralidad y en el caso cubano es cada vez m\u00e1s importante.<\/p>\n\n\n\n<p>Al cierre del 2024 la presidencia del Instituto de Informaci\u00f3n y Comunicaci\u00f3n Social destac\u00f3 la labor de su Direcci\u00f3n de Ciencia e Innovaci\u00f3n, que cuenta, adem\u00e1s, con un Consejo T\u00e9cnico Asesor constituido por especialistas de m\u00faltiples disciplinas, que se re\u00fanen mensualmente y proponen estrategias desde la ciencia y la innovaci\u00f3n para impulsar el trabajo del nuevo organismo.<\/p>\n\n\n\n<p>La directora de Ciencia e Innovaci\u00f3n del ICS, la Dra Cs. Mariluz Le\u00f3n \u00c1vila, explic\u00f3 que tras la creaci\u00f3n del ICS lo primero fue organizar una estructura a partir de lo establecido por el <a href=\"https:\/\/twitter.com\/citmacuba?t=Au9mE5ZjstAeND86RFMpyg&amp;s=09\"><mark style=\"background-color:rgba(0, 0, 0, 0)\" class=\"has-inline-color has-vivid-cyan-blue-color\">Ministerio de Ciencia, Tecnolog\u00eda y Medio Ambiente (CITMA)<\/mark><\/a> y se\u00f1al\u00f3 que es cada vez m\u00e1s necesario crear una cultura investigativa.<\/p>\n\n\n\n<p>Le\u00f3n \u00c1vila inform\u00f3 que debe aprobarse en lo inmediato la ficha del programa sectorial que posiblita la puesta en pr\u00e1ctica de proyectos m\u00e1s interesantes y profundos relacionados a la comunicaci\u00f3n social como pilar de la gesti\u00f3n de gobierno.<\/p>\n\n\n\n<p>Luego de la puesta en vigor de la Ley de Comunicaci\u00f3n Social, la Direcci\u00f3n de Ciencia e Innovaci\u00f3n ha trabajado en identificar problemas que entorpecen los procesos que atiende la instituci\u00f3n o los que deben perfeccionarse. De esa exhaustiva investigaci\u00f3n se detect\u00f3 un gran n\u00famero de situaciones poco favorables, de las cuales se priorizaron algunas, en correspondencia con los intereses y exigencias que se imponen a una sociedad como la nuestra, en la que cada vez m\u00e1s urgente comunicarse y hacerlo bien, a todos los niveles. Ya se estudian formas de proyectos, apoyados en el potencial cient\u00edfico del ICS, que cuenta con 16 Doctores en Ciencias, algunos Master y un grupo de profesionales muy preparados con inter\u00e9s de hacer sus propias Maestr\u00edas y Doctorados en funci\u00f3n de estos saberes.<\/p>\n\n\n\n<figure class=\"wp-block-image size-full\"><img loading=\"lazy\" decoding=\"async\" width=\"1024\" height=\"564\" src=\"https:\/\/www.ics.gob.cu\/wp-content\/uploads\/2025\/01\/1_20250116_090259_0000.png\" alt=\"\" class=\"wp-image-6543\" srcset=\"https:\/\/www.ics.gob.cu\/wp-content\/uploads\/2025\/01\/1_20250116_090259_0000.png 1024w, https:\/\/www.ics.gob.cu\/wp-content\/uploads\/2025\/01\/1_20250116_090259_0000-300x165.png 300w, https:\/\/www.ics.gob.cu\/wp-content\/uploads\/2025\/01\/1_20250116_090259_0000-768x423.png 768w\" sizes=\"auto, (max-width: 1024px) 100vw, 1024px\" \/><\/figure>\n\n\n\n<p>\u201cEn este 2025 pretendemos presentar al CITMA el programa sectorial de la comunicaci\u00f3n social como pilar de gesti\u00f3n de gobierno. Esperamos que sea aprobado y en septiembre que se publique la convocatoria para todo el pa\u00eds\u201d, declar\u00f3 Le\u00f3n \u00c1vila.<\/p>\n\n\n\n<p>Igualmente, la directiva expuso la importancia de la creaci\u00f3n de un centro de investigaci\u00f3n cient\u00edfica de la comunicaci\u00f3n social, pues sin la aplicaci\u00f3n de ciencia y la innovaci\u00f3n el camino de la comunicaci\u00f3n social en Cuba ser\u00eda a\u00fan m\u00e1s complejo. Por ello es de incalculable valor el trabajo de los especialistas que hacen de esta \u00e1rea una fortaleza y un modelo a seguir.<\/p>\n<div class=\"pld-like-dislike-wrap pld-template-1\">\r\n    <div class=\"pld-like-wrap  pld-common-wrap\">\r\n    <a href=\"javascript:void(0)\" class=\"pld-like-trigger pld-like-dislike-trigger\" title=\"\" data-post-id=\"6539\" data-trigger-type=\"like\" data-restriction=\"cookie\" data-already-liked=\"0\">\r\n                        <i class=\"fas fa-thumbs-up\"><\/i>\r\n                <\/a>\r\n    <span class=\"pld-like-count-wrap pld-count-wrap\">0    <\/span>\r\n<\/div><div class=\"pld-dislike-wrap  pld-common-wrap\">\r\n    <a href=\"javascript:void(0)\" class=\"pld-dislike-trigger pld-like-dislike-trigger\" title=\"\" data-post-id=\"6539\" data-trigger-type=\"dislike\" data-restriction=\"cookie\" data-already-liked=\"0\">\r\n                        <i class=\"fas fa-thumbs-down\"><\/i>\r\n                <\/a>\r\n    <span class=\"pld-dislike-count-wrap pld-count-wrap\">0<\/span>\r\n<\/div><\/div>","protected":false},"excerpt":{"rendered":"<p>La ciencia y la innovaci\u00f3n son claves para el desarrollo de la comunicaci\u00f3n social en Cuba, como lo es, claramente, para el desarrollo de todos los sectores de la sociedad.<\/p>","protected":false},"author":7,"featured_media":6540,"comment_status":"open","ping_status":"open","sticky":false,"template":"","format":"standard","meta":{"_bbp_topic_count":0,"_bbp_reply_count":0,"_bbp_total_topic_count":0,"_bbp_total_reply_count":0,"_bbp_voice_count":0,"_bbp_anonymous_reply_count":0,"_bbp_topic_count_hidden":0,"_bbp_reply_count_hidden":0,"_bbp_forum_subforum_count":0,"_glsr_average":0,"_glsr_ranking":0,"_glsr_reviews":0,"footnotes":""},"categories":[10],"tags":[88,47,7,59,39],"class_list":["post-6539","post","type-post","status-publish","format-standard","has-post-thumbnail","hentry","category-nacionales","tag-ciencia-e-innovacion","tag-comunicacion-social","tag-cuba","tag-educacion-para-la-comunicacion","tag-ics"],"acf":[],"_links":{"self":[{"href":"https:\/\/www.ics.gob.cu\/en\/wp-json\/wp\/v2\/posts\/6539","targetHints":{"allow":["GET"]}}],"collection":[{"href":"https:\/\/www.ics.gob.cu\/en\/wp-json\/wp\/v2\/posts"}],"about":[{"href":"https:\/\/www.ics.gob.cu\/en\/wp-json\/wp\/v2\/types\/post"}],"author":[{"embeddable":true,"href":"https:\/\/www.ics.gob.cu\/en\/wp-json\/wp\/v2\/users\/7"}],"replies":[{"embeddable":true,"href":"https:\/\/www.ics.gob.cu\/en\/wp-json\/wp\/v2\/comments?post=6539"}],"version-history":[{"count":2,"href":"https:\/\/www.ics.gob.cu\/en\/wp-json\/wp\/v2\/posts\/6539\/revisions"}],"predecessor-version":[{"id":6549,"href":"https:\/\/www.ics.gob.cu\/en\/wp-json\/wp\/v2\/posts\/6539\/revisions\/6549"}],"wp:featuredmedia":[{"embeddable":true,"href":"https:\/\/www.ics.gob.cu\/en\/wp-json\/wp\/v2\/media\/6540"}],"wp:attachment":[{"href":"https:\/\/www.ics.gob.cu\/en\/wp-json\/wp\/v2\/media?parent=6539"}],"wp:term":[{"taxonomy":"category","embeddable":true,"href":"https:\/\/www.ics.gob.cu\/en\/wp-json\/wp\/v2\/categories?post=6539"},{"taxonomy":"post_tag","embeddable":true,"href":"https:\/\/www.ics.gob.cu\/en\/wp-json\/wp\/v2\/tags?post=6539"}],"curies":[{"name":"wp","href":"https:\/\/api.w.org\/{rel}","templated":true}]}}