{"id":6542,"date":"2025-01-16T14:13:34","date_gmt":"2025-01-16T14:13:34","guid":{"rendered":"https:\/\/www.ics.gob.cu\/?p=6542"},"modified":"2025-01-16T19:29:03","modified_gmt":"2025-01-16T19:29:03","slug":"convocatoria-primera-edicion-del-premio-nacional-de-comunicacion-social","status":"publish","type":"post","link":"https:\/\/www.ics.gob.cu\/en\/convocatoria-primera-edicion-del-premio-nacional-de-comunicacion-social\/","title":{"rendered":"Bases legales y convocatoria al Premio Nacional de Comunicaci\u00f3n Social Primera\u00a0Edici\u00f3n\u00a02025"},"content":{"rendered":"<div class=\"pdfprnt-buttons pdfprnt-buttons-post pdfprnt-top-right\"><a href=\"https:\/\/www.ics.gob.cu\/en\/wp-json\/wp\/v2\/posts\/6542?print=print\" class=\"pdfprnt-button pdfprnt-button-print\" target=\"_blank\" ><img decoding=\"async\" src=\"https:\/\/www.ics.gob.cu\/wp-content\/plugins\/pdf-print\/images\/print.png\" alt=\"image_print\" title=\"Print Content\" \/><\/a><\/div>\n<p>Con el objetivo de dar cumplimiento al mandato de la Ley 162\/2023 \u201cDe Comunicaci\u00f3n Social\u201d de \u201cincentivar el reconocimiento de la sociedad a los profesionales del periodismo y la comunicaci\u00f3n social en general, cuya labor se caracterice por su integralidad, alto valor creativo y repercusi\u00f3n p\u00fablica\u201d se convoc\u00f3 al Premio Nacional de Comunicaci\u00f3n Social el pasado mes de diciembre, durante la clausura del Encuentro Internacional de Investigadores y Estudiosos de la Comunicaci\u00f3n (ICOM 2024).<\/p>\n\n\n\n<p>Para dar a conocer \u00edntegramente la Convocatoria oficial y otros detalles referidos a sus bases legales, tuvo lugar este jueves en la sede del Instituto de Informaci\u00f3n y Comunicaci\u00f3n Social (ICS), una Conferencia de Prensa en la que se precis\u00f3 que el Premio Nacional de Comunicaci\u00f3n Social constituir\u00e1 la m\u00e1xima distinci\u00f3n que confiere anualmente el ICS, en su condici\u00f3n de Organismo de la Administraci\u00f3n Central del Estado, a personas naturales cubanas, en activo o jubiladas, como reconocimiento a su ejecutoria por la obra de la vida en el campo de la comunicaci\u00f3n social, tanto en los \u00e1mbitos organizacional, medi\u00e1tico y comunitario como en procesos relativos a la formaci\u00f3n, la superaci\u00f3n y la investigaci\u00f3n.<\/p>\n\n\n\n<p>El presidente del Consejo de la Marca Pa\u00eds, en su condici\u00f3n de presidente de la Comisi\u00f3n Nacional Evaluadora del Premio, MsC. Humberto Fabi\u00e1n Su\u00e1rez, refiri\u00f3 que este se otorga por \u00fanica vez y puede entregarse post-mortem solo en caso de que la persona propuesta fallezca durante el per\u00edodo de la convocatoria y se haya nominado en vida.<\/p>\n\n\n\n<p>Adem\u00e1s, anualmente se otorgar\u00e1 un solo Premio y de manera excepcional, cuando razones fundamentadas as\u00ed lo justifiquen, el Consejo de Direcci\u00f3n del ICS puede autorizar la entrega de dos Premios, el cual consta de diploma o trofeo acreditativo con el nombre del profesional distinguido y del Premio y el a\u00f1o de su entrega, acompa\u00f1ado de una compensaci\u00f3n monetaria.<\/p>\n\n\n\n<p>En el encuentro, se refiri\u00f3 que la Comisi\u00f3n Evaluadora Nacional est\u00e1 integrada por un representante de la Presidencia de la UPEC y de la ACCS, la Facultad de Comunicaci\u00f3n de la Universidad de La Habana, as\u00ed como otros profesionales destacados que ser\u00e1n designados por estas propias organizaciones profesionales y uno por la Presidencia del ICS, la misma composici\u00f3n que tendr\u00e1n las Comisiones evaluadoras provinciales, a quienes llegar\u00e1n las propuestas desde las estructuras de base de todo el pa\u00eds.<\/p>\n\n\n\n<p>Fabi\u00e1n Su\u00e1rez reafirm\u00f3 que los integrantes de estas comisiones deber\u00e1n poseer un alto prestigio profesional en el campo de la comunicaci\u00f3n social y caracterizarse por un comportamiento apegado a la \u00e9tica, y, por tanto, la propuesta de Premio decidida por la Comisi\u00f3n Nacional Evaluadora, que se hace efectiva por acuerdo del Consejo de Direcci\u00f3n del ICS, resultar\u00e1 inapelable.<\/p>\n\n\n\n<p>Resalt\u00f3, asimismo, que entre los criterios de evaluaci\u00f3n a tener en cuenta para la elecci\u00f3n de los nominados y la fundamentaci\u00f3n de la propuesta del Premio, deber\u00e1 tenerse en cuenta la repercusi\u00f3n social de su quehacer profesional, la calidad t\u00e9cnica de su obra, su \u00e9tica y compromiso social, los aportes al desarrollo del campo profesional, la integralidad y alto valor creativo de su trayectoria y su contribuci\u00f3n a la formaci\u00f3n y\/o superaci\u00f3n de periodistas y de comunicadores sociales en general.&nbsp;<\/p>\n\n\n\n<p>En este sentido y por lo que representa para el Instituto y para el reconocimiento de nuestros profesionales de la comunicaci\u00f3n social este Premio, la Directora de Comunicaci\u00f3n Institucional del ICS, Bertha Mojena Milian, enfatiz\u00f3 en la preparaci\u00f3n y el constante di\u00e1logo que tendr\u00e1 la Comisi\u00f3n Nacional Evaluadora con las provinciales y las dem\u00e1s organizaciones profesionales implicadas, garantizando el entendimiento, responsabilidad, seriedad y transparencia en cada una de las fases del proceso desde la base.<\/p>\n\n\n\n<p>El proceso de admisi\u00f3n para la entrega de las propuestas cerrar\u00e1 el pr\u00f3ximo 31 de marzo y tal como ya se hab\u00eda anunciado, el Premio se entregar\u00e1 en actividad p\u00fablica oficial todos los a\u00f1os, el 25 de mayo, fecha en la que la Asamblea Nacional del Poder Popular aprob\u00f3 en 2023 la primera Ley de Comunicaci\u00f3n Social del pa\u00eds, hecho que marc\u00f3 un hito en el proceso de legitimaci\u00f3n de este campo profesional en Cuba.<\/p>\n\n\n\n<p>A continuacion reproducimos \u00edntegramente la Convocatoria oficial dada a conocer en el pasado mes de diciembre.<\/p>\n\n\n\n<p>El Instituto de Informaci\u00f3n y Comunicaci\u00f3n Social (ICS) de la Rep\u00fablica de Cuba convoca a la Primera Edici\u00f3n del Premio Nacional de Comunicaci\u00f3n Social, para incentivar el reconocimiento de la sociedad a los profesionales del periodismo y la comunicaci\u00f3n social en general, cuya labor se caracterice por su integralidad, alto valor creativo y repercusi\u00f3n p\u00fablica.<\/p>\n\n\n\n<p>El Premio Nacional de Comunicaci\u00f3n Social constituye la m\u00e1xima distinci\u00f3n que confiere anualmente el ICS, en su condici\u00f3n de Organismo de la Administraci\u00f3n Central del Estado, a personas naturales cubanas, en activo o jubiladas, como reconocimiento a su ejecutoria por la obra de la vida en el campo de la comunicaci\u00f3n social, tanto en los \u00e1mbitos organizacional, medi\u00e1tico y comunitario como en procesos relativos a la formaci\u00f3n, la superaci\u00f3n y la investigaci\u00f3n.<\/p>\n\n\n\n<p>Las nominaciones al Premio se proponen por todas las formas organizativas en las distintas instancias del ICS, la Uni\u00f3n de Periodistas de Cuba (UPEC), la <a href=\"https:\/\/www.facebook.com\/comunicadorescubanos?mibextid=ZbWKwL\"><mark style=\"background-color:rgba(0, 0, 0, 0)\" class=\"has-inline-color has-vivid-cyan-blue-color\">Cuban Association of Social Communicators (ACCS)<\/mark><\/a> y los centros universitarios del pa\u00eds.<\/p>\n\n\n\n<p>La fundamentaci\u00f3n de las nominaciones debe contener:<\/p>\n\n\n\n<p>&#8211; Datos personales del propuesto.<\/p>\n\n\n\n<p>&#8211; Labor que realiza en el momento de su nominaci\u00f3n.<\/p>\n\n\n\n<p>&#8211; Centro de trabajo o entidad que lo propone.<\/p>\n\n\n\n<p>&#8211; Trayectoria profesional que avala la propuesta.&nbsp;<\/p>\n\n\n\n<p>El plazo de admisi\u00f3n de las nominaciones vence el 31 de marzo de 2025 y se env\u00edan a la Direcci\u00f3n de Comunicaci\u00f3n Institucional del <a href=\"https:\/\/www.facebook.com\/profile.php?id=61558056156590&amp;mibextid=ZbWKwL\"><mark style=\"background-color:rgba(0, 0, 0, 0)\" class=\"has-inline-color has-vivid-cyan-blue-color\">Instituto de Informaci\u00f3n y Comunicaci\u00f3n Social (ICS)<\/mark><\/a>.<\/p>\n\n\n\n<p>Una Comisi\u00f3n Evaluadora Nacional integrada por representantes institucionales del ICS, la UPEC, la Asociaci\u00f3n Cubana de Comunicadores Sociales y la <a href=\"https:\/\/www.facebook.com\/fcomUH?mibextid=ZbWKwL\"><mark style=\"background-color:rgba(0, 0, 0, 0)\" class=\"has-inline-color has-vivid-cyan-blue-color\">Facultad de Comunicaci\u00f3n de la Universidad de La Habana<\/mark><\/a>, as\u00ed como destacados profesionales de la comunicaci\u00f3n social en el pa\u00eds, tendr\u00e1 a su cargo la selecci\u00f3n de la propuesta para Premio Nacional de Comunicaci\u00f3n Social 2025, la cual ser\u00e1 ratificada por el Consejo de Direcci\u00f3n del ICS.<\/p>\n\n\n\n<p>El Premio consta de diploma acreditativo y una compensaci\u00f3n monetaria y se entregar\u00e1 en actividad p\u00fablica oficial el 25 de mayo, fecha en la que la <a href=\"https:\/\/www.facebook.com\/asambleanacionalcuba?mibextid=ZbWKwL\"><mark style=\"background-color:rgba(0, 0, 0, 0)\" class=\"has-inline-color has-vivid-cyan-blue-color\">Asamblea Nacional del Poder Popular<\/mark><\/a> aprob\u00f3 en 2023 la primera Ley de Comunicaci\u00f3n Social del pa\u00eds, hecho que marc\u00f3 un hito en el proceso de legitimaci\u00f3n de este campo profesional en Cuba.<\/p>\n\n\n\n<figure class=\"wp-block-image size-large\"><img loading=\"lazy\" decoding=\"async\" width=\"1024\" height=\"768\" src=\"https:\/\/www.ics.gob.cu\/wp-content\/uploads\/2025\/01\/1-1024x768.jpg\" alt=\"\" class=\"wp-image-6560\" srcset=\"https:\/\/www.ics.gob.cu\/wp-content\/uploads\/2025\/01\/1-1024x768.jpg 1024w, https:\/\/www.ics.gob.cu\/wp-content\/uploads\/2025\/01\/1-300x225.jpg 300w, https:\/\/www.ics.gob.cu\/wp-content\/uploads\/2025\/01\/1-768x576.jpg 768w, https:\/\/www.ics.gob.cu\/wp-content\/uploads\/2025\/01\/1.jpg 1040w\" sizes=\"auto, (max-width: 1024px) 100vw, 1024px\" \/><\/figure>\n\n\n\n<figure class=\"wp-block-image size-full\"><img loading=\"lazy\" decoding=\"async\" width=\"882\" height=\"638\" src=\"https:\/\/www.ics.gob.cu\/wp-content\/uploads\/2025\/01\/Imagen-de-WhatsApp-2025-01-16-a-las-14.26.34_bf5fdd42.jpg\" alt=\"\" class=\"wp-image-6561\" srcset=\"https:\/\/www.ics.gob.cu\/wp-content\/uploads\/2025\/01\/Imagen-de-WhatsApp-2025-01-16-a-las-14.26.34_bf5fdd42.jpg 882w, https:\/\/www.ics.gob.cu\/wp-content\/uploads\/2025\/01\/Imagen-de-WhatsApp-2025-01-16-a-las-14.26.34_bf5fdd42-300x217.jpg 300w, https:\/\/www.ics.gob.cu\/wp-content\/uploads\/2025\/01\/Imagen-de-WhatsApp-2025-01-16-a-las-14.26.34_bf5fdd42-768x556.jpg 768w\" sizes=\"auto, (max-width: 882px) 100vw, 882px\" \/><\/figure>\n<div class=\"pld-like-dislike-wrap pld-template-1\">\r\n    <div class=\"pld-like-wrap  pld-common-wrap\">\r\n    <a href=\"javascript:void(0)\" class=\"pld-like-trigger pld-like-dislike-trigger\" title=\"\" data-post-id=\"6542\" data-trigger-type=\"like\" data-restriction=\"cookie\" data-already-liked=\"0\">\r\n                        <i class=\"fas fa-thumbs-up\"><\/i>\r\n                <\/a>\r\n    <span class=\"pld-like-count-wrap pld-count-wrap\">2    <\/span>\r\n<\/div><div class=\"pld-dislike-wrap  pld-common-wrap\">\r\n    <a href=\"javascript:void(0)\" class=\"pld-dislike-trigger pld-like-dislike-trigger\" title=\"\" data-post-id=\"6542\" data-trigger-type=\"dislike\" data-restriction=\"cookie\" data-already-liked=\"0\">\r\n                        <i class=\"fas fa-thumbs-down\"><\/i>\r\n                <\/a>\r\n    <span class=\"pld-dislike-count-wrap pld-count-wrap\">0<\/span>\r\n<\/div><\/div>","protected":false},"excerpt":{"rendered":"<p>Con el objetivo de dar cumplimiento al mandato de la Ley 162\/2023 \u201cDe Comunicaci\u00f3n Social\u201d de \u201cincentivar el reconocimiento de la sociedad a los profesionales del periodismo y la comunicaci\u00f3n social en general, cuya labor se caracterice por su integralidad, alto valor creativo y repercusi\u00f3n p\u00fablica\u201d se convoc\u00f3 al Premio Nacional de Comunicaci\u00f3n Social el [&hellip;]<\/p>\n","protected":false},"author":7,"featured_media":6559,"comment_status":"open","ping_status":"open","sticky":false,"template":"","format":"standard","meta":{"_bbp_topic_count":0,"_bbp_reply_count":0,"_bbp_total_topic_count":0,"_bbp_total_reply_count":0,"_bbp_voice_count":0,"_bbp_anonymous_reply_count":0,"_bbp_topic_count_hidden":0,"_bbp_reply_count_hidden":0,"_bbp_forum_subforum_count":0,"_glsr_average":0,"_glsr_ranking":0,"_glsr_reviews":0,"footnotes":""},"categories":[10],"tags":[47,7,59,39],"class_list":["post-6542","post","type-post","status-publish","format-standard","has-post-thumbnail","hentry","category-nacionales","tag-comunicacion-social","tag-cuba","tag-educacion-para-la-comunicacion","tag-ics"],"acf":[],"_links":{"self":[{"href":"https:\/\/www.ics.gob.cu\/en\/wp-json\/wp\/v2\/posts\/6542","targetHints":{"allow":["GET"]}}],"collection":[{"href":"https:\/\/www.ics.gob.cu\/en\/wp-json\/wp\/v2\/posts"}],"about":[{"href":"https:\/\/www.ics.gob.cu\/en\/wp-json\/wp\/v2\/types\/post"}],"author":[{"embeddable":true,"href":"https:\/\/www.ics.gob.cu\/en\/wp-json\/wp\/v2\/users\/7"}],"replies":[{"embeddable":true,"href":"https:\/\/www.ics.gob.cu\/en\/wp-json\/wp\/v2\/comments?post=6542"}],"version-history":[{"count":6,"href":"https:\/\/www.ics.gob.cu\/en\/wp-json\/wp\/v2\/posts\/6542\/revisions"}],"predecessor-version":[{"id":6563,"href":"https:\/\/www.ics.gob.cu\/en\/wp-json\/wp\/v2\/posts\/6542\/revisions\/6563"}],"wp:featuredmedia":[{"embeddable":true,"href":"https:\/\/www.ics.gob.cu\/en\/wp-json\/wp\/v2\/media\/6559"}],"wp:attachment":[{"href":"https:\/\/www.ics.gob.cu\/en\/wp-json\/wp\/v2\/media?parent=6542"}],"wp:term":[{"taxonomy":"category","embeddable":true,"href":"https:\/\/www.ics.gob.cu\/en\/wp-json\/wp\/v2\/categories?post=6542"},{"taxonomy":"post_tag","embeddable":true,"href":"https:\/\/www.ics.gob.cu\/en\/wp-json\/wp\/v2\/tags?post=6542"}],"curies":[{"name":"wp","href":"https:\/\/api.w.org\/{rel}","templated":true}]}}