{"id":6664,"date":"2025-02-13T14:18:23","date_gmt":"2025-02-13T14:18:23","guid":{"rendered":"https:\/\/www.ics.gob.cu\/?p=6664"},"modified":"2025-02-13T17:45:01","modified_gmt":"2025-02-13T17:45:01","slug":"editorial-en-vivo-atractivas-propuestas-en-filhcuba-2025","status":"publish","type":"post","link":"https:\/\/www.ics.gob.cu\/en\/editorial-en-vivo-atractivas-propuestas-en-filhcuba-2025\/","title":{"rendered":"EDITORIAL EN VIVO: ATRACTIVAS PROPUESTAS EN FILHCuba 2025"},"content":{"rendered":"<div class=\"pdfprnt-buttons pdfprnt-buttons-post pdfprnt-top-right\"><a href=\"https:\/\/www.ics.gob.cu\/en\/wp-json\/wp\/v2\/posts\/6664?print=print\" class=\"pdfprnt-button pdfprnt-button-print\" target=\"_blank\" ><img decoding=\"async\" src=\"https:\/\/www.ics.gob.cu\/wp-content\/plugins\/pdf-print\/images\/print.png\" alt=\"image_print\" title=\"Print Content\" \/><\/a><\/div>\n<p><strong>Del 13 al 23 de febrero se celebrar\u00e1 la edici\u00f3n 33 de la <a href=\"https:\/\/www.filhcuba.cu\"><mark style=\"background-color:rgba(0, 0, 0, 0)\" class=\"has-inline-color has-vivid-cyan-blue-color\">Feria Internacional del Libro de La Habana<\/mark><\/a> (FILH 2025), con su sede principal en el Parque Hist\u00f3rico Militar Morro-Caba\u00f1a. En Vivo, sello editorial de la radio y la televisi\u00f3n cubanas, presentar\u00e1 varios ejemplares en la fiesta del libro.<\/strong><\/p>\n\n\n\n<p>En la 33 edici\u00f3n de la Feria del Libro la <a href=\"https:\/\/www.facebook.com\/p\/Editorial-En-Vivo-100076143796435\/\"><mark style=\"background-color:rgba(0, 0, 0, 0)\" class=\"has-inline-color has-vivid-cyan-blue-color\">Editorial En Vivo<\/mark><\/a> realizar\u00e1 un homenaje a autores, dise\u00f1adores y editores que han formado parte de su colectivo durante estos 15 a\u00f1os, que cumplir\u00e1 en el mes de octubre.<\/p>\n\n\n\n<figure class=\"wp-block-image size-full\"><img loading=\"lazy\" decoding=\"async\" width=\"555\" height=\"523\" src=\"https:\/\/www.ics.gob.cu\/wp-content\/uploads\/2025\/02\/IMG-20250213-WA0011.jpg\" alt=\"\" class=\"wp-image-6673\" srcset=\"https:\/\/www.ics.gob.cu\/wp-content\/uploads\/2025\/02\/IMG-20250213-WA0011.jpg 555w, https:\/\/www.ics.gob.cu\/wp-content\/uploads\/2025\/02\/IMG-20250213-WA0011-300x283.jpg 300w\" sizes=\"auto, (max-width: 555px) 100vw, 555px\" \/><\/figure>\n\n\n\n<p>Al conversar con la Dra. Norma G\u00e1lvez, directora del sello radiotelevisivo, record\u00f3 que la editorial fue concebida a partir de la experiencia de profesionales como <a href=\"https:\/\/twitter.com\/wrr2?t=ZjIzNUVdd6md3lY8Zxg9pg&amp;s=09\"><mark style=\"background-color:rgba(0, 0, 0, 0)\" class=\"has-inline-color has-vivid-cyan-blue-color\">Waldo Ram\u00edrez de la Ribera<\/mark><\/a>, y V\u00edctor Fowler; y en sus inicios cont\u00f3 con un equipo integrado por la realizadora Magda Gonz\u00e1lez Grau, la cr\u00edtica cultural Saily Tabares, la periodista Paquita Armas Fonseca, entre muchos otros.<\/p>\n\n\n\n<p>Con solo un a\u00f1o de fundada, en 2010, En Vivo particip\u00f3 en la primera Feria del Libro con un stand en La Caba\u00f1a. En esta ocasi\u00f3n presentaron 12 t\u00edtulos.<\/p>\n\n\n\n<p>Las obras de este sello pretenden rescatar y preservar la memoria hist\u00f3rica de la radio y la televisi\u00f3n de nuestro pa\u00eds. Sus autores se esfuerzan para que televidentes y radioyentes de todas las generaciones conozcan las riquezas de ambos medios, ya sea en formato impreso o digital.<\/p>\n\n\n\n<p>\u201cEn la feria vamos a presentar una serie de libros importantes. Tal es el caso de un material sobre Manuel (Manolo) Ortega y otros vol\u00famenes sobre las actrices de radio y televisi\u00f3n Carmen Solar y Ver\u00f3nica Lynn, que ya han sido presentados pero son muy interesantes. Adem\u00e1s, tendremos \u201cPrivilegiados del Tiempo\u201d, un libro que recoge an\u00e9cdotas de profesionales del periodismo y la comunicaci\u00f3n junto al Comandante en Jefe, Fidel Castro\u201d, destac\u00f3 la tambi\u00e9n profesora.<\/p>\n\n\n\n<div data-wp-interactive=\"core\/file\" class=\"wp-block-file\"><object data-wp-bind--hidden=\"!state.hasPdfPreview\" hidden class=\"wp-block-file__embed\" data=\"https:\/\/www.ics.gob.cu\/wp-content\/uploads\/2025\/02\/programa-Feria-2025-REDES.pdf\" type=\"application\/pdf\" style=\"width:100%;height:600px\" aria-label=\"Embed of &lt;strong&gt;PROGRAMA EDITORIAL EN VIVO FILH 2025&lt;\/strong&gt;.\"><\/object><a id=\"wp-block-file--media-91891b2d-2ba2-4c27-b816-c100726e3df0\" href=\"https:\/\/www.ics.gob.cu\/wp-content\/uploads\/2025\/02\/programa-Feria-2025-REDES.pdf\"><strong>PROGRAMA EDITORIAL EN VIVO FILH 2025<\/strong><\/a><a href=\"https:\/\/www.ics.gob.cu\/wp-content\/uploads\/2025\/02\/programa-Feria-2025-REDES.pdf\" class=\"wp-block-file__button wp-element-button\" download aria-describedby=\"wp-block-file--media-91891b2d-2ba2-4c27-b816-c100726e3df0\">Descarga<\/a><\/div>\n\n\n\n<p>En esta edici\u00f3n de la FILH la editorial tendr\u00e1 su stand en el mesanini del edificio de la radio y la televisi\u00f3n cubanas, ubicado en 23 y M, en el Vedado capitalino.<\/p>\n\n\n\n<p>Norma G\u00e1lvez agradeci\u00f3 el apoyo de la direcci\u00f3n de los sistemas de la radio y la televisi\u00f3n en la edici\u00f3n de los textos, proceso altamente costoso. \u201cNosotros estamos haciendo un promedio de 15 a 20 libros al a\u00f1o. El trabajo es muy fuerte\u201d, acot\u00f3.<\/p>\n\n\n\n<figure class=\"wp-block-image size-full\"><img loading=\"lazy\" decoding=\"async\" width=\"520\" height=\"520\" src=\"https:\/\/www.ics.gob.cu\/wp-content\/uploads\/2025\/02\/IMG-20250213-WA0008.jpg\" alt=\"\" class=\"wp-image-6670\" srcset=\"https:\/\/www.ics.gob.cu\/wp-content\/uploads\/2025\/02\/IMG-20250213-WA0008.jpg 520w, https:\/\/www.ics.gob.cu\/wp-content\/uploads\/2025\/02\/IMG-20250213-WA0008-300x300.jpg 300w, https:\/\/www.ics.gob.cu\/wp-content\/uploads\/2025\/02\/IMG-20250213-WA0008-150x150.jpg 150w\" sizes=\"auto, (max-width: 520px) 100vw, 520px\" \/><\/figure>\n\n\n\n<p>Las celebraciones por el cumplea\u00f1os 15 de la editorial, a conmemorarse el pr\u00f3ximo 24 de octubre, comenzar\u00e1n con su presencia en la Feria del Libro de La Habana. No obstante, si las condiciones lo permiten, llegar\u00e1n hasta varias provincias de Cuba para presentar estos ejemplares.<\/p>\n\n\n\n<p>Este aniversario coincide con los 75 a\u00f1os de la televisi\u00f3n cubana. \u201cVamos a participar en el festival de la radio, en foros y eventos, estaremos tambi\u00e9n en el S\u00e1bado del Libro, en la Calle de madera y durante todo el a\u00f1o tendremos varias actividades\u201d, subray\u00f3.<\/p>\n\n\n\n<p>Para la venidera feria prev\u00e9n la publicaci\u00f3n de un texto sobre el Ballet de la Televisi\u00f3n Cubana, y ya se encuentra en proceso uno sobre el desarrollo de este medio hasta 1962, del ingeniero Jos\u00e9 Torres, ya fallecido.<\/p>\n\n\n\n<p>Igualmente, En Vivo convoca a todo el que atesore historias sobre la radio y la televisi\u00f3n a que se acerque a la editorial para colaborar.<\/p>\n\n\n\n<p><\/p>\n<div class=\"pld-like-dislike-wrap pld-template-1\">\r\n    <div class=\"pld-like-wrap  pld-common-wrap\">\r\n    <a href=\"javascript:void(0)\" class=\"pld-like-trigger pld-like-dislike-trigger\" title=\"\" data-post-id=\"6664\" data-trigger-type=\"like\" data-restriction=\"cookie\" data-already-liked=\"0\">\r\n                        <i class=\"fas fa-thumbs-up\"><\/i>\r\n                <\/a>\r\n    <span class=\"pld-like-count-wrap pld-count-wrap\">1    <\/span>\r\n<\/div><div class=\"pld-dislike-wrap  pld-common-wrap\">\r\n    <a href=\"javascript:void(0)\" class=\"pld-dislike-trigger pld-like-dislike-trigger\" title=\"\" data-post-id=\"6664\" data-trigger-type=\"dislike\" data-restriction=\"cookie\" data-already-liked=\"0\">\r\n                        <i class=\"fas fa-thumbs-down\"><\/i>\r\n                <\/a>\r\n    <span class=\"pld-dislike-count-wrap pld-count-wrap\">0<\/span>\r\n<\/div><\/div>","protected":false},"excerpt":{"rendered":"<p>Del 13 al 23 de febrero se celebrar\u00e1 la edici\u00f3n 33 de la Feria Internacional del Libro de La Habana (FILH 2025), con su sede principal en el Parque Hist\u00f3rico Militar Morro-Caba\u00f1a. En Vivo, sello editorial de la radio y la televisi\u00f3n cubanas, presentar\u00e1 varios ejemplares en la fiesta del libro. En la 33 edici\u00f3n [&hellip;]<\/p>\n","protected":false},"author":2,"featured_media":6665,"comment_status":"open","ping_status":"open","sticky":false,"template":"","format":"standard","meta":{"_bbp_topic_count":0,"_bbp_reply_count":0,"_bbp_total_topic_count":0,"_bbp_total_reply_count":0,"_bbp_voice_count":0,"_bbp_anonymous_reply_count":0,"_bbp_topic_count_hidden":0,"_bbp_reply_count_hidden":0,"_bbp_forum_subforum_count":0,"_glsr_average":0,"_glsr_ranking":0,"_glsr_reviews":0,"footnotes":""},"categories":[10],"tags":[47,7,93,39,67,76],"class_list":["post-6664","post","type-post","status-publish","format-standard","has-post-thumbnail","hentry","category-nacionales","tag-comunicacion-social","tag-cuba","tag-filh-cuba","tag-ics","tag-radio-cubana","tag-television-cubana"],"acf":[],"_links":{"self":[{"href":"https:\/\/www.ics.gob.cu\/en\/wp-json\/wp\/v2\/posts\/6664","targetHints":{"allow":["GET"]}}],"collection":[{"href":"https:\/\/www.ics.gob.cu\/en\/wp-json\/wp\/v2\/posts"}],"about":[{"href":"https:\/\/www.ics.gob.cu\/en\/wp-json\/wp\/v2\/types\/post"}],"author":[{"embeddable":true,"href":"https:\/\/www.ics.gob.cu\/en\/wp-json\/wp\/v2\/users\/2"}],"replies":[{"embeddable":true,"href":"https:\/\/www.ics.gob.cu\/en\/wp-json\/wp\/v2\/comments?post=6664"}],"version-history":[{"count":4,"href":"https:\/\/www.ics.gob.cu\/en\/wp-json\/wp\/v2\/posts\/6664\/revisions"}],"predecessor-version":[{"id":6679,"href":"https:\/\/www.ics.gob.cu\/en\/wp-json\/wp\/v2\/posts\/6664\/revisions\/6679"}],"wp:featuredmedia":[{"embeddable":true,"href":"https:\/\/www.ics.gob.cu\/en\/wp-json\/wp\/v2\/media\/6665"}],"wp:attachment":[{"href":"https:\/\/www.ics.gob.cu\/en\/wp-json\/wp\/v2\/media?parent=6664"}],"wp:term":[{"taxonomy":"category","embeddable":true,"href":"https:\/\/www.ics.gob.cu\/en\/wp-json\/wp\/v2\/categories?post=6664"},{"taxonomy":"post_tag","embeddable":true,"href":"https:\/\/www.ics.gob.cu\/en\/wp-json\/wp\/v2\/tags?post=6664"}],"curies":[{"name":"wp","href":"https:\/\/api.w.org\/{rel}","templated":true}]}}