{"id":6724,"date":"2025-03-14T11:38:02","date_gmt":"2025-03-14T11:38:02","guid":{"rendered":"https:\/\/www.ics.gob.cu\/?p=6724"},"modified":"2025-03-14T13:03:41","modified_gmt":"2025-03-14T13:03:41","slug":"prensa-cubana-continuadora-del-legado-de-marti-y-fidel","status":"publish","type":"post","link":"https:\/\/www.ics.gob.cu\/en\/prensa-cubana-continuadora-del-legado-de-marti-y-fidel\/","title":{"rendered":"PRENSA CUBANA, CONTINUADORA DEL LEGADO DE MART\u00cd Y FIDEL"},"content":{"rendered":"<div class=\"pdfprnt-buttons pdfprnt-buttons-post pdfprnt-top-right\"><a href=\"https:\/\/www.ics.gob.cu\/en\/wp-json\/wp\/v2\/posts\/6724?print=print\" class=\"pdfprnt-button pdfprnt-button-print\" target=\"_blank\" ><img decoding=\"async\" src=\"https:\/\/www.ics.gob.cu\/wp-content\/plugins\/pdf-print\/images\/print.png\" alt=\"image_print\" title=\"Print Content\" \/><\/a><\/div>\n<p><strong>Hoy celebramos el D\u00eda de la Prensa Cubana, en honor al 14 de marzo de 1892, cuando vio la luz el primer n\u00famero del peri\u00f3dico Patria, creado por Jos\u00e9 Mart\u00ed \u201cpara juntar y para vivir en la pasi\u00f3n de la verdad\u201d.<\/strong><\/p>\n\n\n\n<p>Este 2025, cuando conmemoraremos los 130 a\u00f1os de la ca\u00edda en combate del Ap\u00f3stol, es necesario apoyarnos en su obra como br\u00fajula que nos gu\u00ede hacia la realizaci\u00f3n de un mejor Periodismo. En Mart\u00ed debemos buscar toda la fuerza inspiradora que nos aliente y conduzca en los cambios que hoy experimentan nuestros medios de comunicaci\u00f3n.<\/p>\n\n\n<div class=\"wp-block-image\">\n<figure class=\"aligncenter size-full\"><img loading=\"lazy\" decoding=\"async\" width=\"300\" height=\"206\" src=\"https:\/\/www.ics.gob.cu\/wp-content\/uploads\/2025\/03\/marti-patria-1.jpg\" alt=\"\" class=\"wp-image-6725\"\/><\/figure>\n<\/div>\n\n\n<p>La Jornada de la Prensa Cubana, que comenz\u00f3 el pasado 5 de marzo y concluir\u00e1 el d\u00eda 19, ha servido para reconocer a los profesionales del gremio y a quienes impulsan la transformaci\u00f3n en nuestros medios.<\/p>\n\n\n\n<p>Continuaremos apostando por un periodismo m\u00e1s comprometido con la verdad, m\u00e1s cercano a la gente y m\u00e1s capaz de enfrentar los desaf\u00edos actuales.<\/p>\n\n\n\n<p>En este nuevo contexto comunicativo, la implementaci\u00f3n de la Ley 162 \u00abDe Comunicaci\u00f3n Social\u00bb y sus reglamentos refuerza el camino a seguir, dot\u00e1ndonos de un marco normativo que nos permite ordenar, articular y gestionar de forma estrat\u00e9gica e integrada la comunicaci\u00f3n social, en lo cual el papel de los medios fundamentales es vital.<\/p>\n\n\n\n<p>Muchas felicidades a todos los profesionales de la prensa en Cuba, a los presentes, pasados y quienes se forman para ejercer esta noble labor, tenemos el compromiso de seguir demostrando los m\u00e1s altos valores \u00e9ticos, como nos ense\u00f1\u00f3 Mart\u00ed, Fidel y la Revoluci\u00f3n Cubana.<\/p>\n<div class=\"pld-like-dislike-wrap pld-template-1\">\r\n    <div class=\"pld-like-wrap  pld-common-wrap\">\r\n    <a href=\"javascript:void(0)\" class=\"pld-like-trigger pld-like-dislike-trigger\" title=\"\" data-post-id=\"6724\" data-trigger-type=\"like\" data-restriction=\"cookie\" data-already-liked=\"0\">\r\n                        <i class=\"fas fa-thumbs-up\"><\/i>\r\n                <\/a>\r\n    <span class=\"pld-like-count-wrap pld-count-wrap\">0    <\/span>\r\n<\/div><div class=\"pld-dislike-wrap  pld-common-wrap\">\r\n    <a href=\"javascript:void(0)\" class=\"pld-dislike-trigger pld-like-dislike-trigger\" title=\"\" data-post-id=\"6724\" data-trigger-type=\"dislike\" data-restriction=\"cookie\" data-already-liked=\"0\">\r\n                        <i class=\"fas fa-thumbs-down\"><\/i>\r\n                <\/a>\r\n    <span class=\"pld-dislike-count-wrap pld-count-wrap\">0<\/span>\r\n<\/div><\/div>","protected":false},"excerpt":{"rendered":"<p>Hoy celebramos el D\u00eda de la Prensa Cubana, en honor al 14 de marzo de 1892, cuando vio la luz el primer n\u00famero del peri\u00f3dico Patria, creado por Jos\u00e9 Mart\u00ed \u201cpara juntar y para vivir en la pasi\u00f3n de la verdad\u201d. Este 2025, cuando conmemoraremos los 130 a\u00f1os de la ca\u00edda en combate del Ap\u00f3stol, [&hellip;]<\/p>\n","protected":false},"author":7,"featured_media":6728,"comment_status":"open","ping_status":"closed","sticky":false,"template":"","format":"standard","meta":{"_bbp_topic_count":0,"_bbp_reply_count":0,"_bbp_total_topic_count":0,"_bbp_total_reply_count":0,"_bbp_voice_count":0,"_bbp_anonymous_reply_count":0,"_bbp_topic_count_hidden":0,"_bbp_reply_count_hidden":0,"_bbp_forum_subforum_count":0,"_glsr_average":0,"_glsr_ranking":0,"_glsr_reviews":0,"footnotes":""},"categories":[10],"tags":[47,7,63,39,67,76],"class_list":["post-6724","post","type-post","status-publish","format-standard","has-post-thumbnail","hentry","category-nacionales","tag-comunicacion-social","tag-cuba","tag-fidel-castro","tag-ics","tag-radio-cubana","tag-television-cubana"],"acf":[],"_links":{"self":[{"href":"https:\/\/www.ics.gob.cu\/en\/wp-json\/wp\/v2\/posts\/6724","targetHints":{"allow":["GET"]}}],"collection":[{"href":"https:\/\/www.ics.gob.cu\/en\/wp-json\/wp\/v2\/posts"}],"about":[{"href":"https:\/\/www.ics.gob.cu\/en\/wp-json\/wp\/v2\/types\/post"}],"author":[{"embeddable":true,"href":"https:\/\/www.ics.gob.cu\/en\/wp-json\/wp\/v2\/users\/7"}],"replies":[{"embeddable":true,"href":"https:\/\/www.ics.gob.cu\/en\/wp-json\/wp\/v2\/comments?post=6724"}],"version-history":[{"count":4,"href":"https:\/\/www.ics.gob.cu\/en\/wp-json\/wp\/v2\/posts\/6724\/revisions"}],"predecessor-version":[{"id":6737,"href":"https:\/\/www.ics.gob.cu\/en\/wp-json\/wp\/v2\/posts\/6724\/revisions\/6737"}],"wp:featuredmedia":[{"embeddable":true,"href":"https:\/\/www.ics.gob.cu\/en\/wp-json\/wp\/v2\/media\/6728"}],"wp:attachment":[{"href":"https:\/\/www.ics.gob.cu\/en\/wp-json\/wp\/v2\/media?parent=6724"}],"wp:term":[{"taxonomy":"category","embeddable":true,"href":"https:\/\/www.ics.gob.cu\/en\/wp-json\/wp\/v2\/categories?post=6724"},{"taxonomy":"post_tag","embeddable":true,"href":"https:\/\/www.ics.gob.cu\/en\/wp-json\/wp\/v2\/tags?post=6724"}],"curies":[{"name":"wp","href":"https:\/\/api.w.org\/{rel}","templated":true}]}}