{"id":6731,"date":"2025-03-14T12:18:55","date_gmt":"2025-03-14T12:18:55","guid":{"rendered":"https:\/\/www.ics.gob.cu\/?p=6731"},"modified":"2025-03-14T12:20:11","modified_gmt":"2025-03-14T12:20:11","slug":"presidente-cubano-felicita-a-los-trabajadores-de-la-prensa-en-su-dia","status":"publish","type":"post","link":"https:\/\/www.ics.gob.cu\/en\/presidente-cubano-felicita-a-los-trabajadores-de-la-prensa-en-su-dia\/","title":{"rendered":"PRESIDENTE CUBANO FELICITA A LOS TRABAJADORES DE LA PRENSA EN SU D\u00cdA"},"content":{"rendered":"<div class=\"pdfprnt-buttons pdfprnt-buttons-post pdfprnt-top-right\"><a href=\"https:\/\/www.ics.gob.cu\/en\/wp-json\/wp\/v2\/posts\/6731?print=print\" class=\"pdfprnt-button pdfprnt-button-print\" target=\"_blank\" ><img decoding=\"async\" src=\"https:\/\/www.ics.gob.cu\/wp-content\/plugins\/pdf-print\/images\/print.png\" alt=\"image_print\" title=\"Print Content\" \/><\/a><\/div>\n<p><strong>Mensaje del primer secretario del Comit\u00e9 Central del Partido y presidente de la Rep\u00fablica, Miguel D\u00edaz-Canel Berm\u00fadez, a prop\u00f3sito del D\u00eda de la Prensa Cubana:<\/strong><\/p>\n\n\n\n<p>A todos los trabajadores de la prensa cubana y particularmente a los j\u00f3venes que se estrenan en el oficio:<\/p>\n\n\n\n<p>Al celebrar este 14 de Marzo el D\u00eda de la Prensa Cubana, nos anima, en primer lugar, el deber y la emoci\u00f3n de conmemorar el nacimiento del peri\u00f3dico Patria, fundado por Jos\u00e9 Mart\u00ed este d\u00eda de 1892, \u201cpara juntar y amar, y para vivir en la pasi\u00f3n de la verdad\u201d.<\/p>\n\n\n\n<p>No creo que se hayan dicho, antes o despu\u00e9s, palabras m\u00e1s bellas y exactas para describir la misi\u00f3n del periodismo que necesita la Revoluci\u00f3n en su infatigable b\u00fasqueda de una sociedad m\u00e1s justa y solidaria. O como la invocara Mart\u00ed: \u201cCon todos y para el bien de todos\u201d.<\/p>\n\n\n\n<p>Por eso sentimos la necesidad constante de volver a las razones de Patria, cada vez que una jornada celebratoria nos convoca a la reflexi\u00f3n imprescindible sobre el rol de la prensa en nuestra sociedad.<\/p>\n\n\n\n<p>Porque, si bien es d\u00eda de justo homenaje a aquellos que, con su dedicaci\u00f3n y compromiso, asumen el reto cotidiano de dejar constancia de lo que somos y hacemos, en medio del cerco imperial m\u00e1s feroz, tambi\u00e9n nos corresponde apuntar, se\u00f1alar y si es posible, rectificar, todo cuanto entorpece y debilita la comunicaci\u00f3n entre el pueblo y aquellos que hoy asumimos la responsabilidad de representarlo desde las m\u00e1s dis\u00edmiles tareas en el Partido, el Gobierno, la Asamblea Nacional y las organizaciones pol\u00edticas y de masas.<\/p>\n\n\n\n<p>Si bien somos un peque\u00f1o archipi\u00e9lago navegando en un mundo, mayormente caracterizado por el uso y abuso de la informaci\u00f3n como arma de poder que controlan unos pocos conglomerados medi\u00e1ticos, los cuales son parte o est\u00e1n asociados a oligarqu\u00edas nacionales y globales, somos una sociedad libre del sometimiento que han impuesto los mercaderes modernos, al ejercicio period\u00edstico.<\/p>\n\n\n\n<p>Pero, la prensa cubana, con todo lo que ha avanzado y crecido en los \u00faltimos a\u00f1os, sigue sufriendo el lastre de pr\u00e1cticas obsoletas en el lenguaje, las formas y los tiempos, como l\u00f3gica consecuencia de a\u00f1os de ejercicio en la trinchera.<\/p>\n\n\n\n<p>Y porque la hora del peligro no ha pasado, pesan y mucho a\u00fan esos lastres. Pero por esa misma raz\u00f3n, hoy est\u00e1 nuestra prensa agresivamente retada por la tecnolog\u00eda y la maravillosa originalidad de nuestro pueblo, a transformarse, creativamente, viralizando la \u201cpasi\u00f3n por la verdad\u201d frente a la obscena invasi\u00f3n de mentiras y manipulaciones que asaltan a las audiencias desde las redes digitales manejadas por el odio.<\/p>\n\n\n\n<p>Hace poco hemos pedido una nueva \u201cVindicaci\u00f3n de Cuba\u201d, como aquel ejemplar combate que libr\u00f3 Jos\u00e9 Mart\u00ed, desde un peri\u00f3dico norteamericano, frente a quienes intentaban denigrar a nuestro pueblo. No se trata de devolver odio al odio, como no lo hizo el Ap\u00f3stol en su momento. Se trata de oponer la verdad de una naci\u00f3n enfrascada en la b\u00fasqueda de salidas al acoso imperial, con ejemplar dignidad que incluye la imprescindible autocr\u00edtica.<\/p>\n\n\n\n<p>Ello no niega, ni puede negar, el hecho irrefutable de que la prensa cubana, la aut\u00e9ntica prensa cubana, ha sido y sigue siendo un baluarte de resistencia. Y que el periodismo cubano, por encima de inconformidades y demandas, ha sabido actuar con la \u00e9tica y la pasi\u00f3n de los genuinos revolucionarios, profundamente comprometido con el pueblo del que naci\u00f3, con la Revoluci\u00f3n que lo form\u00f3 y con los valores que nos definen como naci\u00f3n.<\/p>\n\n\n\n<p>Todos somos conscientes de cu\u00e1nto las llamadas redes sociales y las nuevas tecnolog\u00edas han transformado el panorama medi\u00e1tico, a fuerza de acciones de desinformaci\u00f3n, noticias falsas y manipulaci\u00f3n de la opini\u00f3n p\u00fablica. En este contexto, el periodismo cubano tiene la responsabilidad de superarse a s\u00ed mismo, como un faro de veracidad y \u00e9tica. Debemos utilizar las herramientas digitales no para seguir tendencias, sino para educar, para formar conciencia y para defender la verdad.<\/p>\n\n\n\n<p>En Cuba, la prensa revolucionaria es realmente independiente, porque no est\u00e1 al servicio de capitales ni de intereses extranjeros. Est\u00e1 al servicio del pueblo y ese servicio debe asumirse como una obligaci\u00f3n de reflejar m\u00e1s y mejor, m\u00e1s integralmente, las inquietudes, los logros y los desaf\u00edos de nuestra sociedad.<\/p>\n\n\n\n<p>Paralelamente, tiene nuestra prensa la libertad que en otros lugares se castiga o se margina, de dar voz a la solidaridad con los pueblos que luchan por su liberaci\u00f3n, como el pueblo palestino, v\u00edctima de una guerra de persecuci\u00f3n y exterminio y de una guerra medi\u00e1tica que busca justificar lo injustificable. Desde Cuba, seguiremos denunciando estas injusticias y amplificando las voces de los que luchan por la paz y la dignidad de todos los pueblos y contamos para ello con la prensa cubana en la vanguardia.<\/p>\n\n\n\n<p>Hoy, la prensa cubana est\u00e1 en manos j\u00f3venes. A ustedes les corresponde llevar adelante el legado de Mart\u00ed, de Fidel, de tantos periodistas que hicieron su obra y dieron su vida por la Revoluci\u00f3n. Ese legado es fundamental en la formaci\u00f3n de las nuevas generaciones, no s\u00f3lo en las t\u00e9cnicas del periodismo, sino en los valores de la \u00e9tica, la honestidad y el compromiso social, como protagonistas de una prensa innovadora, cr\u00edtica y revolucionaria.<\/p>\n\n\n\n<p>Creemos con Fidel, que \u00absin una prensa revolucionaria, no hay Revoluci\u00f3n posible\u00bb y que la prensa debe ser un baluarte en la defensa de la verdad y la justicia, y un instrumento para la movilizaci\u00f3n y la concienciaci\u00f3n de nuestro pueblo. Ra\u00fal tambi\u00e9n nos ha recordado que la prensa debe ser un espacio para el debate y la reflexi\u00f3n, al servicio del pueblo.<\/p>\n\n\n\n<p>En defensa de esas ideas, hemos subrayado la necesidad de modernizar y transformar nuestro sistema de comunicaci\u00f3n pol\u00edtica, p\u00fablica y de prensa, inst\u00e1ndolos a ser innovadores y sacar el mayor provecho a las nuevas tecnolog\u00edas. La Ley de Comunicaci\u00f3n Social, que entr\u00f3 en vigor en octubre de 2024, es un componente vital en el avance pol\u00edtico, econ\u00f3mico, social y cultural de nuestra naci\u00f3n.<\/p>\n\n\n\n<p>Tenemos la convicci\u00f3n de que la comunicaci\u00f3n pol\u00edtica y digital puede y debe ser una herramienta de aceleraci\u00f3n para la construcci\u00f3n de un mundo m\u00e1s justo y solidario. Nos comprometemos a seguir trabajando juntos, a fortalecer nuestras redes y a llevar adelante los principios y valores que hemos compartido.<\/p>\n\n\n\n<p>Compa\u00f1eras y compa\u00f1eros,<\/p>\n\n\n\n<p>En este D\u00eda de la Prensa, reafirmamos nuestro compromiso con la verdad, con la justicia y con la Revoluci\u00f3n. La prensa cubana no es un negocio; es un servicio. No es un instrumento de dominaci\u00f3n; es una herramienta de liberaci\u00f3n.<\/p>\n\n\n\n<p>Sigamos siendo fieles al legado de Mart\u00ed, quien dijo: \u00abLa prensa no es aprobaci\u00f3n bondadosa o ira insultante; es proposici\u00f3n, estudio, examen y consejo\u00bb.<\/p>\n\n\n\n<p>Que nuestra prensa siga siendo un faro de luz cargado de verdad en la oscuridad de ideas de los tiempos que vive el mundo. Que siga siendo, como lo ha sido siempre, un instrumento al servicio de la patria, del pueblo, de la Humanidad.<\/p>\n\n\n\n<p><strong>\u00a1Viva la prensa cubana!<\/strong><\/p>\n<div class=\"pld-like-dislike-wrap pld-template-1\">\r\n    <div class=\"pld-like-wrap  pld-common-wrap\">\r\n    <a href=\"javascript:void(0)\" class=\"pld-like-trigger pld-like-dislike-trigger\" title=\"\" data-post-id=\"6731\" data-trigger-type=\"like\" data-restriction=\"cookie\" data-already-liked=\"0\">\r\n                        <i class=\"fas fa-thumbs-up\"><\/i>\r\n                <\/a>\r\n    <span class=\"pld-like-count-wrap pld-count-wrap\">0    <\/span>\r\n<\/div><div class=\"pld-dislike-wrap  pld-common-wrap\">\r\n    <a href=\"javascript:void(0)\" class=\"pld-dislike-trigger pld-like-dislike-trigger\" title=\"\" data-post-id=\"6731\" data-trigger-type=\"dislike\" data-restriction=\"cookie\" data-already-liked=\"0\">\r\n                        <i class=\"fas fa-thumbs-down\"><\/i>\r\n                <\/a>\r\n    <span class=\"pld-dislike-count-wrap pld-count-wrap\">0<\/span>\r\n<\/div><\/div>","protected":false},"excerpt":{"rendered":"<p>Mensaje del primer secretario del Comit\u00e9 Central del Partido y presidente de la Rep\u00fablica, Miguel D\u00edaz-Canel Berm\u00fadez, a prop\u00f3sito del D\u00eda de la Prensa Cubana: A todos los trabajadores de la prensa cubana y particularmente a los j\u00f3venes que se estrenan en el oficio: Al celebrar este 14 de Marzo el D\u00eda de la Prensa [&hellip;]<\/p>\n","protected":false},"author":7,"featured_media":6732,"comment_status":"open","ping_status":"closed","sticky":false,"template":"","format":"standard","meta":{"_bbp_topic_count":0,"_bbp_reply_count":0,"_bbp_total_topic_count":0,"_bbp_total_reply_count":0,"_bbp_voice_count":0,"_bbp_anonymous_reply_count":0,"_bbp_topic_count_hidden":0,"_bbp_reply_count_hidden":0,"_bbp_forum_subforum_count":0,"_glsr_average":0,"_glsr_ranking":0,"_glsr_reviews":0,"footnotes":""},"categories":[10],"tags":[47,7,39,67,64,76],"class_list":["post-6731","post","type-post","status-publish","format-standard","has-post-thumbnail","hentry","category-nacionales","tag-comunicacion-social","tag-cuba","tag-ics","tag-radio-cubana","tag-revolucion-cubana","tag-television-cubana"],"acf":[],"_links":{"self":[{"href":"https:\/\/www.ics.gob.cu\/en\/wp-json\/wp\/v2\/posts\/6731","targetHints":{"allow":["GET"]}}],"collection":[{"href":"https:\/\/www.ics.gob.cu\/en\/wp-json\/wp\/v2\/posts"}],"about":[{"href":"https:\/\/www.ics.gob.cu\/en\/wp-json\/wp\/v2\/types\/post"}],"author":[{"embeddable":true,"href":"https:\/\/www.ics.gob.cu\/en\/wp-json\/wp\/v2\/users\/7"}],"replies":[{"embeddable":true,"href":"https:\/\/www.ics.gob.cu\/en\/wp-json\/wp\/v2\/comments?post=6731"}],"version-history":[{"count":2,"href":"https:\/\/www.ics.gob.cu\/en\/wp-json\/wp\/v2\/posts\/6731\/revisions"}],"predecessor-version":[{"id":6734,"href":"https:\/\/www.ics.gob.cu\/en\/wp-json\/wp\/v2\/posts\/6731\/revisions\/6734"}],"wp:featuredmedia":[{"embeddable":true,"href":"https:\/\/www.ics.gob.cu\/en\/wp-json\/wp\/v2\/media\/6732"}],"wp:attachment":[{"href":"https:\/\/www.ics.gob.cu\/en\/wp-json\/wp\/v2\/media?parent=6731"}],"wp:term":[{"taxonomy":"category","embeddable":true,"href":"https:\/\/www.ics.gob.cu\/en\/wp-json\/wp\/v2\/categories?post=6731"},{"taxonomy":"post_tag","embeddable":true,"href":"https:\/\/www.ics.gob.cu\/en\/wp-json\/wp\/v2\/tags?post=6731"}],"curies":[{"name":"wp","href":"https:\/\/api.w.org\/{rel}","templated":true}]}}