{"id":6739,"date":"2025-03-17T15:18:57","date_gmt":"2025-03-17T15:18:57","guid":{"rendered":"https:\/\/www.ics.gob.cu\/?p=6739"},"modified":"2025-03-17T17:06:35","modified_gmt":"2025-03-17T17:06:35","slug":"sesiona-reunion-ministros-informacion-y-comunicacion-social","status":"publish","type":"post","link":"https:\/\/www.ics.gob.cu\/en\/sesiona-reunion-ministros-informacion-y-comunicacion-social\/","title":{"rendered":"SESIONA REUNI\u00d3N DE MINISTROS DE INFORMACI\u00d3N Y COMUNICACI\u00d3N SOCIAL"},"content":{"rendered":"<div class=\"pdfprnt-buttons pdfprnt-buttons-post pdfprnt-top-right\"><a href=\"https:\/\/www.ics.gob.cu\/en\/wp-json\/wp\/v2\/posts\/6739?print=print\" class=\"pdfprnt-button pdfprnt-button-print\" target=\"_blank\" ><img decoding=\"async\" src=\"https:\/\/www.ics.gob.cu\/wp-content\/plugins\/pdf-print\/images\/print.png\" alt=\"image_print\" title=\"Print Content\" \/><\/a><\/div>\n<p><strong>\u00abSean todos y todas bienvenidos a la Patria de Jos\u00e9 Mart\u00ed y Fidel Castro\u00bb. <\/strong>Con esas palabras dio la bienvenida el presidente del Instituto de Informaci\u00f3n y Comunicaci\u00f3n Social (ICS), Alfonso Noya Mart\u00ednez, a los asistentes a la Reuni\u00f3n de Ministros y altos representantes gubernamentales para la Informaci\u00f3n y Comunicaci\u00f3n Social, que tendr\u00e1 lugar durante toda esta jornada.<\/p>\n\n\n\n<p>Convocado por el ICS en el contexto de la IV Edici\u00f3n del Coloquio Internacional \u00abPatria\u00bb, el encuentro est\u00e1 presidido por la miembro del Comit\u00e9 Central del Partido Comunista de Cuba y vicejefa de su Departamento Ideol\u00f3gico, Maryd\u00e9 Fern\u00e1ndez L\u00f3pez, la vice primera ministra de la Rep\u00fablica, In\u00e9s Mar\u00eda Chapman, la ministra de Comunicaciones de Cuba, Mayra Arevich Mar\u00edn, la viceministra de Relaciones Exteriores, Josefina Vidal Ferreiro, el presidente del ICS, Alfonso Noya Mart\u00ednez, as\u00ed como el vicepresidente primero del Instituto, Onelio Castillo Corder\u00ed.<\/p>\n\n\n\n<p>Con sede en el Hotel Nacional de Cuba, instituci\u00f3n insigne y embajadora de nuestra Marca Pa\u00eds, la reuni\u00f3n agrupa a ministros de comunicaci\u00f3n, jefes de delegaciones que nos visitan, embajadores y otros altos representantes del cuerpo diplom\u00e1tico acreditado en el pa\u00eds. Participan tambi\u00e9n otros funcionarios del CCPCC, de nuestra canciller\u00eda y directivos del ICS.<\/p>\n\n\n\n<p>El evento centrar\u00e1 su mirada en la comunicaci\u00f3n digital y los desaf\u00edos que impone la Inteligencia Artificial. Ser\u00e1 un escenario propicio para compartir estrategias y perfilar pol\u00edticas comunicacionales, valorar retos, desaf\u00edos y oportunidades para comunicar las realidades de nuestros pueblos desde una \u00f3ptica plural, participativa y contrahegem\u00f3nica.<\/p>\n\n\n\n<p>En las palabras de apertura, Alfonso Noya, se refiri\u00f3 a la pertinencia de reuniones como esta donde se aborden temas medulares para el desarrollo de las naciones de izquierda desde el \u00e1mbito de la informaci\u00f3n y la comunicaci\u00f3n, se compartan iniciativas y se creen alianzas en pos de avanzar juntos. As\u00ed mismo se refiri\u00f3 a la creaci\u00f3n del ICS, su misi\u00f3n y sus funciones.<\/p>\n\n\n\n<p>\u00abLa irrupci\u00f3n de la Inteligencia Artificial cada d\u00eda genera m\u00e1s transformaciones, al tiempo que se presentan dis\u00edmiles desaf\u00edos para todos los componentes del ecosistema comunicacional de nuestros pa\u00edses\u00bb, dijo Noya Mart\u00ednez.<\/p>\n\n\n\n<p>Agreg\u00f3 que la IA  incide hoy \u00aben las industrias, la ciencia, la pol\u00edtica, la comunicaci\u00f3n, el periodismo y la vida cotidiana\u00bb, y por tanto, es imprescindible tambi\u00e9n la mirada posible desde la \u00e9tica, lo legal y el respeto a la privacidad.<\/p>\n\n\n\n<p>En el caso cubano, destac\u00f3 el presidente del ICS, que la Isla \u00abcuenta con una pol\u00edtica para la Transformaci\u00f3n Digital, tambi\u00e9n con la Agenda Digital Cubana y la Estrategia para el Desarrollo y Uso de la Inteligencia Artificial en el pa\u00eds, que servir\u00e1 para acompa\u00f1ar a los principales procesos econ\u00f3micos y sociales, mediante el uso intensivo de las nuevas tecnolog\u00edas\u00bb.<\/p>\n\n\n\n<p>Para el t\u00e9rmino de la jornada se espera la aprobaci\u00f3n de una Declaraci\u00f3n Final y una hoja de ruta com\u00fan que nos permita afianzar nuestros lazos de cooperaci\u00f3n.<\/p>\n<div class=\"pld-like-dislike-wrap pld-template-1\">\r\n    <div class=\"pld-like-wrap  pld-common-wrap\">\r\n    <a href=\"javascript:void(0)\" class=\"pld-like-trigger pld-like-dislike-trigger\" title=\"\" data-post-id=\"6739\" data-trigger-type=\"like\" data-restriction=\"cookie\" data-already-liked=\"0\">\r\n                        <i class=\"fas fa-thumbs-up\"><\/i>\r\n                <\/a>\r\n    <span class=\"pld-like-count-wrap pld-count-wrap\">1    <\/span>\r\n<\/div><div class=\"pld-dislike-wrap  pld-common-wrap\">\r\n    <a href=\"javascript:void(0)\" class=\"pld-dislike-trigger pld-like-dislike-trigger\" title=\"\" data-post-id=\"6739\" data-trigger-type=\"dislike\" data-restriction=\"cookie\" data-already-liked=\"0\">\r\n                        <i class=\"fas fa-thumbs-down\"><\/i>\r\n                <\/a>\r\n    <span class=\"pld-dislike-count-wrap pld-count-wrap\">0<\/span>\r\n<\/div><\/div>","protected":false},"excerpt":{"rendered":"<p>\u00abSean todos y todas bienvenidos a la Patria de Jos\u00e9 Mart\u00ed y Fidel Castro\u00bb. Con esas palabras dio la bienvenida el presidente del Instituto de Informaci\u00f3n y Comunicaci\u00f3n Social (ICS), Alfonso Noya Mart\u00ednez, a los asistentes a la Reuni\u00f3n de Ministros y altos representantes gubernamentales para la Informaci\u00f3n y Comunicaci\u00f3n Social, que tendr\u00e1 lugar durante [&hellip;]<\/p>\n","protected":false},"author":10,"featured_media":6748,"comment_status":"open","ping_status":"closed","sticky":false,"template":"","format":"standard","meta":{"_bbp_topic_count":0,"_bbp_reply_count":0,"_bbp_total_topic_count":0,"_bbp_total_reply_count":0,"_bbp_voice_count":0,"_bbp_anonymous_reply_count":0,"_bbp_topic_count_hidden":0,"_bbp_reply_count_hidden":0,"_bbp_forum_subforum_count":0,"_glsr_average":0,"_glsr_ranking":0,"_glsr_reviews":0,"footnotes":""},"categories":[10],"tags":[99,100,47,7,39],"class_list":["post-6739","post","type-post","status-publish","format-standard","has-post-thumbnail","hentry","category-nacionales","tag-coloquiopatria","tag-pueblostejiendoredes","tag-comunicacion-social","tag-cuba","tag-ics"],"acf":[],"_links":{"self":[{"href":"https:\/\/www.ics.gob.cu\/en\/wp-json\/wp\/v2\/posts\/6739","targetHints":{"allow":["GET"]}}],"collection":[{"href":"https:\/\/www.ics.gob.cu\/en\/wp-json\/wp\/v2\/posts"}],"about":[{"href":"https:\/\/www.ics.gob.cu\/en\/wp-json\/wp\/v2\/types\/post"}],"author":[{"embeddable":true,"href":"https:\/\/www.ics.gob.cu\/en\/wp-json\/wp\/v2\/users\/10"}],"replies":[{"embeddable":true,"href":"https:\/\/www.ics.gob.cu\/en\/wp-json\/wp\/v2\/comments?post=6739"}],"version-history":[{"count":6,"href":"https:\/\/www.ics.gob.cu\/en\/wp-json\/wp\/v2\/posts\/6739\/revisions"}],"predecessor-version":[{"id":6765,"href":"https:\/\/www.ics.gob.cu\/en\/wp-json\/wp\/v2\/posts\/6739\/revisions\/6765"}],"wp:featuredmedia":[{"embeddable":true,"href":"https:\/\/www.ics.gob.cu\/en\/wp-json\/wp\/v2\/media\/6748"}],"wp:attachment":[{"href":"https:\/\/www.ics.gob.cu\/en\/wp-json\/wp\/v2\/media?parent=6739"}],"wp:term":[{"taxonomy":"category","embeddable":true,"href":"https:\/\/www.ics.gob.cu\/en\/wp-json\/wp\/v2\/categories?post=6739"},{"taxonomy":"post_tag","embeddable":true,"href":"https:\/\/www.ics.gob.cu\/en\/wp-json\/wp\/v2\/tags?post=6739"}],"curies":[{"name":"wp","href":"https:\/\/api.w.org\/{rel}","templated":true}]}}