{"id":6757,"date":"2025-03-17T16:13:29","date_gmt":"2025-03-17T16:13:29","guid":{"rendered":"https:\/\/www.ics.gob.cu\/?p=6757"},"modified":"2025-03-17T16:22:37","modified_gmt":"2025-03-17T16:22:37","slug":"presidente-del-ics-primera-reunion-de-ministros-de-informacion-y-comunicacion","status":"publish","type":"post","link":"https:\/\/www.ics.gob.cu\/en\/presidente-del-ics-primera-reunion-de-ministros-de-informacion-y-comunicacion\/","title":{"rendered":"PALABRAS DEL PRESIDENTE DEL ICS EN PRIMERA REUNI\u00d3N DE MINISTROS DE INFORMACI\u00d3N Y COMUNICACI\u00d3N"},"content":{"rendered":"<div class=\"pdfprnt-buttons pdfprnt-buttons-post pdfprnt-top-right\"><a href=\"https:\/\/www.ics.gob.cu\/en\/wp-json\/wp\/v2\/posts\/6757?print=print\" class=\"pdfprnt-button pdfprnt-button-print\" target=\"_blank\" ><img decoding=\"async\" src=\"https:\/\/www.ics.gob.cu\/wp-content\/plugins\/pdf-print\/images\/print.png\" alt=\"image_print\" title=\"Print Content\" \/><\/a><\/div>\n<p>PALABRAS DE APERTURA DEL PRESIDENTE DEL INSTITUTO DE INFORMACI\u00d3N Y COMUNICACI\u00d3N SOCIAL (ICS), EN REUNI\u00d3N DE MINISTROS DE INFORMACI\u00d3N Y COMUNICACI\u00d3N SOCIAL.<\/p>\n\n\n\n<p>La Habana, 17 de marzo de 2025<\/p>\n\n\n\n<p>Estimados ministros y jefes de delegaciones que nos acompa\u00f1an:<\/p>\n\n\n\n<p>Sean todos y todas bienvenidos a la Patria de Jos\u00e9 Mart\u00ed y Fidel Castro. La cuarta edici\u00f3n del Coloquio Internacional \u201cPatria\u201d, en el contexto del 133\u00b0 aniversario del peri\u00f3dico fundado por Jos\u00e9 Mart\u00ed al que debe su nombre y en celebraci\u00f3n de los 20 a\u00f1os de Telesur, busca explorar c\u00f3mo se est\u00e1n transformando las din\u00e1micas de poder en un mundo interconectado, en el que junto con las posibilidades sin precedentes de interacci\u00f3n e intercambio social, proliferan la desinformaci\u00f3n, el discurso de odio y diversas formas de manipulaci\u00f3n.<\/p>\n\n\n\n<p>El Instituto de Informaci\u00f3n y Comunicaci\u00f3n Social, creado por Decreto Ley del Consejo de Estado de la Rep\u00fablica de Cuba en julio de 2021, es un nuevo organismo de la Administraci\u00f3n Central de Estado con la misi\u00f3n de conducir y controlar la Pol\u00edtica de Comunicaci\u00f3n Social del Estado y el Gobierno cubano, proponer su perfeccionamiento, as\u00ed como contribuir a fomentar la cultura del di\u00e1logo y el consenso en la sociedad cubana.<\/p>\n\n\n\n<p>Desde 2023 y como resultado de un amplio y riguroso proceso de construcci\u00f3n colectiva y gracias a la voluntad de nuestro Partido Comunista de Cuba, Cuba tiene una Ley de Comunicaci\u00f3n Social que regula el Sistema de Comunicaci\u00f3n Social para la gesti\u00f3n estrat\u00e9gica e integrada de los procesos de comunicaci\u00f3n social.<\/p>\n\n\n\n<p>En virtud de ello, en el contexto del Coloquio \u201cPatria\u201d, hemos convocado a la primera Reuni\u00f3n de ministros de informaci\u00f3n y comunicaci\u00f3n con sede en nuestro pa\u00eds, porque en un contexto global donde la Inteligencia Artificial est\u00e1 transformando industrias, econom\u00edas y sociedades, es fundamental que nuestras naciones aborden estos retos con una visi\u00f3n estrat\u00e9gica, \u00e9tica y soberana. <\/p>\n\n\n\n<p>Es prop\u00f3sito de este encuentro trazar una hoja de ruta que nos permita avanzar juntos, fortalecer las alianzas estrat\u00e9gicas fomentando la colaboraci\u00f3n entre las diferentes iniciativas nacionales e impulsar el conocimiento, poniendo en com\u00fan y difundiendo informaci\u00f3n sobre los marcos normativos, estructuras, pol\u00edticas p\u00fablicas y programas de cada una de nuestras naciones.<\/p>\n\n\n\n<p>La irrupci\u00f3n de la Inteligencia Artificial cada d\u00eda genera m\u00e1s transformaciones al tiempo que se presentan dis\u00edmiles desaf\u00edos para todos los componentes del ecosistema comunicacional de nuestros pa\u00edses. Esa tecnolog\u00eda signa hoy el inicio de una verdadera revoluci\u00f3n con incidencias en las industrias, la ciencia, la pol\u00edtica, la comunicaci\u00f3n, el periodismo y la vida cotidiana. Es una herramienta complementaria en muchas labores. Pero igualmente, hay que reconocer los desaf\u00edos \u00e9ticos asociados a ella.<\/p>\n\n\n\n<p>En los pr\u00f3ximos a\u00f1os se prev\u00e9 un aumento en su impacto, lo cual trae consigo beneficios y mejoras en varias esferas, pero tambi\u00e9n crecen los retos relacionados con aspectos \u00e9ticos, legales y de privacidad. Los riesgos representan desaf\u00edos. Hay varias amenazas que llegan a afectar la ciberseguridad de nuestros pa\u00edses. Por ejemplo, aquellas naciones donde las regulaciones en materia de IA son escasas o nulas, son aprovechadas por algunos para fines alejados de empe\u00f1os \u00e9ticos. Las nuevas estrategias manipuladoras van desde la suplantaci\u00f3n de identidad (voz, imagen o video) para crear perfiles falsos, hasta cometer fraude o extorsi\u00f3n a trav\u00e9s de alguna plataforma, aplicaci\u00f3n o red social. Tambi\u00e9n se lanzan peligrosas campa\u00f1as de suplantaci\u00f3n de identidades y estafas, ambas altamente sofisticadas.<\/p>\n\n\n\n<p>Por otra parte, la l\u00ednea entre la creaci\u00f3n original y el contenido generado por IA se vuelve cada vez m\u00e1s borrosa, lo cual ha de impulsar a la adopci\u00f3n de medidas normativas m\u00e1s s\u00f3lidas para proteger los derechos tanto de los creadores como de las organizaciones. Con el mal uso de la inteligencia artificial, las pr\u00e1cticas de difusi\u00f3n de noticias falsas en plataformas y redes sociales se ven lastimosamente mejoradas. La viralizaci\u00f3n de esos contenidos, basados en el enga\u00f1o, llegan a afectar la imagen y la reputaci\u00f3n de personas, comunidades, pa\u00edses, gobiernos y organizaciones, en general.<\/p>\n\n\n\n<p>Uno de los principales retos que enfrenta la inteligencia artificial es combatir la desinformaci\u00f3n. Con la generaci\u00f3n autom\u00e1tica de contenido por parte de algoritmos existe un alto riesgo de propagar, como dec\u00edamos, informaci\u00f3n falsa o parcial. Por ello, es importante la utilizaci\u00f3n de mecanismos de verificaci\u00f3n de datos para mantener la credibilidad.<\/p>\n\n\n\n<p>Tambi\u00e9n, la IA puede reproducir sesgos presentes en los datos utilizados para su entrenamiento, lo cual pudiera entra\u00f1ar la creaci\u00f3n de contenido discriminatorio o poco objetivo. Todo ello representa un reto que requiere de la articulaci\u00f3n de nuevas maneras de producir ideolog\u00edas por parte de nuestras instituciones pol\u00edticas.<\/p>\n\n\n\n<p>La implementaci\u00f3n de la IA tambi\u00e9n abre debates relacionados con la privacidad. El uso extensivo de datos personales para entrenar estos sistemas compromete la privacidad individual y organizacional. La automatizaci\u00f3n de tareas ya es observable en varios sectores, incluidos la comunicaci\u00f3n y el periodismo, lo cual podr\u00eda incidir en la oferta laboral. No podemos obviar adem\u00e1s, la necesidad de establecer proyectos de cooperaci\u00f3n entre nuestras naciones, los cuales deben tener en cuenta las asimetr\u00edas en temas como el acceso a las tecnolog\u00edas.<\/p>\n\n\n\n<p>En el caso de Cuba, el bloqueo econ\u00f3mico, comercial y financiero al que nos ha sometido el gobierno de Estados Unidos durante m\u00e1s de 60 a\u00f1os, ha dificultado la modernizaci\u00f3n de nuestra infraestructura digital. Sin embargo, como ha dicho recientemente el presidente cubano Miguel D\u00edaz Canel Berm\u00fadez \u201caun cuando no disponemos de la infraestructura, s\u00ed contamos con un capital humano lo suficientemente preparado para avanzar en ello\u201d.<\/p>\n\n\n\n<p>Cuba cuenta con una pol\u00edtica para la Transformaci\u00f3n Digital, tambi\u00e9n con la Agenda Digital Cubana y la Estrategia para el Desarrollo y Uso de la Inteligencia Artificial en el pa\u00eds, que servir\u00e1 para acompa\u00f1ar a los principales procesos econ\u00f3micos y sociales, mediante el uso intensivo de las nuevas tecnolog\u00edas.<\/p>\n\n\n\n<p>En nuestro pa\u00eds, como plantea la Estrategia, existen condiciones para desarrollar y utilizar la Inteligencia Artificial como un componente importante en el desarrollo socio-econ\u00f3mico, a partir de las fortalezas siguientes:<\/p>\n\n\n\n<p>\u2022 Contar con un gobierno comprometido en impulsar la transformaci\u00f3n digital del pa\u00eds, apoy\u00e1ndose en ciencia e innovaci\u00f3n, como componente relevante para el desarrollo social y econ\u00f3mico.<\/p>\n\n\n\n<p>\u2022 Disponer de recursos humanos con preparaci\u00f3n, y con experiencia en el trabajo cient\u00edfico y en algunas aplicaciones pr\u00e1cticas experimentales para varios sectores sociales y econ\u00f3micos.<\/p>\n\n\n\n<p>Estimados ministros y jefes de delegaciones:<\/p>\n\n\n\n<p>El r\u00e1pido avance de la Inteligencia Artificial plantea preguntas fundamentales sobre su impacto en la privacidad, la toma de decisiones y la autonom\u00eda humana. Nuestras naciones necesitan fomentar debates \u00e9ticos y culturales para definir los mejores caminos en la articulaci\u00f3n tecnol\u00f3gica de las sociedades, bajo la garant\u00eda de que se preserven sus valores fundamentales. Desarrollar marcos legales, ser\u00e1 primordial en este prop\u00f3sito. <\/p>\n\n\n\n<p>Los desaf\u00edos que enfrentan nuestros pa\u00edses en el uso de la Inteligencia Artificial en el sector de la informaci\u00f3n y la comunicaci\u00f3n son significativos, pero no insuperables. Con una visi\u00f3n clara, una estrategia bien definida y un compromiso con los valores de soberan\u00eda, equidad y justicia, podemos aprovechar el potencial de la Inteligencia Artificial para impulsar el desarrollo econ\u00f3mico, social y cultural de nuestros pa\u00edses.<\/p>\n\n\n\n<p>Es imprescindible una mejor cooperaci\u00f3n global, porque estamos ante un fen\u00f3meno transnacional. La colaboraci\u00f3n entre gobiernos, empresas y organizaciones internacionales ser\u00e1 crucial para construir un futuro donde la inteligencia artificial trabaje en beneficio de todos, bajo preceptos cada vez m\u00e1s inclusivos y sostenibles.<\/p>\n\n\n\n<p>Muchas gracias.<\/p>\n<div class=\"pld-like-dislike-wrap pld-template-1\">\r\n    <div class=\"pld-like-wrap  pld-common-wrap\">\r\n    <a href=\"javascript:void(0)\" class=\"pld-like-trigger pld-like-dislike-trigger\" title=\"\" data-post-id=\"6757\" data-trigger-type=\"like\" data-restriction=\"cookie\" data-already-liked=\"0\">\r\n                        <i class=\"fas fa-thumbs-up\"><\/i>\r\n                <\/a>\r\n    <span class=\"pld-like-count-wrap pld-count-wrap\">4    <\/span>\r\n<\/div><div class=\"pld-dislike-wrap  pld-common-wrap\">\r\n    <a href=\"javascript:void(0)\" class=\"pld-dislike-trigger pld-like-dislike-trigger\" title=\"\" data-post-id=\"6757\" data-trigger-type=\"dislike\" data-restriction=\"cookie\" data-already-liked=\"0\">\r\n                        <i class=\"fas fa-thumbs-down\"><\/i>\r\n                <\/a>\r\n    <span class=\"pld-dislike-count-wrap pld-count-wrap\">0<\/span>\r\n<\/div><\/div>","protected":false},"excerpt":{"rendered":"<p>PALABRAS DE APERTURA DEL PRESIDENTE DEL INSTITUTO DE INFORMACI\u00d3N Y COMUNICACI\u00d3N SOCIAL (ICS), EN REUNI\u00d3N DE MINISTROS DE INFORMACI\u00d3N Y COMUNICACI\u00d3N SOCIAL. La Habana, 17 de marzo de 2025 Estimados ministros y jefes de delegaciones que nos acompa\u00f1an: Sean todos y todas bienvenidos a la Patria de Jos\u00e9 Mart\u00ed y Fidel Castro. La cuarta edici\u00f3n [&hellip;]<\/p>\n","protected":false},"author":7,"featured_media":6758,"comment_status":"open","ping_status":"closed","sticky":false,"template":"","format":"standard","meta":{"_bbp_topic_count":0,"_bbp_reply_count":0,"_bbp_total_topic_count":0,"_bbp_total_reply_count":0,"_bbp_voice_count":0,"_bbp_anonymous_reply_count":0,"_bbp_topic_count_hidden":0,"_bbp_reply_count_hidden":0,"_bbp_forum_subforum_count":0,"_glsr_average":0,"_glsr_ranking":0,"_glsr_reviews":0,"footnotes":""},"categories":[11],"tags":[47,7,39,103],"class_list":["post-6757","post","type-post","status-publish","format-standard","has-post-thumbnail","hentry","category-internacionales","tag-comunicacion-social","tag-cuba","tag-ics","tag-reunion-de-ministros-de-informacion-y-comunicacion"],"acf":[],"_links":{"self":[{"href":"https:\/\/www.ics.gob.cu\/en\/wp-json\/wp\/v2\/posts\/6757","targetHints":{"allow":["GET"]}}],"collection":[{"href":"https:\/\/www.ics.gob.cu\/en\/wp-json\/wp\/v2\/posts"}],"about":[{"href":"https:\/\/www.ics.gob.cu\/en\/wp-json\/wp\/v2\/types\/post"}],"author":[{"embeddable":true,"href":"https:\/\/www.ics.gob.cu\/en\/wp-json\/wp\/v2\/users\/7"}],"replies":[{"embeddable":true,"href":"https:\/\/www.ics.gob.cu\/en\/wp-json\/wp\/v2\/comments?post=6757"}],"version-history":[{"count":4,"href":"https:\/\/www.ics.gob.cu\/en\/wp-json\/wp\/v2\/posts\/6757\/revisions"}],"predecessor-version":[{"id":6763,"href":"https:\/\/www.ics.gob.cu\/en\/wp-json\/wp\/v2\/posts\/6757\/revisions\/6763"}],"wp:featuredmedia":[{"embeddable":true,"href":"https:\/\/www.ics.gob.cu\/en\/wp-json\/wp\/v2\/media\/6758"}],"wp:attachment":[{"href":"https:\/\/www.ics.gob.cu\/en\/wp-json\/wp\/v2\/media?parent=6757"}],"wp:term":[{"taxonomy":"category","embeddable":true,"href":"https:\/\/www.ics.gob.cu\/en\/wp-json\/wp\/v2\/categories?post=6757"},{"taxonomy":"post_tag","embeddable":true,"href":"https:\/\/www.ics.gob.cu\/en\/wp-json\/wp\/v2\/tags?post=6757"}],"curies":[{"name":"wp","href":"https:\/\/api.w.org\/{rel}","templated":true}]}}