{"id":6766,"date":"2025-03-17T20:41:34","date_gmt":"2025-03-17T20:41:34","guid":{"rendered":"https:\/\/www.ics.gob.cu\/?p=6766"},"modified":"2025-03-17T20:46:05","modified_gmt":"2025-03-17T20:46:05","slug":"una-hoja-de-ruta-comun-ante-los-desafios-de-la-ia-y-la-comunicacion-digital","status":"publish","type":"post","link":"https:\/\/www.ics.gob.cu\/en\/una-hoja-de-ruta-comun-ante-los-desafios-de-la-ia-y-la-comunicacion-digital\/","title":{"rendered":"Una hoja de ruta com\u00fan ante los desaf\u00edos de la IA y la comunicaci\u00f3n digital"},"content":{"rendered":"<div class=\"pdfprnt-buttons pdfprnt-buttons-post pdfprnt-top-right\"><a href=\"https:\/\/www.ics.gob.cu\/en\/wp-json\/wp\/v2\/posts\/6766?print=print\" class=\"pdfprnt-button pdfprnt-button-print\" target=\"_blank\" ><img decoding=\"async\" src=\"https:\/\/www.ics.gob.cu\/wp-content\/plugins\/pdf-print\/images\/print.png\" alt=\"image_print\" title=\"Print Content\" \/><\/a><\/div>\n<figure class=\"wp-block-image size-full\"><img loading=\"lazy\" decoding=\"async\" width=\"810\" height=\"540\" src=\"https:\/\/www.ics.gob.cu\/wp-content\/uploads\/2025\/03\/IMG-20250317-WA0055.jpg\" alt=\"\" class=\"wp-image-6767\" srcset=\"https:\/\/www.ics.gob.cu\/wp-content\/uploads\/2025\/03\/IMG-20250317-WA0055.jpg 810w, https:\/\/www.ics.gob.cu\/wp-content\/uploads\/2025\/03\/IMG-20250317-WA0055-300x200.jpg 300w, https:\/\/www.ics.gob.cu\/wp-content\/uploads\/2025\/03\/IMG-20250317-WA0055-768x512.jpg 768w\" sizes=\"auto, (max-width: 810px) 100vw, 810px\" \/><\/figure>\n\n\n\n<p><strong>DECLARACI\u00d3N FINAL DE LA PRIMERA REUNI\u00d3N DE MINISTROS Y ALTOS REPRESENTANTES DE LA INFORMACI\u00d3N Y LA COMUNICACI\u00d3N<\/strong><\/p>\n\n\n\n<p>Conscientes de que estamos viviendo un cambio de \u00e9poca que transformar\u00e1 la civilizaci\u00f3n humana y por tanto es nuestro deber suscitar una revoluci\u00f3n tecnol\u00f3gica con valores humanos que garanticen el desarrollo equitativo y la soberan\u00eda de los pueblos y las naciones,<\/p>\n\n\n\n<p>Urgidos de que se establezcan a nivel mundial regulaciones \u00e9ticas sobre el uso pac\u00edfico de las nuevas tecnolog\u00edas digitales cu\u00e1nticas y en general disruptivas,<\/p>\n\n\n\n<p>Persuadidos de la importancia de nuestra soberan\u00eda cognitiva, cultural, pol\u00edtica y territorial, confiamos en la capacidad de nuestros pueblos de crear tecnolog\u00edas soberanas apelando a la cooperaci\u00f3n Sur-Sur,<\/p>\n\n\n\n<p>Identificadas las posturas hegem\u00f3nicas capitalistas en materia de comunicaci\u00f3n digital, el monopolio de unas pocas trasnacionales de las telecomunicaciones sobre la informaci\u00f3n y las bases de datos de calidad, condenamos el uso injerencista, agresivo y con fines de espionaje y control de las nuevas tecnolog\u00edas de la comunicaci\u00f3n, informaci\u00f3n y las redes sociales,<\/p>\n\n\n\n<p>Reconociendo la formaci\u00f3n y capacitaci\u00f3n de los profesionales de la comunicaci\u00f3n digital como un tema central,<\/p>\n\n\n\n<p>Convencidos de las fortalezas de cada naci\u00f3n en materia de comunicaci\u00f3n social, sus avances en IA, las experiencias emancipadoras en materia de comunicaci\u00f3n digital, y de la necesidad de unidad de acci\u00f3n para avanzar ante los desaf\u00edos del mundo actual,<\/p>\n\n\n\n<p>Conscientes de las amenazas que implican la dictadura del algoritmo en la comunicaci\u00f3n de nuestros pueblos y la utilizaci\u00f3n de los medios digitales y redes sociales para generar noticias falsas fake news o medias verdades con fines desestabilizadores,<\/p>\n\n\n\n<p>Asediados por el bloqueo econ\u00f3mico, comercial y financiero del gobierno de Estados Unidos contra el pueblo cubano; las medidas de asfixia econ\u00f3mica de la Casa Blanca contra Venezuela y Nicaragua; la amenaza de guerra arancelaria con M\u00e9xico, China y otros pa\u00edses; el auge de la tecnopol\u00edtica de derecha y el fundamentalismo comunicacional,<\/p>\n\n\n\n<p>las naciones presentes en la Reuni\u00f3n de Ministros de Informaci\u00f3n y Comunicaci\u00f3n, as\u00ed como de altos representantes de la comunicaci\u00f3n social, en La Habana el 17 de marzo de 2025, APOSTAMOS por el compromiso multilateral y una hoja de ruta com\u00fan; y recomendamos la necesidad urgente en el escenario actual de encaminar nuestros esfuerzos hacia las siguientes acciones:<\/p>\n\n\n\n<p>\u2714\ufe0fCoordinar programas internacionales de formaci\u00f3n y capacitaci\u00f3n de profesionales de la comunicaci\u00f3n social sobre temas de IA y comunicaci\u00f3n digital.<\/p>\n\n\n\n<p>\u2714\ufe0fImpulsar una red Sur-Sur de desarrollo de herramientas de IA en funci\u00f3n de la comunicaci\u00f3n social.<\/p>\n\n\n\n<p>\u2714\ufe0fCrear un grupo de trabajo transdisciplinario y multilateral para debatir sobre los desaf\u00edos de la IA, sus implicaciones \u00e9ticas, y concertar posturas comunes.<\/p>\n\n\n\n<p>\u2714\ufe0fTrabajar en la alfabetizaci\u00f3n digital de nuestros pueblos para dotarlos de herramientas que potencien sujetos m\u00e1s cr\u00edticos de su realidad, que utilicen de manera responsable las herramientas de IA y se favorezcan procesos de comunicaci\u00f3n digital emancipadores.<\/p>\n\n\n\n<p>\u2714\ufe0fConsolidar espacios de integraci\u00f3n que ponderen el debate entre iguales sobre temas de comunicaci\u00f3n e informaci\u00f3n, en tanto constituyen elementos estrat\u00e9gicos de seguridad y soberan\u00eda.<\/p>\n\n\n\n<p>\u2714\ufe0fUnificar esfuerzos en una ofensiva comunicacional liberadora y de soberan\u00eda tecnol\u00f3gica.<\/p>\n\n\n\n<p>\u2714\ufe0fGenerar de forma articulada propuestas para enfrentar las campa\u00f1as medi\u00e1ticas provenientes de los centros de poder hegem\u00f3nicos.<\/p>\n\n\n\n<p>\u2714\ufe0fFomentar espacios de di\u00e1logo que permitan integrar con \u00e9xito la IA a los valores de cada naci\u00f3n y construir una cultura ciudadana que pondere la ciencia, la innovaci\u00f3n y la colaboraci\u00f3n con las nuevas tecnolog\u00edas.<\/p>\n\n\n\n<p>\u2714\ufe0fCrear laboratorios de innovaci\u00f3n colaborativos para el \u00f3ptimo aprovechamiento de las herramientas de IA en funci\u00f3n de la comunicaci\u00f3n digital.<\/p>\n\n\n\n<p>\u2714\ufe0fAbogar por el establecimiento de medidas robustas de ciberseguridad que permitan garantizar una mayor privacidad y seguridad de datos.<\/p>\n\n\n\n<p>\u2714\ufe0fPromover la cultura de verificaci\u00f3n de noticias y contenidos digitales como garante de transparencia y apego a la verdad.<\/p>\n\n\n\n<p>\u2714\ufe0fImpulsar la participaci\u00f3n popular en el ciberespacio con pleno acceso al conocimiento y la tecnolog\u00eda.<\/p>\n\n\n\n<p>\u2714\ufe0fEstablecer mecanismos, en colaboraci\u00f3n con organizaciones internacionales, para garantizar la participaci\u00f3n activa de los estados- especialmente los de bajos ingresos- en los debates internacionales sobre comunicaci\u00f3n digital e inteligencia artificial.<\/p>\n\n\n\n<p>\u2714\ufe0fAlcanzar acuerdos de asistencia t\u00e9cnica y financiamiento a naciones con menos ingresos, para optimizar la comunicaci\u00f3n digital y sus herramientas fundamentales.<\/p>\n\n\n\n<p>\u2714\ufe0fApoyar acuerdos de colaboraci\u00f3n entre gobiernos e instituciones acad\u00e9micas, basados en proyectos que respondan a necesidades de las instituciones p\u00fablicas de la comunicaci\u00f3n.<\/p>\n<div class=\"pld-like-dislike-wrap pld-template-1\">\r\n    <div class=\"pld-like-wrap  pld-common-wrap\">\r\n    <a href=\"javascript:void(0)\" class=\"pld-like-trigger pld-like-dislike-trigger\" title=\"\" data-post-id=\"6766\" data-trigger-type=\"like\" data-restriction=\"cookie\" data-already-liked=\"0\">\r\n                        <i class=\"fas fa-thumbs-up\"><\/i>\r\n                <\/a>\r\n    <span class=\"pld-like-count-wrap pld-count-wrap\">0    <\/span>\r\n<\/div><div class=\"pld-dislike-wrap  pld-common-wrap\">\r\n    <a href=\"javascript:void(0)\" class=\"pld-dislike-trigger pld-like-dislike-trigger\" title=\"\" data-post-id=\"6766\" data-trigger-type=\"dislike\" data-restriction=\"cookie\" data-already-liked=\"0\">\r\n                        <i class=\"fas fa-thumbs-down\"><\/i>\r\n                <\/a>\r\n    <span class=\"pld-dislike-count-wrap pld-count-wrap\">0<\/span>\r\n<\/div><\/div>","protected":false},"excerpt":{"rendered":"<p>DECLARACI\u00d3N FINAL DE LA PRIMERA REUNI\u00d3N DE MINISTROS Y ALTOS REPRESENTANTES DE LA INFORMACI\u00d3N Y LA COMUNICACI\u00d3N Conscientes de que estamos viviendo un cambio de \u00e9poca que transformar\u00e1 la civilizaci\u00f3n humana y por tanto es nuestro deber suscitar una revoluci\u00f3n tecnol\u00f3gica con valores humanos que garanticen el desarrollo equitativo y la soberan\u00eda de los pueblos [&hellip;]<\/p>\n","protected":false},"author":7,"featured_media":6768,"comment_status":"open","ping_status":"closed","sticky":false,"template":"","format":"standard","meta":{"_bbp_topic_count":0,"_bbp_reply_count":0,"_bbp_total_topic_count":0,"_bbp_total_reply_count":0,"_bbp_voice_count":0,"_bbp_anonymous_reply_count":0,"_bbp_topic_count_hidden":0,"_bbp_reply_count_hidden":0,"_bbp_forum_subforum_count":0,"_glsr_average":0,"_glsr_ranking":0,"_glsr_reviews":0,"footnotes":""},"categories":[11],"tags":[47,7,39,103],"class_list":["post-6766","post","type-post","status-publish","format-standard","has-post-thumbnail","hentry","category-internacionales","tag-comunicacion-social","tag-cuba","tag-ics","tag-reunion-de-ministros-de-informacion-y-comunicacion"],"acf":[],"_links":{"self":[{"href":"https:\/\/www.ics.gob.cu\/en\/wp-json\/wp\/v2\/posts\/6766","targetHints":{"allow":["GET"]}}],"collection":[{"href":"https:\/\/www.ics.gob.cu\/en\/wp-json\/wp\/v2\/posts"}],"about":[{"href":"https:\/\/www.ics.gob.cu\/en\/wp-json\/wp\/v2\/types\/post"}],"author":[{"embeddable":true,"href":"https:\/\/www.ics.gob.cu\/en\/wp-json\/wp\/v2\/users\/7"}],"replies":[{"embeddable":true,"href":"https:\/\/www.ics.gob.cu\/en\/wp-json\/wp\/v2\/comments?post=6766"}],"version-history":[{"count":2,"href":"https:\/\/www.ics.gob.cu\/en\/wp-json\/wp\/v2\/posts\/6766\/revisions"}],"predecessor-version":[{"id":6770,"href":"https:\/\/www.ics.gob.cu\/en\/wp-json\/wp\/v2\/posts\/6766\/revisions\/6770"}],"wp:featuredmedia":[{"embeddable":true,"href":"https:\/\/www.ics.gob.cu\/en\/wp-json\/wp\/v2\/media\/6768"}],"wp:attachment":[{"href":"https:\/\/www.ics.gob.cu\/en\/wp-json\/wp\/v2\/media?parent=6766"}],"wp:term":[{"taxonomy":"category","embeddable":true,"href":"https:\/\/www.ics.gob.cu\/en\/wp-json\/wp\/v2\/categories?post=6766"},{"taxonomy":"post_tag","embeddable":true,"href":"https:\/\/www.ics.gob.cu\/en\/wp-json\/wp\/v2\/tags?post=6766"}],"curies":[{"name":"wp","href":"https:\/\/api.w.org\/{rel}","templated":true}]}}