{"id":6772,"date":"2025-03-18T01:15:05","date_gmt":"2025-03-18T01:15:05","guid":{"rendered":"https:\/\/www.ics.gob.cu\/?p=6772"},"modified":"2025-04-01T09:34:31","modified_gmt":"2025-04-01T09:34:31","slug":"comunicar-desde-el-sur-una-operacion-verdad-frente-a-la-guerra-que-se-nos-hace","status":"publish","type":"post","link":"https:\/\/www.ics.gob.cu\/en\/comunicar-desde-el-sur-una-operacion-verdad-frente-a-la-guerra-que-se-nos-hace\/","title":{"rendered":"Comunicar desde el Sur: una \u201cOperaci\u00f3n Verdad\u201d frente a la guerra que se nos hace"},"content":{"rendered":"<div class=\"pdfprnt-buttons pdfprnt-buttons-post pdfprnt-top-right\"><a href=\"https:\/\/www.ics.gob.cu\/en\/wp-json\/wp\/v2\/posts\/6772?print=print\" class=\"pdfprnt-button pdfprnt-button-print\" target=\"_blank\" ><img decoding=\"async\" src=\"https:\/\/www.ics.gob.cu\/wp-content\/plugins\/pdf-print\/images\/print.png\" alt=\"image_print\" title=\"Print Content\" \/><\/a><\/div>\n<p>Comunicar desde el sur, transformar las din\u00e1micas de informaci\u00f3n en un mundo interconectado, conocer las fortalezas de cada naci\u00f3n en materia de comunicaci\u00f3n digital, sus perspectivas en inteligencia artificial (IA), socializar experiencias emancipadoras y ratificar la necesidad de la unidad de acci\u00f3n para avanzar ante los desaf\u00edos del mundo actual, fueron los ejes fundamentales del intercambio que tuvo lugar este lunes durante la Reuni\u00f3n de Ministros de Informaci\u00f3n y Comunicaci\u00f3n y altos representantes gubernamentales, convocada por el Instituto de Informaci\u00f3n y Comunicaci\u00f3n Social de Cuba (ICS) en el contexto de la IV Edici\u00f3n del Coloquio Internacional \u201cPatria\u201d.<\/p>\n\n\n\n<p>Emplear la IA con \u00e9tica y responsabilidad, sobre la base de estrategias y pol\u00edticas desde los estados, encaminadas a fomentar el desarrollo inclusivo y el acceso a la informaci\u00f3n y comunicaci\u00f3n, as\u00ed como fomentar la educaci\u00f3n de nuestros pueblos en las buenas pr\u00e1cticas en redes sociales y plataformas digitales y crear alternativas ante las tendencias hegem\u00f3nicas en el orden medi\u00e1tico, centraron las intervenciones de los delegados.<\/p>\n\n\n\n<figure class=\"wp-block-image size-full\"><img loading=\"lazy\" decoding=\"async\" width=\"810\" height=\"540\" src=\"https:\/\/www.ics.gob.cu\/wp-content\/uploads\/2025\/03\/1000258280.jpg\" alt=\"\" class=\"wp-image-6773\" srcset=\"https:\/\/www.ics.gob.cu\/wp-content\/uploads\/2025\/03\/1000258280.jpg 810w, https:\/\/www.ics.gob.cu\/wp-content\/uploads\/2025\/03\/1000258280-300x200.jpg 300w, https:\/\/www.ics.gob.cu\/wp-content\/uploads\/2025\/03\/1000258280-768x512.jpg 768w\" sizes=\"auto, (max-width: 810px) 100vw, 810px\" \/><\/figure>\n\n\n\n<p>Previo al debate, el presidente del ICS, Alfonso Noya Mart\u00ednez pronunci\u00f3 las <a href=\"https:\/\/www.ics.gob.cu\/en\/presidente-del-ics-primera-reunion-de-ministros-de-informacion-y-comunicacion\/\" data-type=\"post\" data-id=\"6757\">palabras de apertura<\/a> donde dio la bienvenida a los participantes y esboz\u00f3 los objetivos de la cita.<\/p>\n\n\n\n<p>Sobre lo que califica como emergencia de tecnolog\u00edas irruptivas y su impacto en los escenarios de la vida cotidiana insisti\u00f3 Freddy \u00d1a\u00f1ez, ministro del Poder Popular para la Informaci\u00f3n y la Comunicaci\u00f3n de la Rep\u00fablica Bolivariana de Venezuela.<\/p>\n\n\n\n<p>\u00abLa IA y la digitalizaci\u00f3n transforman las relaciones econ\u00f3micas y sociales, el modelo de consumo social y el modelo educativo, los paradigmas de la democracia, de los modelos pol\u00edticos soberanos de cada pa\u00eds, los l\u00edmites fronterizos y ponen entre par\u00e9ntesis los conceptos de soberan\u00eda y autonom\u00eda de los pueblos\u00bb, expuso el ministro venezolano.<\/p>\n\n\n\n<p>Coment\u00f3 tambi\u00e9n \u00d1a\u00f1ez que estas tecnolog\u00edas trascienden el espacio comunicativo en muchas ocasiones para interactuar automatizadamente con cada individuo de la sociedad, aisl\u00e1ndolos en burbujas que muchas veces imposibilitan conocer la verdad de los hechos.<\/p>\n\n\n\n<p>\u00abEs tecnolog\u00eda con capacidad de fomentar la guerra cognitiva, convertir los cerebros de los seres humanos en campos de batalla donde se pierde la confianza en verdades concretas y universales\u00bb, dijo.<\/p>\n\n\n\n<figure class=\"wp-block-image size-large\"><img loading=\"lazy\" decoding=\"async\" width=\"1024\" height=\"682\" src=\"https:\/\/www.ics.gob.cu\/wp-content\/uploads\/2025\/03\/1000258302-1024x682.jpg\" alt=\"\" class=\"wp-image-6774\" srcset=\"https:\/\/www.ics.gob.cu\/wp-content\/uploads\/2025\/03\/1000258302-1024x682.jpg 1024w, https:\/\/www.ics.gob.cu\/wp-content\/uploads\/2025\/03\/1000258302-300x200.jpg 300w, https:\/\/www.ics.gob.cu\/wp-content\/uploads\/2025\/03\/1000258302-768x511.jpg 768w, https:\/\/www.ics.gob.cu\/wp-content\/uploads\/2025\/03\/1000258302.jpg 1080w\" sizes=\"auto, (max-width: 1024px) 100vw, 1024px\" \/><\/figure>\n\n\n\n<p>Por tanto, resulta urgente que los estados ac\u00e1 presentes sean abanderados en la discusi\u00f3n de leyes eficientes para protegernos frente a estas tecnolog\u00edas. \u00abDeben ser asistidas por un debate \u00e9tico y humano y a partir de ah\u00ed tambi\u00e9n modernizar nuestras instituciones comunicativas\u00bb, enfatiz\u00f3.<\/p>\n\n\n\n<p>Agreg\u00f3, adem\u00e1s, que \u00abfrente a las amenazas hay que crear alternativas eficientes e integrales. Deber\u00edamos insistir no solo en la transformaci\u00f3n de los aparatos ideol\u00f3gicos sino en cada esfera de la vida de nuestros pueblos. <\/p>\n\n\n\n<p>Crear pol\u00edticas de protecci\u00f3n de los ciudadanos y los gobiernos frente a tecnolog\u00edas que no respetan fronteras ni autonom\u00edas\u00bb.<\/p>\n\n\n\n<p>El ministro venezolano se\u00f1al\u00f3 tambi\u00e9n que con las tecnolog\u00edas digitales intentan monopolizar el futuro, cambiando las emociones y las opiniones de las personas en intereses de los monopolios de poder medi\u00e1tico y econ\u00f3mico.<\/p>\n\n\n\n<p>\u201cS\u00ed se puede vencer la dictadura del algoritmo; tenemos a favor nuestra cultura, identidad, sistema de valores y la historia de lucha soberana que nos antecede\u201d.<\/p>\n\n\n\n<figure class=\"wp-block-embed is-type-rich is-provider-x-formerly-twitter wp-block-embed-x-formerly-twitter\"><div class=\"wp-block-embed__wrapper\">\n<blockquote class=\"embedly-card\" data-card-controls=\"1\" data-card-align=\"center\" data-card-theme=\"light\"><h4><a href=\"https:\/\/twitter.com\/IcsCuba\/status\/1901677583655112819?t=brEUUIw1Fy5FANvGMGfYbQ&#038;s=19\">Instituto de Informaci\u00f3n y Comunicaci\u00f3n Social on X (formerly Twitter): \u00ab\ud83c\uddfb\ud83c\udde8Excma Sra. Shackell Boll, Senadora y Sec. Parlamentaria de la oficina del 1er ministro de San Vicente y las Granadinas: Vivimos en una era donde la IA y la digitalizaci\u00f3n crecen. Como naciones debemos crear un entorno de desarrollo digital m\u00e1s equitativo, inclusivo y confiable. pic.twitter.com\/Zf6YPKmFF8 \/ X\u00bb<\/a><\/h4><p>\ud83c\uddfb\ud83c\udde8Excma Sra. Shackell Boll, Senadora y Sec. Parlamentaria de la oficina del 1er ministro de San Vicente y las Granadinas: Vivimos en una era donde la IA y la digitalizaci\u00f3n crecen. Como naciones debemos crear un entorno de desarrollo digital m\u00e1s equitativo, inclusivo y confiable. pic.twitter.com\/Zf6YPKmFF8<\/p><\/blockquote><script async src=\"\/\/cdn.embedly.com\/widgets\/platform.js\" charset=\"UTF-8\"><\/script>\n<\/div><\/figure>\n\n\n\n<p>Por su parte, la senadora y secretaria parlamentaria de la oficina del primer ministro de San Vicente y las Granadinas, Excma. Sra. Shackell Boll, centr\u00f3 su exposici\u00f3n en la brecha digital que refuerza la desventaja econ\u00f3mica y social de los pa\u00edses del Sur y en los desaf\u00edos de las naciones de conseguir para nuestros pueblos un entorno de desarrollo digital m\u00e1s equitativo, inclusivo y confiable.<\/p>\n\n\n\n<p>\u00abUno de los desaf\u00edos es la brecha digital que enfrentan los pa\u00edses del sur global. El acceso responsable a la informaci\u00f3n en internet, la falta de infraestructura y tecnolog\u00eda que no tenemos disponibles en nuestros pa\u00edses debilita el desarrollo en educaci\u00f3n, industrias y econom\u00eda, por solo citar algunos ejemplos, y esta situaci\u00f3n solo perpet\u00faa la discriminaci\u00f3n y la no inclusion\u00bb, afirm\u00f3.<\/p>\n\n\n\n<p>\u00abCuba y su ley de comunicaci\u00f3n es un ejemplo de c\u00f3mo ir en el sentido correcto. En la medida en que se invierte en tecnolog\u00eda tambi\u00e9n debe invertirse en capital humano, en su preparaci\u00f3n y educaci\u00f3n para usar responsablemente en sus beneficios las tecnolog\u00edas de la informaci\u00f3n y la comunicaci\u00f3n\u00bb, refiri\u00f3 Boll.<\/p>\n\n\n\n<p>Un punto importante y de consenso en la reuni\u00f3n fue el referente al papel de los medios de comunicaci\u00f3n de las izquierdas frente a las matrices de opini\u00f3n y los modelos de prensa globalizadores. <\/p>\n\n\n\n<p>En este sentido, el embajador de Rusia en Cuba, Excmo. Sr. Viktor Viktorovich Koronelli destac\u00f3 el trabajo realizado por la multinacional TeleSur.<\/p>\n\n\n\n<figure class=\"wp-block-image size-large\"><img loading=\"lazy\" decoding=\"async\" width=\"1024\" height=\"766\" src=\"https:\/\/www.ics.gob.cu\/wp-content\/uploads\/2025\/03\/1000258308-1024x766.jpg\" alt=\"\" class=\"wp-image-6775\" srcset=\"https:\/\/www.ics.gob.cu\/wp-content\/uploads\/2025\/03\/1000258308-1024x766.jpg 1024w, https:\/\/www.ics.gob.cu\/wp-content\/uploads\/2025\/03\/1000258308-300x224.jpg 300w, https:\/\/www.ics.gob.cu\/wp-content\/uploads\/2025\/03\/1000258308-768x575.jpg 768w, https:\/\/www.ics.gob.cu\/wp-content\/uploads\/2025\/03\/1000258308.jpg 1080w\" sizes=\"auto, (max-width: 1024px) 100vw, 1024px\" \/><\/figure>\n\n\n\n<p>\u00abTrabajar para proteger el derecho a la soberan\u00eda ha sido un principio de la cadena televisiva TeleSur, que este a\u00f1o cumple 20 a\u00f1os de creada. Gracias al talento y la dedicaci\u00f3n de ese medio multiestatal de comunicaci\u00f3n el canal cuenta con audiencia global y Latinoam\u00e9rica puede acceder a informaci\u00f3n ver\u00eddica, apegada a est\u00e1ndares modernos y bajo la norma de la \u00e9tica professional\u201d, puntualiz\u00f3.<\/p>\n\n\n\n<p>\u201cEn las condiciones actuales de digitalizaci\u00f3n le hemos visto transformar sus estructuras y modelos de creaci\u00f3n con enfoques m\u00e1s especializados para encantar a sus audiencias pero sin perder sus esencias y compromisos con la realidad de los pueblos del sur\u00bb, a\u00f1adi\u00f3 el diplom\u00e1tico.<\/p>\n\n\n\n<p>Ante la difusi\u00f3n de noticias falsas, informaci\u00f3n sesgada en las plataformas globales estas alternativas medi\u00e1ticas resultan espacios fundamentales para preservar la verdad, la identidad de los pueblos y la creatividad.<\/p>\n\n\n\n<p>\u00abSon muchos los desaf\u00edos que tenemos hoy en un contexto donde hemos pasado de un dominio de hegemon\u00eda televisiva a una hegemon\u00eda cada vez mayor de las plataformas digitales y redes sociales de internet\u00bb, expuso en  video-mensaje transmitido a los presentes, el presidente del Servicio P\u00fablico de Radiodifusi\u00f3n de M\u00e9xico, Jenaro Villamil.<\/p>\n\n\n\n<figure class=\"wp-block-image size-full\"><img loading=\"lazy\" decoding=\"async\" width=\"810\" height=\"540\" src=\"https:\/\/www.ics.gob.cu\/wp-content\/uploads\/2025\/03\/1000258320.jpg\" alt=\"\" class=\"wp-image-6776\" srcset=\"https:\/\/www.ics.gob.cu\/wp-content\/uploads\/2025\/03\/1000258320.jpg 810w, https:\/\/www.ics.gob.cu\/wp-content\/uploads\/2025\/03\/1000258320-300x200.jpg 300w, https:\/\/www.ics.gob.cu\/wp-content\/uploads\/2025\/03\/1000258320-768x512.jpg 768w\" sizes=\"auto, (max-width: 810px) 100vw, 810px\" \/><\/figure>\n\n\n\n<p>\u00abUnirnos y crear estrategias frente a los desaf\u00edos de la IA debe ser la primera alianza que fomente esta reuni\u00f3n\u00bb. Villamil promovi\u00f3 la necesidad de articular una propuesta que tenga en cuenta la producci\u00f3n de contenidos aut\u00f3ctonos y novedosos, que propicien la interacci\u00f3n org\u00e1nica de las audiencias con estos, prevenir el riesgo del negocio de las mentiras y la manipulaci\u00f3n como arma publicitaria, abordar con resolutividad el peligro que corren los roles laborales de comunicadores y periodistas frente a la automatizaci\u00f3n de los contenidos, as\u00ed como la p\u00e9rdida de los l\u00edmites entre los derechos de propiedad y creatividad, los contenidos de IA y  el ostracismo tecnol\u00f3gico que puede ir sustituyendo a las verdaderas comunicaciones colectivas.<\/p>\n\n\n\n<p>Agreg\u00f3 tambi\u00e9n que resulta necesario que los gobiernos e instituciones p\u00fablicas, as\u00ed como los medios, construyamos nuestros propios modelos de IA que nos permitan gestionar nuestros datos, teniendo en cuenta lo delicado que resulta hoy este t\u00f3pico para el respeto a la privacidad de los seres humanos y, m\u00e1s a\u00fan, de la seguridad de las naciones.<\/p>\n\n\n\n<p>Por su parte, el se\u00f1or Dingumuzi Phuti, viceministro de Informaci\u00f3n, Comunicaci\u00f3n y Tecnolog\u00edas de Zimbabwe en su intervenci\u00f3n, hizo alusi\u00f3n al robo de datos y los cibercr\u00edmenes, que han escalado en los \u00faltimos a\u00f1os.<\/p>\n\n\n\n<p> \u201cEs imperativo salvaguardar la informaci\u00f3n en pos de proteger nuestros sistemas soberanos, debemos prestar especial atenci\u00f3n a crear pol\u00edticas regulatorias que den herramientas para permanecer m\u00e1s protegidos en este sentido\u201d, acot\u00f3.<\/p>\n\n\n\n<figure class=\"wp-block-embed is-type-rich is-provider-x-formerly-twitter wp-block-embed-x-formerly-twitter\"><div class=\"wp-block-embed__wrapper\">\n<blockquote class=\"embedly-card\" data-card-controls=\"1\" data-card-align=\"center\" data-card-theme=\"light\"><h4><a href=\"https:\/\/twitter.com\/IcsCuba\/status\/1901697274729640055?t=vKG8TvRG6xTD4OFxnXDuzA&#038;s=19\">Instituto de Informaci\u00f3n y Comunicaci\u00f3n Social on X (formerly Twitter): \u00ab\ud83c\uddff\ud83c\uddfcSr. Dingumuzi Phuti, Viceministro de Informaci\u00f3n, Comunicaci\u00f3n y Tecnolog\u00edas, Zimbabue: Vivimos una era marcada por avances tecnol\u00f3gicos muy veloces. Entra\u00f1an muchas oportunidades y adem\u00e1s debemos acercarnos a ellas con responsabilidad. Las pol\u00edticas regulatorias son cruciales. pic.twitter.com\/72E40zWUs1 \/ X\u00bb<\/a><\/h4><p>\ud83c\uddff\ud83c\uddfcSr. Dingumuzi Phuti, Viceministro de Informaci\u00f3n, Comunicaci\u00f3n y Tecnolog\u00edas, Zimbabue: Vivimos una era marcada por avances tecnol\u00f3gicos muy veloces. Entra\u00f1an muchas oportunidades y adem\u00e1s debemos acercarnos a ellas con responsabilidad. Las pol\u00edticas regulatorias son cruciales. pic.twitter.com\/72E40zWUs1<\/p><\/blockquote><script async src=\"\/\/cdn.embedly.com\/widgets\/platform.js\" charset=\"UTF-8\"><\/script>\n<\/div><\/figure>\n\n\n\n<p>El encuentro tambi\u00e9n cont\u00f3 con las intervenciones de representantes de Cambodia, Vietnam y Laos, quienes coincidieron en resaltar la importancia del encuentro y la necesidad de articularnos, complementarnos y trazarnos l\u00edneas de acci\u00f3n comunes en estos \u00e1mbitos. Agradecieron tambi\u00e9n a la Mayor de las Antillas y al ICS, por la iniciativa de este encuentro.<\/p>\n\n\n\n<p>Para culminar el debate, la embajadora de Nicaragua en la Isla, Excma. Sra. Guisell Socorro Morales Echaverry expres\u00f3: \u00abEl abrazo y reconocimiento a Cuba que ha estado durante tantos a\u00f1os siendo v\u00edctima de las m\u00e1s feroces campa\u00f1as de guerra econ\u00f3mica y medi\u00e1tica, y ha sabido defender la autodeterminaci\u00f3n, soberan\u00eda y solidaridad a pesar de los discursos de odio\u201d.<\/p>\n\n\n\n<p>\u00abNos unimos y agradecemos las intervenciones de hoy ac\u00e1 y las propuestas. La humanidad se encuentra en momentos cr\u00edticos y se hace necesario transformar la realidad que vivimos haci\u00e9ndonos de las herramientas que tenemos a la mano, incluyendo las digitales, que irrumpen en el quehacer cotidiano, utilizando su potencial de forma emancipadora\u00bb, agreg\u00f3.<\/p>\n\n\n\n<p>\u201cEl reto, dijo, es alcanzar la independencia que nos permita establecer la comunicaci\u00f3n de la verdad, lejos de la manipulaci\u00f3n y la falsedad de los que tienen el poder hegem\u00f3nico\u201d.<\/p>\n\n\n\n<p>\u00abNicaragua ha experimentado la guerra cognitiva y desinformativa y seguimos en el camino de formar una ciudadan\u00eda digital con redes de comunicadores y medios alternativos, hemos democratizado el acceso a las tecnolog\u00edas y la informaci\u00f3n desde el campo a la ciudad, hemos emprendido el camino de la innovaci\u00f3n y la ciencia aplicada a la comunicaci\u00f3n rompiendo el monopolio de la desinformaci\u00f3n y establecido como principio primero la comunicaci\u00f3n constante con el pueblo desde el gobierno y las instituciones\u00bb, expres\u00f3 la embajadora.<\/p>\n\n\n\n<figure class=\"wp-block-image size-full\"><img loading=\"lazy\" decoding=\"async\" width=\"735\" height=\"540\" src=\"https:\/\/www.ics.gob.cu\/wp-content\/uploads\/2025\/03\/1000258946.jpg\" alt=\"\" class=\"wp-image-6777\" srcset=\"https:\/\/www.ics.gob.cu\/wp-content\/uploads\/2025\/03\/1000258946.jpg 735w, https:\/\/www.ics.gob.cu\/wp-content\/uploads\/2025\/03\/1000258946-300x220.jpg 300w\" sizes=\"auto, (max-width: 735px) 100vw, 735px\" \/><\/figure>\n\n\n\n<p>De igual modo, Socorro Morales hizo un llamado a la unidad e integraci\u00f3n antiimperialista como la mejor arma que tienen los pueblos contra la mentira, al tiempo que enfatiz\u00f3 en encontrar los modos de subvertir los ejes de dominaci\u00f3n cognitiva con m\u00e1s justicia, equidad y verdad.<\/p>\n\n\n\n<p>\u00abHoy m\u00e1s que nunca la operaci\u00f3n verdad debe continuar frente a los monopolios de la mentira. El reto es conseguir una comunicaci\u00f3n colectiva donde todos seamos part\u00edcipes desde la izquierda\u00bb, expres\u00f3 la embajadora nicarag\u00fcense.<\/p>\n\n\n\n<p>Al finalizar la jornada, los asistentes al encuentro aprobaron una <a href=\"https:\/\/www.ics.gob.cu\/en\/una-hoja-de-ruta-comun-ante-los-desafios-de-la-ia-y-la-comunicacion-digital\/\" data-type=\"post\" data-id=\"6766\">Declaraci\u00f3n Final<\/a> que en voz del vicepresidente del ICS, Jorge Lega\u00f1oa Alonso, se propuso, entre otras acciones, unificar esfuerzos en una ofensiva comunicacional liberadora y de soberan\u00eda tecnol\u00f3gica.<\/p>\n<div class=\"pld-like-dislike-wrap pld-template-1\">\r\n    <div class=\"pld-like-wrap  pld-common-wrap\">\r\n    <a href=\"javascript:void(0)\" class=\"pld-like-trigger pld-like-dislike-trigger\" title=\"\" data-post-id=\"6772\" data-trigger-type=\"like\" data-restriction=\"cookie\" data-already-liked=\"0\">\r\n                        <i class=\"fas fa-thumbs-up\"><\/i>\r\n                <\/a>\r\n    <span class=\"pld-like-count-wrap pld-count-wrap\">3    <\/span>\r\n<\/div><div class=\"pld-dislike-wrap  pld-common-wrap\">\r\n    <a href=\"javascript:void(0)\" class=\"pld-dislike-trigger pld-like-dislike-trigger\" title=\"\" data-post-id=\"6772\" data-trigger-type=\"dislike\" data-restriction=\"cookie\" data-already-liked=\"0\">\r\n                        <i class=\"fas fa-thumbs-down\"><\/i>\r\n                <\/a>\r\n    <span class=\"pld-dislike-count-wrap pld-count-wrap\">0<\/span>\r\n<\/div><\/div>","protected":false},"excerpt":{"rendered":"<p>Comunicar desde el sur, transformar las din\u00e1micas de informaci\u00f3n en un mundo interconectado, conocer las fortalezas de cada naci\u00f3n en materia de comunicaci\u00f3n digital, sus perspectivas en inteligencia artificial (IA), socializar experiencias emancipadoras y ratificar la necesidad de la unidad de acci\u00f3n para avanzar ante los desaf\u00edos del mundo actual, fueron los ejes fundamentales del [&hellip;]<\/p>\n","protected":false},"author":7,"featured_media":6748,"comment_status":"open","ping_status":"closed","sticky":false,"template":"","format":"standard","meta":{"_bbp_topic_count":0,"_bbp_reply_count":0,"_bbp_total_topic_count":0,"_bbp_total_reply_count":0,"_bbp_voice_count":0,"_bbp_anonymous_reply_count":0,"_bbp_topic_count_hidden":0,"_bbp_reply_count_hidden":0,"_bbp_forum_subforum_count":0,"_glsr_average":0,"_glsr_ranking":0,"_glsr_reviews":0,"footnotes":""},"categories":[11],"tags":[101,47,104,7,39],"class_list":["post-6772","post","type-post","status-publish","format-standard","has-post-thumbnail","hentry","category-internacionales","tag-coloquiopatria-2","tag-comunicacion-social","tag-comunicaciondigital","tag-cuba","tag-ics"],"acf":[],"_links":{"self":[{"href":"https:\/\/www.ics.gob.cu\/en\/wp-json\/wp\/v2\/posts\/6772","targetHints":{"allow":["GET"]}}],"collection":[{"href":"https:\/\/www.ics.gob.cu\/en\/wp-json\/wp\/v2\/posts"}],"about":[{"href":"https:\/\/www.ics.gob.cu\/en\/wp-json\/wp\/v2\/types\/post"}],"author":[{"embeddable":true,"href":"https:\/\/www.ics.gob.cu\/en\/wp-json\/wp\/v2\/users\/7"}],"replies":[{"embeddable":true,"href":"https:\/\/www.ics.gob.cu\/en\/wp-json\/wp\/v2\/comments?post=6772"}],"version-history":[{"count":8,"href":"https:\/\/www.ics.gob.cu\/en\/wp-json\/wp\/v2\/posts\/6772\/revisions"}],"predecessor-version":[{"id":6789,"href":"https:\/\/www.ics.gob.cu\/en\/wp-json\/wp\/v2\/posts\/6772\/revisions\/6789"}],"wp:featuredmedia":[{"embeddable":true,"href":"https:\/\/www.ics.gob.cu\/en\/wp-json\/wp\/v2\/media\/6748"}],"wp:attachment":[{"href":"https:\/\/www.ics.gob.cu\/en\/wp-json\/wp\/v2\/media?parent=6772"}],"wp:term":[{"taxonomy":"category","embeddable":true,"href":"https:\/\/www.ics.gob.cu\/en\/wp-json\/wp\/v2\/categories?post=6772"},{"taxonomy":"post_tag","embeddable":true,"href":"https:\/\/www.ics.gob.cu\/en\/wp-json\/wp\/v2\/tags?post=6772"}],"curies":[{"name":"wp","href":"https:\/\/api.w.org\/{rel}","templated":true}]}}