{"id":6794,"date":"2025-03-19T03:22:45","date_gmt":"2025-03-19T03:22:45","guid":{"rendered":"https:\/\/www.ics.gob.cu\/?p=6794"},"modified":"2025-03-19T03:22:49","modified_gmt":"2025-03-19T03:22:49","slug":"contemos-el-bloqueo-con-nuestras-narrativas-siempre-vencedores","status":"publish","type":"post","link":"https:\/\/www.ics.gob.cu\/en\/contemos-el-bloqueo-con-nuestras-narrativas-siempre-vencedores\/","title":{"rendered":"\u00abContemos el bloqueo con nuestras narrativas, siempre vencedores\u00bb"},"content":{"rendered":"<div class=\"pdfprnt-buttons pdfprnt-buttons-post pdfprnt-top-right\"><a href=\"https:\/\/www.ics.gob.cu\/en\/wp-json\/wp\/v2\/posts\/6794?print=print\" class=\"pdfprnt-button pdfprnt-button-print\" target=\"_blank\" ><img decoding=\"async\" src=\"https:\/\/www.ics.gob.cu\/wp-content\/plugins\/pdf-print\/images\/print.png\" alt=\"image_print\" title=\"Print Content\" \/><\/a><\/div>\n<p>\u00abPensar el bloqueo, contarlo desde nuestra historia, nuestra narrativa\u00bb. Con esta \u00f3ptica transcurri\u00f3 la conferencia del viceministro de Pol\u00edticas Antibloqueo del Ministerio del Poder Popular de Econom\u00eda, Finanzas y Comercio Exterior de Venezuela, William Castillo Boll\u00e9, este martes en la Sala Che del Ministerio de Salud P\u00fablica de Cuba, como parte de las actividades de la IV Edici\u00f3n del Coloquio Internacional Patria.<\/p>\n\n\n\n<figure class=\"wp-block-image size-full\"><img loading=\"lazy\" decoding=\"async\" width=\"1020\" height=\"460\" src=\"https:\/\/www.ics.gob.cu\/wp-content\/uploads\/2025\/03\/IMG-20250318-WA0024.jpg\" alt=\"\" class=\"wp-image-6792\" srcset=\"https:\/\/www.ics.gob.cu\/wp-content\/uploads\/2025\/03\/IMG-20250318-WA0024.jpg 1020w, https:\/\/www.ics.gob.cu\/wp-content\/uploads\/2025\/03\/IMG-20250318-WA0024-300x135.jpg 300w, https:\/\/www.ics.gob.cu\/wp-content\/uploads\/2025\/03\/IMG-20250318-WA0024-768x346.jpg 768w\" sizes=\"auto, (max-width: 1020px) 100vw, 1020px\" \/><\/figure>\n\n\n\n<p>Con la presencia de la miembro del Comit\u00e9 Central del Partido Comunista de Cuba y vicejefa de su Departamento Ideol\u00f3gico, Maryd\u00e9 Fern\u00e1ndez L\u00f3pez, el presidente del Instituto de Informaci\u00f3n y Comunicaci\u00f3n Social (ICS), Alfonso Noya Mart\u00ednez, miembros de la presidencia nacional de la Uni\u00f3n de Periodistas de Cuba y otros directivos del partido y el ICS, se reflexion\u00f3 sobre la comunicaci\u00f3n que hacemos desde nuestras realidades, desde pueblos bajo asedio econ\u00f3mico y pol\u00edtico.<\/p>\n\n\n\n<p>El auditorio, integrado por directores de medios fundamentales de comunicaci\u00f3n social nacionales y provinciales, presidentes provinciales de la UPEC y jefes de los departamentos ideol\u00f3gicos de los Comit\u00e9s Provinciales del PCC, escuch\u00f3 de primera mano un recuento de la historia de lucha de Venezuela contra las sanciones coercitivas unilaterales aplicadas desde hace m\u00e1s de diez a\u00f1os y c\u00f3mo a pesar de ellas el pa\u00eds se recupera y pauta alternativas que le permitan el desarrollo social.<\/p>\n\n\n\n<p>Las similitudes y los puntos comunes con el caso cubano fueron compartidos tambi\u00e9n, as\u00ed como el proceso de agresi\u00f3n contra Venezuela iniciado en 2014 por Estados Unidos y sus aliados. En este sentido, Boll\u00e9 se\u00f1al\u00f3 que, durante diez a\u00f1os, el pueblo venezolano ha sufrido persecuciones, amenazas y obst\u00e1culos para ejercer su derecho al desarrollo econ\u00f3mico y social. <\/p>\n\n\n\n<p>Apunt\u00f3 adem\u00e1s que, hasta diciembre del 2025, Venezuela acumula 1 028 medidas coercitivas unilaterales dirigidas a personas, aeronaves, buques, empresas, entes judiciales, financieros y gubernamentales, entre otras.\u00bbEs el bloqueo una agresi\u00f3n sostenida y continuada que comienza en la econom\u00eda y va a la gente, a la sociedad, a la pol\u00edtica, a la diplomacia, a la conciencia, explic\u00f3 Willian Castillo. <\/p>\n\n\n\n<figure class=\"wp-block-image size-full\"><img loading=\"lazy\" decoding=\"async\" width=\"1000\" height=\"750\" src=\"https:\/\/www.ics.gob.cu\/wp-content\/uploads\/2025\/03\/IMG-20250318-WA0091.jpg\" alt=\"\" class=\"wp-image-6793\" srcset=\"https:\/\/www.ics.gob.cu\/wp-content\/uploads\/2025\/03\/IMG-20250318-WA0091.jpg 1000w, https:\/\/www.ics.gob.cu\/wp-content\/uploads\/2025\/03\/IMG-20250318-WA0091-300x225.jpg 300w, https:\/\/www.ics.gob.cu\/wp-content\/uploads\/2025\/03\/IMG-20250318-WA0091-768x576.jpg 768w\" sizes=\"auto, (max-width: 1000px) 100vw, 1000px\" \/><\/figure>\n\n\n\n<p>El tambi\u00e9n periodista venezolano a\u00f1adi\u00f3 que se trata de una guerra multiforme que tiene como da\u00f1o m\u00e1s profundo a los pueblos, precisamente bajo la permeabilidad de las conciencias del individuo y el debilitamiento de las condiciones de vida, que el enemigo juega con las personas y las usa, apoyados en sus carencias y tambi\u00e9n mediante la manipulaci\u00f3n de la verdad, como catalizadores de sus intereses imperiales.<\/p>\n\n\n\n<p>Durante el encuentro se reflexion\u00f3 tambi\u00e9n sobre el entramado te\u00f3rico y pol\u00edtico del imperio que &#8211; sin dudas &#8211; ha sido claro en que las \u00absanciones\u00bb deben causar dolor. \u00abAs\u00ed est\u00e1 descrito\u00bb, dijo el viceministro venezolano, quien cit\u00f3 a Richard Nephew cuando expres\u00f3 que \u00ablas sanciones buscan generar sufrimiento, o para ser m\u00e1s claros un dolor, que sea lo suficientemente agobiante para que el blanco de estas cambie sus conductas\u00bb.<\/p>\n\n\n\n<p>\u00abNo podemos asumir las categor\u00edas ni la narrativa del enemigo. Por ejemplo, las medidas coercitivas como debemos llamarles, el enemigo las nombra &#8216;sanciones&#8217; y eso no se convierte solo en una nomenclatura, sino que embarga un significado m\u00e1s amplio que act\u00faa en la percepci\u00f3n del problema. Sanciones asociadas a pecados, a errores de pa\u00edses como Venezuela o Cuba y as\u00ed lo quieren hacer creer\u00bb, coment\u00f3.<\/p>\n\n\n\n<p>\u00abResulta entonces imprescindible que se entienda que el bloqueo es una pol\u00edtica guerrerista que busca el control de los recursos estrat\u00e9gicos de las naciones, que se ejecuta tradicionalmente a trav\u00e9s de la econom\u00eda para coaccionar pa\u00edses, cambiar sistemas o  como dec\u00eda Obama \u00abdoblarles el brazo\u00bb, solo as\u00ed nos va a permitir entonces usar las mejores herramientas narrativas, comunicativas, creativas para que otros entiendan esta realidad\u00bb, explic\u00f3 Castillo Boll\u00e9.<\/p>\n\n\n\n<figure class=\"wp-block-embed is-type-rich is-provider-facebook wp-block-embed-facebook\"><div class=\"wp-block-embed__wrapper\">\n<blockquote class=\"embedly-card\" data-card-controls=\"1\" data-card-align=\"center\" data-card-theme=\"light\"><h4><a href=\"https:\/\/www.facebook.com\/share\/p\/1FFq6wD3vS\/\">Log in or sign up to view<\/a><\/h4><p>See posts, photos and more on Facebook.<\/p><\/blockquote><script async src=\"\/\/cdn.embedly.com\/widgets\/platform.js\" charset=\"UTF-8\"><\/script>\n<\/div><\/figure>\n\n\n\n<p>\u00abVeinticinco a\u00f1os de Revoluci\u00f3n Bolivariana y diez a\u00f1os de sanciones. Cuba lleva m\u00e1s tiempo bajo este terrible asedio pero ac\u00e1 vamos a seguir firmes y decididos a vencer y la decisi\u00f3n de resistir de nuestros pueblos y gobiernos es el m\u00e1s duro golpe, el mayor rev\u00e9s para los objetivos imperiales y coloniales\u00bb, asever\u00f3.<\/p>\n\n\n\n<p>William Castillo invit\u00f3 a los presentes a no olvidar nuestras historias de lucha y solidaridad, a construir colectivamente las narrativas, a contar la verdad de nuestros problemas, que son reales y muchos, pero tambi\u00e9n a decir las causas de esos problemas y c\u00f3mo somos impactados en todas las esferas, a apoyarnos en los amigos y a confiar en el pueblo. \u00abHay que transferirle m\u00e1s poder al pueblo, confiar en \u00e9l, como nos ense\u00f1\u00f3 Chavez y por eso estamos tan empe\u00f1ados en el desarrollo de lo comunal, la decisi\u00f3n y participaci\u00f3n de la gente en sus propias comunas\u00bb, ratific\u00f3.<\/p>\n\n\n\n<p>Seguro de que el camino es el socialismo, el viceministro de Pol\u00edticas Antibloqueo de Venezuela termin\u00f3 su conferencia reiterando que \u00abni somos ni estaremos entre los vencidos. Seremos vencedores\u00bb.<\/p>\n<div class=\"pld-like-dislike-wrap pld-template-1\">\r\n    <div class=\"pld-like-wrap  pld-common-wrap\">\r\n    <a href=\"javascript:void(0)\" class=\"pld-like-trigger pld-like-dislike-trigger\" title=\"\" data-post-id=\"6794\" data-trigger-type=\"like\" data-restriction=\"cookie\" data-already-liked=\"0\">\r\n                        <i class=\"fas fa-thumbs-up\"><\/i>\r\n                <\/a>\r\n    <span class=\"pld-like-count-wrap pld-count-wrap\">0    <\/span>\r\n<\/div><div class=\"pld-dislike-wrap  pld-common-wrap\">\r\n    <a href=\"javascript:void(0)\" class=\"pld-dislike-trigger pld-like-dislike-trigger\" title=\"\" data-post-id=\"6794\" data-trigger-type=\"dislike\" data-restriction=\"cookie\" data-already-liked=\"0\">\r\n                        <i class=\"fas fa-thumbs-down\"><\/i>\r\n                <\/a>\r\n    <span class=\"pld-dislike-count-wrap pld-count-wrap\">0<\/span>\r\n<\/div><\/div>","protected":false},"excerpt":{"rendered":"<p>\u00abPensar el bloqueo, contarlo desde nuestra historia, nuestra narrativa\u00bb. Con esta \u00f3ptica transcurri\u00f3 la conferencia del viceministro de Pol\u00edticas Antibloqueo del Ministerio del Poder Popular de Econom\u00eda, Finanzas y Comercio Exterior de Venezuela, William Castillo Boll\u00e9, este martes en la Sala Che del Ministerio de Salud P\u00fablica de Cuba, como parte de las actividades de [&hellip;]<\/p>\n","protected":false},"author":7,"featured_media":6795,"comment_status":"open","ping_status":"closed","sticky":false,"template":"","format":"standard","meta":{"_bbp_topic_count":0,"_bbp_reply_count":0,"_bbp_total_topic_count":0,"_bbp_total_reply_count":0,"_bbp_voice_count":0,"_bbp_anonymous_reply_count":0,"_bbp_topic_count_hidden":0,"_bbp_reply_count_hidden":0,"_bbp_forum_subforum_count":0,"_glsr_average":0,"_glsr_ranking":0,"_glsr_reviews":0,"footnotes":""},"categories":[11],"tags":[107,106,58,47,7,39,64,105],"class_list":["post-6794","post","type-post","status-publish","format-standard","has-post-thumbnail","hentry","category-internacionales","tag-bloqueo","tag-coloquio-patria","tag-comunicacion-politica","tag-comunicacion-social","tag-cuba","tag-ics","tag-revolucion-cubana","tag-venezuela"],"acf":[],"_links":{"self":[{"href":"https:\/\/www.ics.gob.cu\/en\/wp-json\/wp\/v2\/posts\/6794","targetHints":{"allow":["GET"]}}],"collection":[{"href":"https:\/\/www.ics.gob.cu\/en\/wp-json\/wp\/v2\/posts"}],"about":[{"href":"https:\/\/www.ics.gob.cu\/en\/wp-json\/wp\/v2\/types\/post"}],"author":[{"embeddable":true,"href":"https:\/\/www.ics.gob.cu\/en\/wp-json\/wp\/v2\/users\/7"}],"replies":[{"embeddable":true,"href":"https:\/\/www.ics.gob.cu\/en\/wp-json\/wp\/v2\/comments?post=6794"}],"version-history":[{"count":3,"href":"https:\/\/www.ics.gob.cu\/en\/wp-json\/wp\/v2\/posts\/6794\/revisions"}],"predecessor-version":[{"id":6798,"href":"https:\/\/www.ics.gob.cu\/en\/wp-json\/wp\/v2\/posts\/6794\/revisions\/6798"}],"wp:featuredmedia":[{"embeddable":true,"href":"https:\/\/www.ics.gob.cu\/en\/wp-json\/wp\/v2\/media\/6795"}],"wp:attachment":[{"href":"https:\/\/www.ics.gob.cu\/en\/wp-json\/wp\/v2\/media?parent=6794"}],"wp:term":[{"taxonomy":"category","embeddable":true,"href":"https:\/\/www.ics.gob.cu\/en\/wp-json\/wp\/v2\/categories?post=6794"},{"taxonomy":"post_tag","embeddable":true,"href":"https:\/\/www.ics.gob.cu\/en\/wp-json\/wp\/v2\/tags?post=6794"}],"curies":[{"name":"wp","href":"https:\/\/api.w.org\/{rel}","templated":true}]}}