{"id":6819,"date":"2025-04-02T22:25:32","date_gmt":"2025-04-02T22:25:32","guid":{"rendered":"https:\/\/www.ics.gob.cu\/?p=6819"},"modified":"2025-04-02T22:35:06","modified_gmt":"2025-04-02T22:35:06","slug":"sesiona-taller-metodologico-de-escuelas-ramales-sobre-implementacion-de-la-ley-de-comunicacion-social","status":"publish","type":"post","link":"https:\/\/www.ics.gob.cu\/en\/sesiona-taller-metodologico-de-escuelas-ramales-sobre-implementacion-de-la-ley-de-comunicacion-social\/","title":{"rendered":"Sesiona Taller Metodol\u00f3gico de Escuelas Ramales sobre implementaci\u00f3n de la Ley de Comunicaci\u00f3n Social"},"content":{"rendered":"<div class=\"pdfprnt-buttons pdfprnt-buttons-post pdfprnt-top-right\"><a href=\"https:\/\/www.ics.gob.cu\/en\/wp-json\/wp\/v2\/posts\/6819?print=print\" class=\"pdfprnt-button pdfprnt-button-print\" target=\"_blank\" ><img decoding=\"async\" src=\"https:\/\/www.ics.gob.cu\/wp-content\/plugins\/pdf-print\/images\/print.png\" alt=\"image_print\" title=\"Print Content\" \/><\/a><\/div>\n<p>Un Taller Metodol\u00f3gico sobre la implementaci\u00f3n de la Ley 162\/2023 \u00abDe Comunicaci\u00f3n Social\u00bb y sus disposiciones normativas reglamentarias se realiz\u00f3 hoy en la Sala \u00abChe Guevara\u00bb, del ICS, con la participaci\u00f3n de directivos, especialistas en Comunicaci\u00f3n y profesores de Escuelas Ramales de organismos, entidades y empresas.<\/p>\n\n\n\n<p>Coordinado por nuestra Escuela Ramal y con la asesor\u00eda del Ministerio de Educaci\u00f3n Superior (MES), el encuentro tuvo como objetivo concebir un Curso de Posgrado que, posteriormente, se adecue a cada uno de los Centros de Capacitaci\u00f3n y Escuelas Ramales de los diferentes OACEs, \u00f3rganos del Estado, entidades y empresas.<\/p>\n\n\n<div class=\"wp-block-image\">\n<figure class=\"aligncenter size-large\"><img loading=\"lazy\" decoding=\"async\" width=\"1024\" height=\"462\" src=\"https:\/\/www.ics.gob.cu\/wp-content\/uploads\/2025\/04\/IMG-20250402-WA0005-1024x462.jpg\" alt=\"\" class=\"wp-image-6820\" srcset=\"https:\/\/www.ics.gob.cu\/wp-content\/uploads\/2025\/04\/IMG-20250402-WA0005-1024x462.jpg 1024w, https:\/\/www.ics.gob.cu\/wp-content\/uploads\/2025\/04\/IMG-20250402-WA0005-300x135.jpg 300w, https:\/\/www.ics.gob.cu\/wp-content\/uploads\/2025\/04\/IMG-20250402-WA0005-768x346.jpg 768w, https:\/\/www.ics.gob.cu\/wp-content\/uploads\/2025\/04\/IMG-20250402-WA0005.jpg 1280w\" sizes=\"auto, (max-width: 1024px) 100vw, 1024px\" \/><\/figure>\n<\/div>\n\n\n<p>Al iniciarse este primer encuentro, el presidente del ICS, Alfonso Noya Mart\u00ednez, agradeci\u00f3 la convocatoria y resalt\u00f3 la importancia de este tipo de taller para una mayor articulaci\u00f3n de los saberes y conocimientos compartidos.<\/p>\n\n\n\n<p>Noya Mart\u00ednez refiri\u00f3 que con la participaci\u00f3n, colaboraci\u00f3n y las experiencias de las Escuelas Ramales y Centros de Capacitaci\u00f3n y la asesor\u00eda de organismos formadores como el MES, el camino a seguir es m\u00e1s seguro y hay que poner al conocimiento en el centro, con mucha m\u00e1s intencionalidad. <\/p>\n\n\n\n<p>\u00abNos queda mucho por aprender y tenemos la certeza que a veces no se avanza m\u00e1s ni a la velocidad que  necesitamos porque nos falta conocimiento y articulaci\u00f3n. Somos un organismo joven y tambi\u00e9n para nosotros es un paso decisivo prepararnos mejor y reforzar los lazos con quienes puedan tambi\u00e9n multiplicar el conocimiento en todos los \u00e1mbitos. Solo as\u00ed podr\u00edamos hablar verdaderamente de gesti\u00f3n estrat\u00e9gica e integrada de la comunicaci\u00f3n social\u00bb, puntualiz\u00f3.<\/p>\n<div class=\"pld-like-dislike-wrap pld-template-1\">\r\n    <div class=\"pld-like-wrap  pld-common-wrap\">\r\n    <a href=\"javascript:void(0)\" class=\"pld-like-trigger pld-like-dislike-trigger\" title=\"\" data-post-id=\"6819\" data-trigger-type=\"like\" data-restriction=\"cookie\" data-already-liked=\"0\">\r\n                        <i class=\"fas fa-thumbs-up\"><\/i>\r\n                <\/a>\r\n    <span class=\"pld-like-count-wrap pld-count-wrap\">1    <\/span>\r\n<\/div><div class=\"pld-dislike-wrap  pld-common-wrap\">\r\n    <a href=\"javascript:void(0)\" class=\"pld-dislike-trigger pld-like-dislike-trigger\" title=\"\" data-post-id=\"6819\" data-trigger-type=\"dislike\" data-restriction=\"cookie\" data-already-liked=\"0\">\r\n                        <i class=\"fas fa-thumbs-down\"><\/i>\r\n                <\/a>\r\n    <span class=\"pld-dislike-count-wrap pld-count-wrap\">0<\/span>\r\n<\/div><\/div>","protected":false},"excerpt":{"rendered":"<p>Un Taller Metodol\u00f3gico sobre la implementaci\u00f3n de la Ley 162\/2023 \u00abDe Comunicaci\u00f3n Social\u00bb y sus disposiciones normativas reglamentarias se realiz\u00f3 hoy en la Sala \u00abChe Guevara\u00bb, del ICS, con la participaci\u00f3n de directivos, especialistas en Comunicaci\u00f3n y profesores de Escuelas Ramales de organismos, entidades y empresas. Coordinado por nuestra Escuela Ramal y con la asesor\u00eda [&hellip;]<\/p>\n","protected":false},"author":7,"featured_media":6821,"comment_status":"open","ping_status":"closed","sticky":false,"template":"","format":"standard","meta":{"_bbp_topic_count":0,"_bbp_reply_count":0,"_bbp_total_topic_count":0,"_bbp_total_reply_count":0,"_bbp_voice_count":0,"_bbp_anonymous_reply_count":0,"_bbp_topic_count_hidden":0,"_bbp_reply_count_hidden":0,"_bbp_forum_subforum_count":0,"_glsr_average":0,"_glsr_ranking":0,"_glsr_reviews":0,"footnotes":""},"categories":[10],"tags":[47,7,59,81,39],"class_list":["post-6819","post","type-post","status-publish","format-standard","has-post-thumbnail","hentry","category-nacionales","tag-comunicacion-social","tag-cuba","tag-educacion-para-la-comunicacion","tag-escuela-ramal","tag-ics"],"acf":[],"_links":{"self":[{"href":"https:\/\/www.ics.gob.cu\/en\/wp-json\/wp\/v2\/posts\/6819","targetHints":{"allow":["GET"]}}],"collection":[{"href":"https:\/\/www.ics.gob.cu\/en\/wp-json\/wp\/v2\/posts"}],"about":[{"href":"https:\/\/www.ics.gob.cu\/en\/wp-json\/wp\/v2\/types\/post"}],"author":[{"embeddable":true,"href":"https:\/\/www.ics.gob.cu\/en\/wp-json\/wp\/v2\/users\/7"}],"replies":[{"embeddable":true,"href":"https:\/\/www.ics.gob.cu\/en\/wp-json\/wp\/v2\/comments?post=6819"}],"version-history":[{"count":3,"href":"https:\/\/www.ics.gob.cu\/en\/wp-json\/wp\/v2\/posts\/6819\/revisions"}],"predecessor-version":[{"id":6824,"href":"https:\/\/www.ics.gob.cu\/en\/wp-json\/wp\/v2\/posts\/6819\/revisions\/6824"}],"wp:featuredmedia":[{"embeddable":true,"href":"https:\/\/www.ics.gob.cu\/en\/wp-json\/wp\/v2\/media\/6821"}],"wp:attachment":[{"href":"https:\/\/www.ics.gob.cu\/en\/wp-json\/wp\/v2\/media?parent=6819"}],"wp:term":[{"taxonomy":"category","embeddable":true,"href":"https:\/\/www.ics.gob.cu\/en\/wp-json\/wp\/v2\/categories?post=6819"},{"taxonomy":"post_tag","embeddable":true,"href":"https:\/\/www.ics.gob.cu\/en\/wp-json\/wp\/v2\/tags?post=6819"}],"curies":[{"name":"wp","href":"https:\/\/api.w.org\/{rel}","templated":true}]}}