{"id":6828,"date":"2025-04-07T18:14:03","date_gmt":"2025-04-07T18:14:03","guid":{"rendered":"https:\/\/www.ics.gob.cu\/?p=6828"},"modified":"2025-04-07T18:14:06","modified_gmt":"2025-04-07T18:14:06","slug":"directivos-del-ics-reciben-modulo-del-programa-educacion-para-la-comunicacion-en-su-segunda-etapa","status":"publish","type":"post","link":"https:\/\/www.ics.gob.cu\/en\/directivos-del-ics-reciben-modulo-del-programa-educacion-para-la-comunicacion-en-su-segunda-etapa\/","title":{"rendered":"Directivos del ICS reciben m\u00f3dulo del Programa \u00abEducaci\u00f3n para la Comunicaci\u00f3n\u00bb, en su segunda etapa"},"content":{"rendered":"<div class=\"pdfprnt-buttons pdfprnt-buttons-post pdfprnt-top-right\"><a href=\"https:\/\/www.ics.gob.cu\/en\/wp-json\/wp\/v2\/posts\/6828?print=print\" class=\"pdfprnt-button pdfprnt-button-print\" target=\"_blank\" ><img decoding=\"async\" src=\"https:\/\/www.ics.gob.cu\/wp-content\/plugins\/pdf-print\/images\/print.png\" alt=\"image_print\" title=\"Print Content\" \/><\/a><\/div>\n<p>La comunicaci\u00f3n social es ante todo interacci\u00f3n, interpretaci\u00f3n, pero tambi\u00e9n intercambio directo con las personas, es tejer un sistema de relaciones que una sociedad en construcci\u00f3n como la nuestra necesita para que tengamos, adem\u00e1s, mejores seres humanos.<\/p>\n\n\n\n<p>As\u00ed se ratific\u00f3 en la primera jornada del Curso de Preparaci\u00f3n que \u2013 como parte de la segunda etapa del Programa Educaci\u00f3n para la Comunicaci\u00f3n \u2013 recibir\u00e1n durante toda esta semana, los cuadros y directivos del <a href=\"https:\/\/x.com\/icscuba\"><mark style=\"background-color:rgba(0, 0, 0, 0)\" class=\"has-inline-color has-vivid-cyan-blue-color\">Instituto de Informaci\u00f3n y Comunicaci\u00f3n Social (ICS)<\/mark><\/a>, incluyendo los Consejos de Direcci\u00f3n ampliados de los Sistemas de la Radio, la Televisi\u00f3n cubana, las Empresas y entidades subordinadas.<\/p>\n\n\n<div class=\"wp-block-image\">\n<figure class=\"aligncenter size-full is-resized\"><img loading=\"lazy\" decoding=\"async\" width=\"1020\" height=\"460\" src=\"https:\/\/www.ics.gob.cu\/wp-content\/uploads\/2025\/04\/1.jpg\" alt=\"\" class=\"wp-image-6830\" style=\"width:688px;height:auto\" srcset=\"https:\/\/www.ics.gob.cu\/wp-content\/uploads\/2025\/04\/1.jpg 1020w, https:\/\/www.ics.gob.cu\/wp-content\/uploads\/2025\/04\/1-300x135.jpg 300w, https:\/\/www.ics.gob.cu\/wp-content\/uploads\/2025\/04\/1-768x346.jpg 768w\" sizes=\"auto, (max-width: 1020px) 100vw, 1020px\" \/><\/figure>\n<\/div>\n\n\n<p>Al iniciarse la capacitaci\u00f3n, la vicepresidenta del ICS, <a href=\"https:\/\/x.com\/Belkyspcr\"><mark style=\"background-color:rgba(0, 0, 0, 0)\" class=\"has-inline-color has-vivid-cyan-blue-color\">Belkys P\u00e9rez Cruz<\/mark><\/a>, se\u00f1al\u00f3 que no solo se trata de compartir conocimientos, saberes, modos de hacer, criterios, perfeccionar lo que hacemos y seguir prepar\u00e1ndonos para gestionar de forma estrat\u00e9gica e integrada la comunicaci\u00f3n social y hacer cumplir las normas aprobadas y la misi\u00f3n reguladora del Instituto, sino convertirnos todos y todas en formadores de m\u00e1s conocimientos, llevar estos debates a nuestros colectivos, ser facilitadores.<\/p>\n\n\n\n<p>P\u00e9rez Cruz record\u00f3 que este es un proceso que comenz\u00f3 ya con comunicadores que tenemos en nuestras organizaciones medi\u00e1ticas y j\u00f3venes especialistas del ICS y posteriormente con una selecci\u00f3n de l\u00edderes estudiantiles de la <a href=\"https:\/\/www.facebook.com\/FEEMdeCuba\"><mark style=\"background-color:rgba(0, 0, 0, 0)\" class=\"has-inline-color has-vivid-cyan-blue-color\">Federaci\u00f3n de Estudiantes de la Ense\u00f1anza Media (FEEM)<\/mark><\/a> y la <a href=\"https:\/\/www.facebook.com\/FeuCuba\"><mark style=\"background-color:rgba(0, 0, 0, 0)\" class=\"has-inline-color has-vivid-cyan-blue-color\">Federaci\u00f3n Estudiantil Universitaria (FEU)<\/mark><\/a>, lo cual se extender\u00e1 a otras organizaciones de masas y sociales que impulsar\u00e1n un proceso de preparaci\u00f3n \u201cen cascada\u201d a todos los niveles de la sociedad.<\/p>\n\n\n\n<p>Se trata, adem\u00e1s, de cumplir con un mandato del primer secretario del Comit\u00e9 Central del <a href=\"https:\/\/www.pcc.cu\/\"><mark style=\"background-color:rgba(0, 0, 0, 0)\" class=\"has-inline-color has-vivid-cyan-blue-color\">Partido Comunista de Cuba<\/mark><\/a> y presidente de la Rep\u00fablica, <a href=\"https:\/\/x.com\/DiazCanelB\"><mark style=\"background-color:rgba(0, 0, 0, 0)\" class=\"has-inline-color has-vivid-cyan-blue-color\">Miguel D\u00edaz-Canel Berm\u00fadez<\/mark><\/a>, quien ha insistido en que nuestros cuadros y directivos deben contribuir a que se entienda y se asuma la comunicaci\u00f3n social como un derecho ciudadano, pero \u201cprimero debemos saber comunicarnos mejor\u201d.<\/p>\n\n\n\n<p>El Programa de Educaci\u00f3n para la Comunicaci\u00f3n en su segundo momento, contribuir\u00e1 a cambiar nuestras formas de hacer y dirigir, pues debe verse como un amplio y riguroso proceso del que todos somos parte activa, tiene una dimensi\u00f3n integral, profunda, de alfabetizaci\u00f3n medi\u00e1tica, informacional, organizacional sobre la base metodol\u00f3gica de la Educaci\u00f3n Popular y contenidos propuestos por la <a href=\"https:\/\/www.unesco.org\/es\"><mark style=\"background-color:rgba(0, 0, 0, 0)\" class=\"has-inline-color has-vivid-cyan-blue-color\">UNESCO<\/mark><\/a> en su curr\u00edculun AMI, adecuados a las condiciones del pa\u00eds, precis\u00f3 la directiva.<\/p>\n\n\n<div class=\"wp-block-image\">\n<figure class=\"aligncenter size-full is-resized\"><img loading=\"lazy\" decoding=\"async\" width=\"1020\" height=\"574\" src=\"https:\/\/www.ics.gob.cu\/wp-content\/uploads\/2025\/04\/2.jpg\" alt=\"\" class=\"wp-image-6831\" style=\"width:662px;height:auto\" srcset=\"https:\/\/www.ics.gob.cu\/wp-content\/uploads\/2025\/04\/2.jpg 1020w, https:\/\/www.ics.gob.cu\/wp-content\/uploads\/2025\/04\/2-300x169.jpg 300w, https:\/\/www.ics.gob.cu\/wp-content\/uploads\/2025\/04\/2-768x432.jpg 768w\" sizes=\"auto, (max-width: 1020px) 100vw, 1020px\" \/><\/figure>\n<\/div>\n\n\n<p>En esta primera jornada los asistentes intercambiaron con los doctores Iv\u00e1n Barreto e Hilda Saladrigas, dos de los profesores que impartir\u00e1n el Curso, en el cual tambi\u00e9n se realizar\u00e1 una mirada a nuestra Ley 162 \u201cDe Comunicaci\u00f3n Social\u201d y sus disposiciones normativas reglamentarias, un cuerpo normativo in\u00e9dito, muy integral y necesario, \u201cmuy cubana\u201d y perfectible, pero evidencia de que no se puede seguir haciendo lo mismo y de cu\u00e1nto a\u00fan nos queda porque se entienda y se asuma para seguir construyendo juntos.<\/p>\n\n\n\n<p>Se realizar\u00e1 tambi\u00e9n una mirada a la comunicaci\u00f3n comunitaria, el papel y las funciones de los medios en la sociedad, la participaci\u00f3n en las redes sociales digitales, las amenazas y desaf\u00edos y c\u00f3mo seguir intencionando la transparencia y el consenso con m\u00e1s participaci\u00f3n y di\u00e1logo.<\/p>\n<div class=\"pld-like-dislike-wrap pld-template-1\">\r\n    <div class=\"pld-like-wrap  pld-common-wrap\">\r\n    <a href=\"javascript:void(0)\" class=\"pld-like-trigger pld-like-dislike-trigger\" title=\"\" data-post-id=\"6828\" data-trigger-type=\"like\" data-restriction=\"cookie\" data-already-liked=\"0\">\r\n                        <i class=\"fas fa-thumbs-up\"><\/i>\r\n                <\/a>\r\n    <span class=\"pld-like-count-wrap pld-count-wrap\">0    <\/span>\r\n<\/div><div class=\"pld-dislike-wrap  pld-common-wrap\">\r\n    <a href=\"javascript:void(0)\" class=\"pld-dislike-trigger pld-like-dislike-trigger\" title=\"\" data-post-id=\"6828\" data-trigger-type=\"dislike\" data-restriction=\"cookie\" data-already-liked=\"0\">\r\n                        <i class=\"fas fa-thumbs-down\"><\/i>\r\n                <\/a>\r\n    <span class=\"pld-dislike-count-wrap pld-count-wrap\">0<\/span>\r\n<\/div><\/div>","protected":false},"excerpt":{"rendered":"<p>La comunicaci\u00f3n social es ante todo interacci\u00f3n, interpretaci\u00f3n, pero tambi\u00e9n intercambio directo con las personas, es tejer un sistema de relaciones que una sociedad en construcci\u00f3n como la nuestra necesita para que tengamos, adem\u00e1s, mejores seres humanos. As\u00ed se ratific\u00f3 en la primera jornada del Curso de Preparaci\u00f3n que \u2013 como parte de la segunda [&hellip;]<\/p>\n","protected":false},"author":8,"featured_media":6829,"comment_status":"open","ping_status":"closed","sticky":false,"template":"","format":"standard","meta":{"_bbp_topic_count":0,"_bbp_reply_count":0,"_bbp_total_topic_count":0,"_bbp_total_reply_count":0,"_bbp_voice_count":0,"_bbp_anonymous_reply_count":0,"_bbp_topic_count_hidden":0,"_bbp_reply_count_hidden":0,"_bbp_forum_subforum_count":0,"_glsr_average":0,"_glsr_ranking":0,"_glsr_reviews":0,"footnotes":""},"categories":[10],"tags":[47,7,59,39,67,76],"class_list":["post-6828","post","type-post","status-publish","format-standard","has-post-thumbnail","hentry","category-nacionales","tag-comunicacion-social","tag-cuba","tag-educacion-para-la-comunicacion","tag-ics","tag-radio-cubana","tag-television-cubana"],"acf":[],"_links":{"self":[{"href":"https:\/\/www.ics.gob.cu\/en\/wp-json\/wp\/v2\/posts\/6828","targetHints":{"allow":["GET"]}}],"collection":[{"href":"https:\/\/www.ics.gob.cu\/en\/wp-json\/wp\/v2\/posts"}],"about":[{"href":"https:\/\/www.ics.gob.cu\/en\/wp-json\/wp\/v2\/types\/post"}],"author":[{"embeddable":true,"href":"https:\/\/www.ics.gob.cu\/en\/wp-json\/wp\/v2\/users\/8"}],"replies":[{"embeddable":true,"href":"https:\/\/www.ics.gob.cu\/en\/wp-json\/wp\/v2\/comments?post=6828"}],"version-history":[{"count":1,"href":"https:\/\/www.ics.gob.cu\/en\/wp-json\/wp\/v2\/posts\/6828\/revisions"}],"predecessor-version":[{"id":6832,"href":"https:\/\/www.ics.gob.cu\/en\/wp-json\/wp\/v2\/posts\/6828\/revisions\/6832"}],"wp:featuredmedia":[{"embeddable":true,"href":"https:\/\/www.ics.gob.cu\/en\/wp-json\/wp\/v2\/media\/6829"}],"wp:attachment":[{"href":"https:\/\/www.ics.gob.cu\/en\/wp-json\/wp\/v2\/media?parent=6828"}],"wp:term":[{"taxonomy":"category","embeddable":true,"href":"https:\/\/www.ics.gob.cu\/en\/wp-json\/wp\/v2\/categories?post=6828"},{"taxonomy":"post_tag","embeddable":true,"href":"https:\/\/www.ics.gob.cu\/en\/wp-json\/wp\/v2\/tags?post=6828"}],"curies":[{"name":"wp","href":"https:\/\/api.w.org\/{rel}","templated":true}]}}