{"id":6893,"date":"2025-04-14T22:00:08","date_gmt":"2025-04-14T22:00:08","guid":{"rendered":"https:\/\/www.ics.gob.cu\/?p=6893"},"modified":"2025-04-24T14:31:08","modified_gmt":"2025-04-24T14:31:08","slug":"por-cuba-y-por-la-revolucion-los-trabajadores-del-ics-se-movilizaran-este-1-de-mayo","status":"publish","type":"post","link":"https:\/\/www.ics.gob.cu\/en\/por-cuba-y-por-la-revolucion-los-trabajadores-del-ics-se-movilizaran-este-1-de-mayo\/","title":{"rendered":"Por Cuba y por la Revoluci\u00f3n, los trabajadores del ICS se movilizar\u00e1n este 1 de Mayo"},"content":{"rendered":"<div class=\"pdfprnt-buttons pdfprnt-buttons-post pdfprnt-top-right\"><a href=\"https:\/\/www.ics.gob.cu\/en\/wp-json\/wp\/v2\/posts\/6893?print=print\" class=\"pdfprnt-button pdfprnt-button-print\" target=\"_blank\" ><img decoding=\"async\" src=\"https:\/\/www.ics.gob.cu\/wp-content\/plugins\/pdf-print\/images\/print.png\" alt=\"image_print\" title=\"Print Content\" \/><\/a><\/div>\n<p><\/p>\n\n\n\n<p>\u00abPor Cuba Juntos Creamos\u00bb es la convicci\u00f3n que convoca a cubanas y cubanos para celebrar este primero de mayo, a los que se sumar\u00e1n cuadros, directivos y trabajadores en general del Instituto de Informaci\u00f3n y Comunicaci\u00f3n Social (ICS).<\/p>\n\n\n\n<p>As\u00ed se ratific\u00f3 esta tarde de lunes, en plenaria convocada por el Bur\u00f3 Sindical del organismo, presidida por por el presidente del ICS, Alfonso Noya Mart\u00ednez, su vicepresidenta Belkys P\u00e9rez Cruz, el Secretario del Comit\u00e9 del Partido, Rafael Cruz Ramos y otros representantes del Bur\u00f3 y las secciones sindicales. <\/p>\n\n\n\n<figure class=\"wp-block-image size-large\"><img loading=\"lazy\" decoding=\"async\" width=\"1024\" height=\"768\" src=\"https:\/\/www.ics.gob.cu\/wp-content\/uploads\/2025\/04\/1000286406-1024x768.jpg\" alt=\"\" class=\"wp-image-6895\" srcset=\"https:\/\/www.ics.gob.cu\/wp-content\/uploads\/2025\/04\/1000286406-1024x768.jpg 1024w, https:\/\/www.ics.gob.cu\/wp-content\/uploads\/2025\/04\/1000286406-300x225.jpg 300w, https:\/\/www.ics.gob.cu\/wp-content\/uploads\/2025\/04\/1000286406-768x576.jpg 768w, https:\/\/www.ics.gob.cu\/wp-content\/uploads\/2025\/04\/1000286406-1536x1152.jpg 1536w, https:\/\/www.ics.gob.cu\/wp-content\/uploads\/2025\/04\/1000286406-2048x1536.jpg 2048w\" sizes=\"auto, (max-width: 1024px) 100vw, 1024px\" \/><\/figure>\n\n\n\n<p>El llamado fue a participar en una jornada de patriotismo y antimperialismo, de defensa de la soberan\u00eda y la autodeterminaci\u00f3n, marchar el pr\u00f3ximo primero de mayo por quienes hicieron posible esta Revoluci\u00f3n y por el compromiso de las generaciones actuales con la continuidad del socialismo.<\/p>\n\n\n\n<p>Trabajar desde cada uno de nuestros puestos con creatividad, eficiencia, productividad, calidad, y compromiso resulta la mejor manera de homenajear est\u00e1 fecha hist\u00f3rica, as\u00ed lo corroboraron los asistentes al encuentro.<\/p>\n\n\n\n<p> \u00abHay una tradici\u00f3n de desfile en nuestro Instituto y este a\u00f1o tambi\u00e9n tendremos la presencia masiva de sus trabajadores. Que este sea un primero de mayo a la altura de lo que nos merecemos como pueblo, demostremos al mundo que el socialismo es posible\u00bb, expres\u00f3 Rafael Cruz Ramos.<\/p>\n\n\n\n<figure class=\"wp-block-image size-large\"><img loading=\"lazy\" decoding=\"async\" width=\"1024\" height=\"768\" src=\"https:\/\/www.ics.gob.cu\/wp-content\/uploads\/2025\/04\/1000286425-1024x768.jpg\" alt=\"\" class=\"wp-image-6896\" srcset=\"https:\/\/www.ics.gob.cu\/wp-content\/uploads\/2025\/04\/1000286425-1024x768.jpg 1024w, https:\/\/www.ics.gob.cu\/wp-content\/uploads\/2025\/04\/1000286425-300x225.jpg 300w, https:\/\/www.ics.gob.cu\/wp-content\/uploads\/2025\/04\/1000286425-768x576.jpg 768w, https:\/\/www.ics.gob.cu\/wp-content\/uploads\/2025\/04\/1000286425-1536x1152.jpg 1536w, https:\/\/www.ics.gob.cu\/wp-content\/uploads\/2025\/04\/1000286425-2048x1536.jpg 2048w\" sizes=\"auto, (max-width: 1024px) 100vw, 1024px\" \/><\/figure>\n\n\n\n<p>Por su parte, Dailiana Pompa Arrechavaleta, dirigente sindical, coment\u00f3 que habr\u00e1n otros espacios de movilizaci\u00f3n previo al desfile, donde el ICS estar\u00e1 representando. <\/p>\n\n\n\n<p>De manera especial, convoc\u00f3 a rendir tributo a los h\u00e9roes y m\u00e1rtires de Gir\u00f3n, en acto que ser\u00e1 efectuado en la c\u00e9ntrica esquina de 23 y 12 en el Vedado capitalino, el pr\u00f3ximo 16 de abril, fecha simb\u00f3lica para la Patria, aniversario 64 de la proclamacion del car\u00e1cter socialista de la Revoluci\u00f3n.<\/p>\n\n\n\n<p>Reiter\u00f3 que la cita de Mayo ser\u00e1 bien temprano en la Plaza de la Revoluci\u00f3n Jos\u00e9 Mart\u00ed de la capital, al igual que en parques y plazas de todo el pa\u00eds. Ser\u00e1 el espacio propicio para una vez m\u00e1s ratificar la firme convicci\u00f3n de unidad del pueblo cubano y  la  voluntad  de  perfeccionar la Revoluci\u00f3n, esa que seguimos construyendo cada d\u00eda.<\/p>\n\n\n\n<p>Este a\u00f1o &#8211; como refleja la convocatoria oficial realizada por la Central de Trabajadores de Cuba (CTC) &#8211; las actividades \u00abest\u00e1n  enmarcadas  en trascendentales conmemoraciones: el  130  aniversario  del  inicio de la Guerra Necesaria, encabezada por nuestro H\u00e9roe Nacional Jos\u00e9 Mart\u00ed, el 24 de febrero de 1895; el 86 aniversario de la fundaci\u00f3n de la CTC, y su proceso org\u00e1nico hacia el 22 Congreso; y el 66 aniversario del triunfo de la Revoluci\u00f3n Cubana\u00bb. <\/p>\n\n\n\n<p>Ser\u00e1 tambi\u00e9n un momento especial para rendir homenaje y recordar a  nuestro  Comandante  en  Jefe Fidel Castro Ruz.<\/p>\n\n\n\n<p><\/p>\n<div class=\"pld-like-dislike-wrap pld-template-1\">\r\n    <div class=\"pld-like-wrap  pld-common-wrap\">\r\n    <a href=\"javascript:void(0)\" class=\"pld-like-trigger pld-like-dislike-trigger\" title=\"\" data-post-id=\"6893\" data-trigger-type=\"like\" data-restriction=\"cookie\" data-already-liked=\"0\">\r\n                        <i class=\"fas fa-thumbs-up\"><\/i>\r\n                <\/a>\r\n    <span class=\"pld-like-count-wrap pld-count-wrap\">0    <\/span>\r\n<\/div><div class=\"pld-dislike-wrap  pld-common-wrap\">\r\n    <a href=\"javascript:void(0)\" class=\"pld-dislike-trigger pld-like-dislike-trigger\" title=\"\" data-post-id=\"6893\" data-trigger-type=\"dislike\" data-restriction=\"cookie\" data-already-liked=\"0\">\r\n                        <i class=\"fas fa-thumbs-down\"><\/i>\r\n                <\/a>\r\n    <span class=\"pld-dislike-count-wrap pld-count-wrap\">0<\/span>\r\n<\/div><\/div>","protected":false},"excerpt":{"rendered":"<p>\u00abPor Cuba Juntos Creamos\u00bb es la convicci\u00f3n que convoca a cubanas y cubanos para celebrar este primero de mayo, a los que se sumar\u00e1n cuadros, directivos y trabajadores en general del Instituto de Informaci\u00f3n y Comunicaci\u00f3n Social (ICS). As\u00ed se ratific\u00f3 esta tarde de lunes, en plenaria convocada por el Bur\u00f3 Sindical del organismo, presidida [&hellip;]<\/p>\n","protected":false},"author":10,"featured_media":6899,"comment_status":"open","ping_status":"closed","sticky":false,"template":"","format":"standard","meta":{"_bbp_topic_count":0,"_bbp_reply_count":0,"_bbp_total_topic_count":0,"_bbp_total_reply_count":0,"_bbp_voice_count":0,"_bbp_anonymous_reply_count":0,"_bbp_topic_count_hidden":0,"_bbp_reply_count_hidden":0,"_bbp_forum_subforum_count":0,"_glsr_average":0,"_glsr_ranking":0,"_glsr_reviews":0,"footnotes":""},"categories":[10],"tags":[110,7,39,64],"class_list":["post-6893","post","type-post","status-publish","format-standard","has-post-thumbnail","hentry","category-nacionales","tag-1mayo","tag-cuba","tag-ics","tag-revolucion-cubana"],"acf":[],"_links":{"self":[{"href":"https:\/\/www.ics.gob.cu\/en\/wp-json\/wp\/v2\/posts\/6893","targetHints":{"allow":["GET"]}}],"collection":[{"href":"https:\/\/www.ics.gob.cu\/en\/wp-json\/wp\/v2\/posts"}],"about":[{"href":"https:\/\/www.ics.gob.cu\/en\/wp-json\/wp\/v2\/types\/post"}],"author":[{"embeddable":true,"href":"https:\/\/www.ics.gob.cu\/en\/wp-json\/wp\/v2\/users\/10"}],"replies":[{"embeddable":true,"href":"https:\/\/www.ics.gob.cu\/en\/wp-json\/wp\/v2\/comments?post=6893"}],"version-history":[{"count":3,"href":"https:\/\/www.ics.gob.cu\/en\/wp-json\/wp\/v2\/posts\/6893\/revisions"}],"predecessor-version":[{"id":6973,"href":"https:\/\/www.ics.gob.cu\/en\/wp-json\/wp\/v2\/posts\/6893\/revisions\/6973"}],"wp:featuredmedia":[{"embeddable":true,"href":"https:\/\/www.ics.gob.cu\/en\/wp-json\/wp\/v2\/media\/6899"}],"wp:attachment":[{"href":"https:\/\/www.ics.gob.cu\/en\/wp-json\/wp\/v2\/media?parent=6893"}],"wp:term":[{"taxonomy":"category","embeddable":true,"href":"https:\/\/www.ics.gob.cu\/en\/wp-json\/wp\/v2\/categories?post=6893"},{"taxonomy":"post_tag","embeddable":true,"href":"https:\/\/www.ics.gob.cu\/en\/wp-json\/wp\/v2\/tags?post=6893"}],"curies":[{"name":"wp","href":"https:\/\/api.w.org\/{rel}","templated":true}]}}