{"id":6974,"date":"2025-04-24T14:39:15","date_gmt":"2025-04-24T14:39:15","guid":{"rendered":"https:\/\/www.ics.gob.cu\/?p=6974"},"modified":"2025-04-24T15:08:48","modified_gmt":"2025-04-24T15:08:48","slug":"mincom-ics-unidos-para-la-transformacion-digital-el-uso-de-la-ia-y-la-gestion-en-comunicacion-social","status":"publish","type":"post","link":"https:\/\/www.ics.gob.cu\/en\/mincom-ics-unidos-para-la-transformacion-digital-el-uso-de-la-ia-y-la-gestion-en-comunicacion-social\/","title":{"rendered":"MINCOM &#8211; ICS: unidos para la transformaci\u00f3n digital, el uso de la IA y la gesti\u00f3n en comunicaci\u00f3n social"},"content":{"rendered":"<div class=\"pdfprnt-buttons pdfprnt-buttons-post pdfprnt-top-right\"><a href=\"https:\/\/www.ics.gob.cu\/en\/wp-json\/wp\/v2\/posts\/6974?print=print\" class=\"pdfprnt-button pdfprnt-button-print\" target=\"_blank\" ><img decoding=\"async\" src=\"https:\/\/www.ics.gob.cu\/wp-content\/plugins\/pdf-print\/images\/print.png\" alt=\"image_print\" title=\"Print Content\" \/><\/a><\/div>\n<p>Un Convenio de colaboraci\u00f3n que expresa la voluntad para el desarrollo de actividades de asesoramiento, docencia e investigaci\u00f3n cient\u00edfica, en pos del empleo de las nuevas tecnolog\u00edas, el uso de la IA y la gesti\u00f3n en comunicaci\u00f3n social, fue firmado en la noche de este martes entre los titulares del <a href=\"https:\/\/www.mincom.gob.cu\/es\"><mark style=\"background-color:rgba(0, 0, 0, 0)\" class=\"has-inline-color has-vivid-cyan-blue-color\">Ministerio de Comunicaciones de Cuba (MINCOM)<\/mark><\/a> y el Instituto de Informaci\u00f3n y Comunicaci\u00f3n Social (ICS), Mayra Arevich Mar\u00edn y Alfonso Noya Mart\u00ednez, respectivamente.<\/p>\n\n\n\n<p><blockquote class=\"embedly-card\" data-card-controls=\"1\" data-card-align=\"center\" data-card-theme=\"light\"><h4><a href=\"https:\/\/twitter.com\/MayraArevich\/status\/1915226173073981688?s=19\">Mayra Arevich Mar\u00edn \ud83c\udde8\ud83c\uddfa on X (formerly Twitter): \u00abFirmamos Convenio de Trabajo entre @MINCOMCuba y @IcsCuba, el cual fortalece las relaciones de colaboraci\u00f3n entre ambos organismos, para seguir avanzando de manera sostenible en la transformaci\u00f3n digital y la comunicaci\u00f3n social de la naci\u00f3n. #PorCubaJuntosCreamos pic.twitter.com\/tBr3J9MpTA \/ X\u00bb<\/a><\/h4><p>Firmamos Convenio de Trabajo entre @MINCOMCuba y @IcsCuba, el cual fortalece las relaciones de colaboraci\u00f3n entre ambos organismos, para seguir avanzando de manera sostenible en la transformaci\u00f3n digital y la comunicaci\u00f3n social de la naci\u00f3n. #PorCubaJuntosCreamos pic.twitter.com\/tBr3J9MpTA<\/p><\/blockquote><script async src=\"\/\/cdn.embedly.com\/widgets\/platform.js\" charset=\"UTF-8\"><\/script><\/p>\n\n\n\n<p>El Convenio es aplicable en el MINCOM, en el ICS y organizaciones atendidas, patrocinadas, adscritas y subordinadas y enfatiza en la preparaci\u00f3n de los cuadros, funcionarios y trabajadores, pues ambas instituciones cuentan con estructuras para atender los procesos de formaci\u00f3n y capacitaci\u00f3n de los profesionales y trabajadores vinculados al cumplimiento de sus misiones.  <\/p>\n\n\n<div class=\"wp-block-image\">\n<figure class=\"aligncenter size-full\"><img loading=\"lazy\" decoding=\"async\" width=\"1020\" height=\"460\" src=\"https:\/\/www.ics.gob.cu\/wp-content\/uploads\/2025\/04\/IMG-20250424-WA0006.jpg\" alt=\"\" class=\"wp-image-6979\" srcset=\"https:\/\/www.ics.gob.cu\/wp-content\/uploads\/2025\/04\/IMG-20250424-WA0006.jpg 1020w, https:\/\/www.ics.gob.cu\/wp-content\/uploads\/2025\/04\/IMG-20250424-WA0006-300x135.jpg 300w, https:\/\/www.ics.gob.cu\/wp-content\/uploads\/2025\/04\/IMG-20250424-WA0006-768x346.jpg 768w\" sizes=\"auto, (max-width: 1020px) 100vw, 1020px\" \/><\/figure>\n<\/div>\n\n\n<p>En ese sentido, cuenta con un Plan de Acciones conjuntas que se ejecutar\u00edan en el ICS, su Escuela Ramal y en las estructuras del sistema del MINCOM, para lo cual ser\u00e1 vital la coordinaci\u00f3n con universidades y empresas para el desarrollo de la Transformaci\u00f3n Digital, la participaci\u00f3n de especialistas, el intercambio y organizaci\u00f3n de cursos, seminarios y talleres, la participaci\u00f3n conjunta en eventos cient\u00edficos, entre otras acciones de alcance nacional e internacional que ser\u00e1n evaluadas peri\u00f3dicamente. <\/p>\n\n\n\n<p>La asesor\u00eda y preparaci\u00f3n para la adecuada implementaci\u00f3n de la Ley 162\/2023 \u201cDe Comunicaci\u00f3n Social\u201d y sus disposiciones normativas reglamentarias centra tambi\u00e9n la atenci\u00f3n de las acciones planificadas.<\/p>\n\n\n<div class=\"wp-block-image\">\n<figure class=\"aligncenter size-large\"><img loading=\"lazy\" decoding=\"async\" width=\"1024\" height=\"749\" src=\"https:\/\/www.ics.gob.cu\/wp-content\/uploads\/2025\/04\/IMG-20250424-WA0004-1024x749.jpg\" alt=\"\" class=\"wp-image-6981\" srcset=\"https:\/\/www.ics.gob.cu\/wp-content\/uploads\/2025\/04\/IMG-20250424-WA0004-1024x749.jpg 1024w, https:\/\/www.ics.gob.cu\/wp-content\/uploads\/2025\/04\/IMG-20250424-WA0004-300x219.jpg 300w, https:\/\/www.ics.gob.cu\/wp-content\/uploads\/2025\/04\/IMG-20250424-WA0004-768x562.jpg 768w, https:\/\/www.ics.gob.cu\/wp-content\/uploads\/2025\/04\/IMG-20250424-WA0004.jpg 1080w\" sizes=\"auto, (max-width: 1024px) 100vw, 1024px\" \/><\/figure>\n<\/div>\n\n\n<p>Tras la firma del Convenio, tuvo lugar un encuentro en el que participaron miembros de los Consejos de Direcci\u00f3n de ambos organismos. All\u00ed se evalu\u00f3 el camino a seguir para la implementaci\u00f3n en el ICS de la <a href=\"http:\/\/media.cubadebate.cu\/wp-content\/uploads\/2024\/06\/Politica_de_Transformacion_Digital_de_Cuba_Agenda_Digital_y_Estrategia.pdf\"><mark style=\"background-color:rgba(0, 0, 0, 0)\" class=\"has-inline-color has-vivid-cyan-blue-color\">Pol\u00edtica de Transformaci\u00f3n Digital y la Agenda Digital del pa\u00eds, la Estrategia para el uso de la Inteligencia Artificial (IA)<\/mark><\/a> y el acompa\u00f1amiento de la <a href=\"https:\/\/www.facebook.com\/share\/1KABXmLgzs\/\"><mark style=\"background-color:rgba(0, 0, 0, 0)\" class=\"has-inline-color has-vivid-cyan-blue-color\">Uni\u00f3n de Inform\u00e1ticos de Cuba (UIC)<\/mark><\/a> y las Universidades a las entidades.<\/p>\n\n\n\n<p>Temas como el gobierno electr\u00f3nico, la ciberseguridad, la generaci\u00f3n de contenidos digitales, la capacitaci\u00f3n, soberan\u00eda tecnol\u00f3gica, ciencia e innovaci\u00f3n, el an\u00e1lisis de datos, la gesti\u00f3n de documental, entre otros, centraron la atenci\u00f3n del intercambio en el que se realizaron diversas propuestas para estrechar los lazos y para el empleo del potencial humano especializado del MINCOM y sus entidades y empresas subordinadas a las propuestas realizadas por la Direcci\u00f3n de Transformaci\u00f3n Digital del ICS, reconoci\u00e9ndose su labor a pesar de tratarse de un nuevo organismo en el cual a\u00fan se perfeccionan sus flujos y procesos.<\/p>\n\n\n\n<p><blockquote class=\"embedly-card\" data-card-controls=\"1\" data-card-align=\"center\" data-card-theme=\"light\"><h4><a href=\"https:\/\/twitter.com\/MayraArevich\/status\/1915226439689097296?s=19\">Mayra Arevich Mar\u00edn \ud83c\udde8\ud83c\uddfa on X (formerly Twitter): \u00abParticipamos en el Consejo de Direcci\u00f3n del @IcsCuba donde se analiz\u00f3 la implementaci\u00f3n de la Pol\u00edtica para la #Transformaci\u00f3nDigital. El organismo avanza y propone una estrategia para el uso de la #InteligenciaArtificial en los medios de comunicaci\u00f3n en #Cuba. pic.twitter.com\/eXqDgWE9q8 \/ X\u00bb<\/a><\/h4><p>Participamos en el Consejo de Direcci\u00f3n del @IcsCuba donde se analiz\u00f3 la implementaci\u00f3n de la Pol\u00edtica para la #Transformaci\u00f3nDigital. El organismo avanza y propone una estrategia para el uso de la #InteligenciaArtificial en los medios de comunicaci\u00f3n en #Cuba. pic.twitter.com\/eXqDgWE9q8<\/p><\/blockquote><script async src=\"\/\/cdn.embedly.com\/widgets\/platform.js\" charset=\"UTF-8\"><\/script><\/p>\n\n\n\n<p>Se insisti\u00f3, asimismo, en el papel rector del ICS y cu\u00e1nto puede contribuir a la cultura digital de nuestro pueblo, para que se conozcan, se asuman y se adecuen correctamente las pol\u00edticas y estrategias aprobadas en relaci\u00f3n a la transformaci\u00f3n digital y el uso de la IA. Adem\u00e1s, se compartieron experiencias ya desarrolladas en algunos medios de comunicaci\u00f3n.<\/p>\n\n\n\n<p>Fue un encuentro de mucho aprendizaje, motivador, que enfatiz\u00f3 la importancia de la articulaci\u00f3n y el trabajo conjunto en pos de la transparencia, el di\u00e1logo y la participaci\u00f3n ciudadana mediante el uso de las nuevas tecnolog\u00edas, saberes compartidos que debemos seguir construyendo.<\/p>\n<div class=\"pld-like-dislike-wrap pld-template-1\">\r\n    <div class=\"pld-like-wrap  pld-common-wrap\">\r\n    <a href=\"javascript:void(0)\" class=\"pld-like-trigger pld-like-dislike-trigger\" title=\"\" data-post-id=\"6974\" data-trigger-type=\"like\" data-restriction=\"cookie\" data-already-liked=\"0\">\r\n                        <i class=\"fas fa-thumbs-up\"><\/i>\r\n                <\/a>\r\n    <span class=\"pld-like-count-wrap pld-count-wrap\">0    <\/span>\r\n<\/div><div class=\"pld-dislike-wrap  pld-common-wrap\">\r\n    <a href=\"javascript:void(0)\" class=\"pld-dislike-trigger pld-like-dislike-trigger\" title=\"\" data-post-id=\"6974\" data-trigger-type=\"dislike\" data-restriction=\"cookie\" data-already-liked=\"0\">\r\n                        <i class=\"fas fa-thumbs-down\"><\/i>\r\n                <\/a>\r\n    <span class=\"pld-dislike-count-wrap pld-count-wrap\">0<\/span>\r\n<\/div><\/div>","protected":false},"excerpt":{"rendered":"<p>Ministerio de Comunicaciones e Instituto de Informaci\u00f3n y Comunicaci\u00f3n Social firman Convenio de colaboraci\u00f3n para la transformaci\u00f3n digital, el uso de la IA y la gesti\u00f3n en comunicaci\u00f3n social. <\/p>","protected":false},"author":7,"featured_media":6976,"comment_status":"open","ping_status":"closed","sticky":false,"template":"","format":"standard","meta":{"_bbp_topic_count":0,"_bbp_reply_count":0,"_bbp_total_topic_count":0,"_bbp_total_reply_count":0,"_bbp_voice_count":0,"_bbp_anonymous_reply_count":0,"_bbp_topic_count_hidden":0,"_bbp_reply_count_hidden":0,"_bbp_forum_subforum_count":0,"_glsr_average":0,"_glsr_ranking":0,"_glsr_reviews":0,"footnotes":""},"categories":[10],"tags":[47,111,7,39,112,113],"class_list":["post-6974","post","type-post","status-publish","format-standard","has-post-thumbnail","hentry","category-nacionales","tag-comunicacion-social","tag-convenio","tag-cuba","tag-ics","tag-inteligencia-artificial","tag-transformacion-digital"],"acf":[],"_links":{"self":[{"href":"https:\/\/www.ics.gob.cu\/en\/wp-json\/wp\/v2\/posts\/6974","targetHints":{"allow":["GET"]}}],"collection":[{"href":"https:\/\/www.ics.gob.cu\/en\/wp-json\/wp\/v2\/posts"}],"about":[{"href":"https:\/\/www.ics.gob.cu\/en\/wp-json\/wp\/v2\/types\/post"}],"author":[{"embeddable":true,"href":"https:\/\/www.ics.gob.cu\/en\/wp-json\/wp\/v2\/users\/7"}],"replies":[{"embeddable":true,"href":"https:\/\/www.ics.gob.cu\/en\/wp-json\/wp\/v2\/comments?post=6974"}],"version-history":[{"count":5,"href":"https:\/\/www.ics.gob.cu\/en\/wp-json\/wp\/v2\/posts\/6974\/revisions"}],"predecessor-version":[{"id":6986,"href":"https:\/\/www.ics.gob.cu\/en\/wp-json\/wp\/v2\/posts\/6974\/revisions\/6986"}],"wp:featuredmedia":[{"embeddable":true,"href":"https:\/\/www.ics.gob.cu\/en\/wp-json\/wp\/v2\/media\/6976"}],"wp:attachment":[{"href":"https:\/\/www.ics.gob.cu\/en\/wp-json\/wp\/v2\/media?parent=6974"}],"wp:term":[{"taxonomy":"category","embeddable":true,"href":"https:\/\/www.ics.gob.cu\/en\/wp-json\/wp\/v2\/categories?post=6974"},{"taxonomy":"post_tag","embeddable":true,"href":"https:\/\/www.ics.gob.cu\/en\/wp-json\/wp\/v2\/tags?post=6974"}],"curies":[{"name":"wp","href":"https:\/\/api.w.org\/{rel}","templated":true}]}}