{"id":6997,"date":"2025-04-25T02:52:53","date_gmt":"2025-04-25T02:52:53","guid":{"rendered":"https:\/\/www.ics.gob.cu\/?p=6997"},"modified":"2025-04-25T15:52:08","modified_gmt":"2025-04-25T15:52:08","slug":"la-comunicacion-social-herramienta-estrategica-para-el-posicionamiento-de-cuba-como-destino-de-salud","status":"publish","type":"post","link":"https:\/\/www.ics.gob.cu\/en\/la-comunicacion-social-herramienta-estrategica-para-el-posicionamiento-de-cuba-como-destino-de-salud\/","title":{"rendered":"La Comunicaci\u00f3n Social: herramienta estrat\u00e9gica para el posicionamiento de Cuba como destino\u00a0de\u00a0salud"},"content":{"rendered":"<div class=\"pdfprnt-buttons pdfprnt-buttons-post pdfprnt-top-right\"><a href=\"https:\/\/www.ics.gob.cu\/en\/wp-json\/wp\/v2\/posts\/6997?print=print\" class=\"pdfprnt-button pdfprnt-button-print\" target=\"_blank\" ><img decoding=\"async\" src=\"https:\/\/www.ics.gob.cu\/wp-content\/plugins\/pdf-print\/images\/print.png\" alt=\"image_print\" title=\"Print Content\" \/><\/a><\/div>\n<p>El Instituto de Informaci\u00f3n y Comunicaci\u00f3n Social particip\u00f3 en el II Seminario Internacional de Turismo M\u00e9dico y Bienestar, desarrollado en el marco de FITSalud Cuba 2025. Este evento, considerado uno de los principales espacios de intercambio y actualizaci\u00f3n del sector, reuni\u00f3 a representantes de instituciones nacionales e internacionales, as\u00ed como a expertos en comunicaci\u00f3n social, dise\u00f1o, publicidad y turismo de salud.<\/p>\n\n\n\n<p>La jornada inaugural estuvo presidida por la Dra. Yamila de Armas \u00c1guila, presidenta de Servicios M\u00e9dicos Cubanos, quien resalt\u00f3 la importancia de continuar fortaleciendo el sistema de salud cubano y su proyecci\u00f3n internacional. Durante el evento, se abordaron temas clave relacionados con la innovaci\u00f3n, los desaf\u00edos actuales del turismo m\u00e9dico y el bienestar, y la integraci\u00f3n de la comunicaci\u00f3n social como herramienta estrat\u00e9gica para el posicionamiento de Cuba como destino de salud.<\/p>\n\n\n\n<figure class=\"wp-block-image size-large\"><img loading=\"lazy\" decoding=\"async\" width=\"1024\" height=\"682\" src=\"https:\/\/www.ics.gob.cu\/wp-content\/uploads\/2025\/04\/Imagen-de-WhatsApp-2025-04-24-a-las-21.48.55_91a4be8d-1024x682.jpg\" alt=\"\" class=\"wp-image-7000\" srcset=\"https:\/\/www.ics.gob.cu\/wp-content\/uploads\/2025\/04\/Imagen-de-WhatsApp-2025-04-24-a-las-21.48.55_91a4be8d-1024x682.jpg 1024w, https:\/\/www.ics.gob.cu\/wp-content\/uploads\/2025\/04\/Imagen-de-WhatsApp-2025-04-24-a-las-21.48.55_91a4be8d-300x200.jpg 300w, https:\/\/www.ics.gob.cu\/wp-content\/uploads\/2025\/04\/Imagen-de-WhatsApp-2025-04-24-a-las-21.48.55_91a4be8d-768x512.jpg 768w, https:\/\/www.ics.gob.cu\/wp-content\/uploads\/2025\/04\/Imagen-de-WhatsApp-2025-04-24-a-las-21.48.55_91a4be8d-1536x1023.jpg 1536w, https:\/\/www.ics.gob.cu\/wp-content\/uploads\/2025\/04\/Imagen-de-WhatsApp-2025-04-24-a-las-21.48.55_91a4be8d.jpg 1600w\" sizes=\"auto, (max-width: 1024px) 100vw, 1024px\" \/><\/figure>\n\n\n\n<p>El Instituto tuvo la oportunidad de participar en paneles y sesiones de debate donde se analizaron las tendencias globales en la comercializaci\u00f3n del turismo de salud, el papel del dise\u00f1o en la promoci\u00f3n de servicios m\u00e9dicos, y la relevancia de una publicidad \u00e9tica y responsable en el sector. Se destac\u00f3, adem\u00e1s, la importancia de la colaboraci\u00f3n interinstitucional para el desarrollo de estrategias de comunicaci\u00f3n que contribuyan a la sostenibilidad y competitividad del turismo m\u00e9dico cubano.<\/p>\n\n\n\n<figure class=\"wp-block-image size-large\"><img loading=\"lazy\" decoding=\"async\" width=\"1024\" height=\"682\" src=\"https:\/\/www.ics.gob.cu\/wp-content\/uploads\/2025\/04\/Imagen-de-WhatsApp-2025-04-24-a-las-21.48.56_ca6e3dfa-1024x682.jpg\" alt=\"\" class=\"wp-image-7001\" srcset=\"https:\/\/www.ics.gob.cu\/wp-content\/uploads\/2025\/04\/Imagen-de-WhatsApp-2025-04-24-a-las-21.48.56_ca6e3dfa-1024x682.jpg 1024w, https:\/\/www.ics.gob.cu\/wp-content\/uploads\/2025\/04\/Imagen-de-WhatsApp-2025-04-24-a-las-21.48.56_ca6e3dfa-300x200.jpg 300w, https:\/\/www.ics.gob.cu\/wp-content\/uploads\/2025\/04\/Imagen-de-WhatsApp-2025-04-24-a-las-21.48.56_ca6e3dfa-768x512.jpg 768w, https:\/\/www.ics.gob.cu\/wp-content\/uploads\/2025\/04\/Imagen-de-WhatsApp-2025-04-24-a-las-21.48.56_ca6e3dfa-1536x1023.jpg 1536w, https:\/\/www.ics.gob.cu\/wp-content\/uploads\/2025\/04\/Imagen-de-WhatsApp-2025-04-24-a-las-21.48.56_ca6e3dfa.jpg 1600w\" sizes=\"auto, (max-width: 1024px) 100vw, 1024px\" \/><\/figure>\n\n\n\n<p>\u201cEl fortalecimiento del marco normativo cubano, en materia de Comunicaci\u00f3n Social, representa un avance significativo para impulsar el desarrollo cultural, econ\u00f3mico y social del pa\u00eds. En \u00e9l se legitiman y ordenan pr\u00e1cticas comunicativas como la Publicidad y el Patrocinio\u201d \u2013 as\u00ed recalc\u00f3 la Directora General de Publicidad y patrocinio del ICS, Xenia L\u00f3pez, durante su participaci\u00f3n en el II Seminario Internacional de Turismo M\u00e9dico y Bienestar.<\/p>\n\n\n\n<p>En su intervenci\u00f3n, L\u00f3pez subray\u00f3 las oportunidades que brinda este entorno legal para garantizar la transparencia, la veracidad y la \u00e9tica en la promoci\u00f3n de los productos y servicios, as\u00ed como en el fortalecimiento de Cuba como un destino seguro y competitivo.<\/p>\n\n\n\n<figure class=\"wp-block-image size-large\"><img loading=\"lazy\" decoding=\"async\" width=\"1024\" height=\"642\" src=\"https:\/\/www.ics.gob.cu\/wp-content\/uploads\/2025\/04\/Imagen-de-WhatsApp-2025-04-24-a-las-21.48.57_b61d5014-1024x642.jpg\" alt=\"\" class=\"wp-image-7002\" srcset=\"https:\/\/www.ics.gob.cu\/wp-content\/uploads\/2025\/04\/Imagen-de-WhatsApp-2025-04-24-a-las-21.48.57_b61d5014-1024x642.jpg 1024w, https:\/\/www.ics.gob.cu\/wp-content\/uploads\/2025\/04\/Imagen-de-WhatsApp-2025-04-24-a-las-21.48.57_b61d5014-300x188.jpg 300w, https:\/\/www.ics.gob.cu\/wp-content\/uploads\/2025\/04\/Imagen-de-WhatsApp-2025-04-24-a-las-21.48.57_b61d5014-768x481.jpg 768w, https:\/\/www.ics.gob.cu\/wp-content\/uploads\/2025\/04\/Imagen-de-WhatsApp-2025-04-24-a-las-21.48.57_b61d5014.jpg 1080w\" sizes=\"auto, (max-width: 1024px) 100vw, 1024px\" \/><\/figure>\n\n\n\n<p>FITSalud Cuba 2025 permiti\u00f3 el intercambio de experiencias y buenas pr\u00e1cticas con especialistas y entidades de diversos pa\u00edses, as\u00ed como la identificaci\u00f3n de nuevas oportunidades para fortalecer la marca pa\u00eds y la promoci\u00f3n internacional de los servicios m\u00e9dicos y de bienestar de Cuba.<\/p>\n<div class=\"pld-like-dislike-wrap pld-template-1\">\r\n    <div class=\"pld-like-wrap  pld-common-wrap\">\r\n    <a href=\"javascript:void(0)\" class=\"pld-like-trigger pld-like-dislike-trigger\" title=\"\" data-post-id=\"6997\" data-trigger-type=\"like\" data-restriction=\"cookie\" data-already-liked=\"0\">\r\n                        <i class=\"fas fa-thumbs-up\"><\/i>\r\n                <\/a>\r\n    <span class=\"pld-like-count-wrap pld-count-wrap\">4    <\/span>\r\n<\/div><div class=\"pld-dislike-wrap  pld-common-wrap\">\r\n    <a href=\"javascript:void(0)\" class=\"pld-dislike-trigger pld-like-dislike-trigger\" title=\"\" data-post-id=\"6997\" data-trigger-type=\"dislike\" data-restriction=\"cookie\" data-already-liked=\"0\">\r\n                        <i class=\"fas fa-thumbs-down\"><\/i>\r\n                <\/a>\r\n    <span class=\"pld-dislike-count-wrap pld-count-wrap\">0<\/span>\r\n<\/div><\/div>","protected":false},"excerpt":{"rendered":"<p>El Instituto de Informaci\u00f3n y Comunicaci\u00f3n Social particip\u00f3 en el II Seminario Internacional de Turismo M\u00e9dico y Bienestar, desarrollado en el marco de FITSalud Cuba 2025. Este evento, considerado uno de los principales espacios de intercambio y actualizaci\u00f3n del sector, reuni\u00f3 a representantes de instituciones nacionales e internacionales, as\u00ed como a expertos en comunicaci\u00f3n social, [&hellip;]<\/p>\n","protected":false},"author":7,"featured_media":6998,"comment_status":"open","ping_status":"closed","sticky":false,"template":"","format":"standard","meta":{"_bbp_topic_count":0,"_bbp_reply_count":0,"_bbp_total_topic_count":0,"_bbp_total_reply_count":0,"_bbp_voice_count":0,"_bbp_anonymous_reply_count":0,"_bbp_topic_count_hidden":0,"_bbp_reply_count_hidden":0,"_bbp_forum_subforum_count":0,"_glsr_average":0,"_glsr_ranking":0,"_glsr_reviews":0,"footnotes":""},"categories":[10],"tags":[47],"class_list":["post-6997","post","type-post","status-publish","format-standard","has-post-thumbnail","hentry","category-nacionales","tag-comunicacion-social"],"acf":[],"_links":{"self":[{"href":"https:\/\/www.ics.gob.cu\/en\/wp-json\/wp\/v2\/posts\/6997","targetHints":{"allow":["GET"]}}],"collection":[{"href":"https:\/\/www.ics.gob.cu\/en\/wp-json\/wp\/v2\/posts"}],"about":[{"href":"https:\/\/www.ics.gob.cu\/en\/wp-json\/wp\/v2\/types\/post"}],"author":[{"embeddable":true,"href":"https:\/\/www.ics.gob.cu\/en\/wp-json\/wp\/v2\/users\/7"}],"replies":[{"embeddable":true,"href":"https:\/\/www.ics.gob.cu\/en\/wp-json\/wp\/v2\/comments?post=6997"}],"version-history":[{"count":3,"href":"https:\/\/www.ics.gob.cu\/en\/wp-json\/wp\/v2\/posts\/6997\/revisions"}],"predecessor-version":[{"id":7006,"href":"https:\/\/www.ics.gob.cu\/en\/wp-json\/wp\/v2\/posts\/6997\/revisions\/7006"}],"wp:featuredmedia":[{"embeddable":true,"href":"https:\/\/www.ics.gob.cu\/en\/wp-json\/wp\/v2\/media\/6998"}],"wp:attachment":[{"href":"https:\/\/www.ics.gob.cu\/en\/wp-json\/wp\/v2\/media?parent=6997"}],"wp:term":[{"taxonomy":"category","embeddable":true,"href":"https:\/\/www.ics.gob.cu\/en\/wp-json\/wp\/v2\/categories?post=6997"},{"taxonomy":"post_tag","embeddable":true,"href":"https:\/\/www.ics.gob.cu\/en\/wp-json\/wp\/v2\/tags?post=6997"}],"curies":[{"name":"wp","href":"https:\/\/api.w.org\/{rel}","templated":true}]}}