{"id":7008,"date":"2025-04-29T02:20:09","date_gmt":"2025-04-29T02:20:09","guid":{"rendered":"https:\/\/www.ics.gob.cu\/?p=7008"},"modified":"2025-04-29T02:43:47","modified_gmt":"2025-04-29T02:43:47","slug":"desde-el-ics-tenemos-miles-de-razones-para-celebrar-el-primero-de-mayo","status":"publish","type":"post","link":"https:\/\/www.ics.gob.cu\/en\/desde-el-ics-tenemos-miles-de-razones-para-celebrar-el-primero-de-mayo\/","title":{"rendered":"Desde el ICS, tenemos miles de razones para celebrar el Primero de Mayo"},"content":{"rendered":"<div class=\"pdfprnt-buttons pdfprnt-buttons-post pdfprnt-top-right\"><a href=\"https:\/\/www.ics.gob.cu\/en\/wp-json\/wp\/v2\/posts\/7008?print=print\" class=\"pdfprnt-button pdfprnt-button-print\" target=\"_blank\" ><img decoding=\"async\" src=\"https:\/\/www.ics.gob.cu\/wp-content\/plugins\/pdf-print\/images\/print.png\" alt=\"image_print\" title=\"Print Content\" \/><\/a><\/div>\n<p>En Cuba, a diferencia de otros pa\u00edses, el primero de mayo es una verdadera celebraci\u00f3n, un d\u00eda de intercambio, de alegr\u00eda, porque reconocemos lo que nos tra\u00eddo hasta aqu\u00ed y no estamos dispuesto a que venga nadie de afuera a arrebat\u00e1rnoslo. Porque somos y seremos los cubanos, los de adentro y los que desde afuera se sienten patriotas y defienden nuestra soberan\u00eda, as\u00ed como los millones de amigos y amigas que tenemos en todo el mundo, los verdaderos, los \u00fanicos con derecho a decidir qu\u00e9 camino seguir construyendo, seguir defendiendo y qu\u00e9 obra seguir enalteciendo.<\/p>\n\n\n\n<p>Porque estamos claros de los problemas internos que tenemos y de que nos toca con unidad, entrega, compromiso, eficiencia y creatividad, enfrentarlos, perfeccionar nuestro proceso y seguir construyendo la sociedad m\u00e1s justa posible \u201ccon todos y para el bien de todos\u201d, con el ser humano como centro.<\/p>\n\n\n<div class=\"wp-block-image\">\n<figure class=\"aligncenter size-full is-resized\"><img loading=\"lazy\" decoding=\"async\" width=\"878\" height=\"638\" src=\"https:\/\/www.ics.gob.cu\/wp-content\/uploads\/2025\/04\/meme.jpeg\" alt=\"\" class=\"wp-image-7014\" style=\"width:464px;height:auto\" srcset=\"https:\/\/www.ics.gob.cu\/wp-content\/uploads\/2025\/04\/meme.jpeg 878w, https:\/\/www.ics.gob.cu\/wp-content\/uploads\/2025\/04\/meme-300x218.jpeg 300w, https:\/\/www.ics.gob.cu\/wp-content\/uploads\/2025\/04\/meme-768x558.jpeg 768w\" sizes=\"auto, (max-width: 878px) 100vw, 878px\" \/><\/figure>\n<\/div>\n\n\n<p>Porque ser libres y soberanos no es una consigna, es parte de nuestra esencia como naci\u00f3n, como hombres y mujeres dignos nacidos en una tierra rebelde y heroica. Por eso, si este d\u00eda tuvi\u00e9ramos alg\u00fan reclamo, ser\u00eda en primer lugar, con nosotros mismos y a trav\u00e9s de nuestros sindicatos, de las genuinas organizaciones a las que pertenecemos y ese ser\u00eda repensarnos, renovarnos, tener un papel m\u00e1s activo en la productividad, en hacer bien lo que a cada cual le corresponde en su pedacito y contribuir a la formaci\u00f3n de valores laborales, patri\u00f3ticos y morales, y despojarnos de formalismos, viejas mentalidades, paternalismos, igualitarismos, gratuidades excesivas, subsidios indebidos e inmovilismos ante problemas que afectan a todos.<br><br>En medio de la actualizaci\u00f3n de nuestro modelo econ\u00f3mico cubano, de correcciones necesarias para reimpulsar la econom\u00eda, somos los trabajadores cubanos los \u00fanicos protagonistas y responsables de la obra que se gesta.<\/p>\n\n\n\n<p>Por eso, este primero de mayo estaremos en las Plazas de toda Cuba. Los que pertenecemos al Instituto de Informaci\u00f3n y Comunicaci\u00f3n Social no solo desfilaremos, sino que tendremos, desde el anonimato y la entrega absoluta, la alta responsabilidad de transmitir lo que pase este d\u00eda al mundo, por la se\u00f1al de la radio y la TV, por las m\u00e1s diversas plataformas digitales con las que contamos, que no son pocas y all\u00ed estar\u00e1n nuestra verdad, imperfecta s\u00ed, pero la nuestra.<\/p>\n\n\n<div class=\"wp-block-image\">\n<figure class=\"aligncenter size-large is-resized\"><img loading=\"lazy\" decoding=\"async\" width=\"1024\" height=\"731\" src=\"https:\/\/www.ics.gob.cu\/wp-content\/uploads\/2025\/04\/postal-1024x731.jpeg\" alt=\"\" class=\"wp-image-7016\" style=\"width:544px;height:auto\" srcset=\"https:\/\/www.ics.gob.cu\/wp-content\/uploads\/2025\/04\/postal-1024x731.jpeg 1024w, https:\/\/www.ics.gob.cu\/wp-content\/uploads\/2025\/04\/postal-300x214.jpeg 300w, https:\/\/www.ics.gob.cu\/wp-content\/uploads\/2025\/04\/postal-768x548.jpeg 768w, https:\/\/www.ics.gob.cu\/wp-content\/uploads\/2025\/04\/postal-1536x1096.jpeg 1536w, https:\/\/www.ics.gob.cu\/wp-content\/uploads\/2025\/04\/postal.jpeg 1600w\" sizes=\"auto, (max-width: 1024px) 100vw, 1024px\" \/><\/figure>\n<\/div>\n\n\n<p>Nos vemos en las plazas de todo el pa\u00eds, claro est\u00e1, y en la producci\u00f3n, en los servicios, en las comunidades, en nuestras cabinas, estudios, salas de grabaci\u00f3n y transmisi\u00f3n, redacciones period\u00edsticas, donde m\u00e1s se necesite, eso hacemos los revolucionarios verdaderos. En las horas que nos quedan para el amanecer de Mayo, celebremos tambi\u00e9n, con nuestros colectivos, hablemos de razones, de motivaciones, de sue\u00f1os compartidos y desaf\u00edos comunes, de lo que nos une y que est\u00e1 por encima de todo, todos y todas. Convoquemos a concentrarnos ac\u00e1, en este mismo escenario desde la noche anterior.<\/p>\n\n\n\n<p>\u201cHay una raz\u00f3n que nos asiste y es m\u00e1s poderosa que todas: somos cubanos y eso implica un deber\u201d, dir\u00eda Fidel en su alegato de autodefensa \u00abLa Historia Me Absolver\u00e1\u00bb y hace 25 a\u00f1os, en su concepto de Revoluci\u00f3n nos llam\u00f3 a tener \u201csentido del momento hist\u00f3rico\u201d, juramento que firmamos y que nos lleva tambi\u00e9n como fuerza tel\u00farica a celebrar este D\u00eda Internacional de los Trabajadores.<\/p>\n\n\n\n<p>Hag\u00e1moslo por Cuba, por la obra que nos ha tra\u00eddo hasta aqu\u00ed, por lo que nos queda por construir, por el mundo mejor que so\u00f1amos y merecemos, por nosotros mismos, por nuestras familias, por el futuro.<\/p>\n<div class=\"pld-like-dislike-wrap pld-template-1\">\r\n    <div class=\"pld-like-wrap  pld-common-wrap\">\r\n    <a href=\"javascript:void(0)\" class=\"pld-like-trigger pld-like-dislike-trigger\" title=\"\" data-post-id=\"7008\" data-trigger-type=\"like\" data-restriction=\"cookie\" data-already-liked=\"0\">\r\n                        <i class=\"fas fa-thumbs-up\"><\/i>\r\n                <\/a>\r\n    <span class=\"pld-like-count-wrap pld-count-wrap\">0    <\/span>\r\n<\/div><div class=\"pld-dislike-wrap  pld-common-wrap\">\r\n    <a href=\"javascript:void(0)\" class=\"pld-dislike-trigger pld-like-dislike-trigger\" title=\"\" data-post-id=\"7008\" data-trigger-type=\"dislike\" data-restriction=\"cookie\" data-already-liked=\"0\">\r\n                        <i class=\"fas fa-thumbs-down\"><\/i>\r\n                <\/a>\r\n    <span class=\"pld-dislike-count-wrap pld-count-wrap\">0<\/span>\r\n<\/div><\/div>","protected":false},"excerpt":{"rendered":"<p>En Cuba, a diferencia de otros pa\u00edses, el primero de mayo es una verdadera celebraci\u00f3n, un d\u00eda de intercambio, de alegr\u00eda, porque reconocemos lo que nos tra\u00eddo hasta aqu\u00ed y no estamos dispuesto a que venga nadie de afuera a arrebat\u00e1rnoslo. Porque somos y seremos los cubanos, los de adentro y los que desde afuera [&hellip;]<\/p>\n","protected":false},"author":8,"featured_media":7011,"comment_status":"open","ping_status":"closed","sticky":false,"template":"","format":"standard","meta":{"_bbp_topic_count":0,"_bbp_reply_count":0,"_bbp_total_topic_count":0,"_bbp_total_reply_count":0,"_bbp_voice_count":0,"_bbp_anonymous_reply_count":0,"_bbp_topic_count_hidden":0,"_bbp_reply_count_hidden":0,"_bbp_forum_subforum_count":0,"_glsr_average":0,"_glsr_ranking":0,"_glsr_reviews":0,"footnotes":""},"categories":[10],"tags":[7,63,39,67,64,76],"class_list":["post-7008","post","type-post","status-publish","format-standard","has-post-thumbnail","hentry","category-nacionales","tag-cuba","tag-fidel-castro","tag-ics","tag-radio-cubana","tag-revolucion-cubana","tag-television-cubana"],"acf":[],"_links":{"self":[{"href":"https:\/\/www.ics.gob.cu\/en\/wp-json\/wp\/v2\/posts\/7008","targetHints":{"allow":["GET"]}}],"collection":[{"href":"https:\/\/www.ics.gob.cu\/en\/wp-json\/wp\/v2\/posts"}],"about":[{"href":"https:\/\/www.ics.gob.cu\/en\/wp-json\/wp\/v2\/types\/post"}],"author":[{"embeddable":true,"href":"https:\/\/www.ics.gob.cu\/en\/wp-json\/wp\/v2\/users\/8"}],"replies":[{"embeddable":true,"href":"https:\/\/www.ics.gob.cu\/en\/wp-json\/wp\/v2\/comments?post=7008"}],"version-history":[{"count":3,"href":"https:\/\/www.ics.gob.cu\/en\/wp-json\/wp\/v2\/posts\/7008\/revisions"}],"predecessor-version":[{"id":7017,"href":"https:\/\/www.ics.gob.cu\/en\/wp-json\/wp\/v2\/posts\/7008\/revisions\/7017"}],"wp:featuredmedia":[{"embeddable":true,"href":"https:\/\/www.ics.gob.cu\/en\/wp-json\/wp\/v2\/media\/7011"}],"wp:attachment":[{"href":"https:\/\/www.ics.gob.cu\/en\/wp-json\/wp\/v2\/media?parent=7008"}],"wp:term":[{"taxonomy":"category","embeddable":true,"href":"https:\/\/www.ics.gob.cu\/en\/wp-json\/wp\/v2\/categories?post=7008"},{"taxonomy":"post_tag","embeddable":true,"href":"https:\/\/www.ics.gob.cu\/en\/wp-json\/wp\/v2\/tags?post=7008"}],"curies":[{"name":"wp","href":"https:\/\/api.w.org\/{rel}","templated":true}]}}