{"id":7026,"date":"2025-05-02T13:49:24","date_gmt":"2025-05-02T13:49:24","guid":{"rendered":"https:\/\/www.ics.gob.cu\/?p=7026"},"modified":"2025-05-02T13:55:30","modified_gmt":"2025-05-02T13:55:30","slug":"aboga-cuba-por-un-futuro-audiovisual-mas-inclusivo-creativo-y-humano","status":"publish","type":"post","link":"https:\/\/www.ics.gob.cu\/en\/aboga-cuba-por-un-futuro-audiovisual-mas-inclusivo-creativo-y-humano\/","title":{"rendered":"Aboga Cuba por un futuro audiovisual m\u00e1s inclusivo, creativo y humano"},"content":{"rendered":"<div class=\"pdfprnt-buttons pdfprnt-buttons-post pdfprnt-top-right\"><a href=\"https:\/\/www.ics.gob.cu\/en\/wp-json\/wp\/v2\/posts\/7026?print=print\" class=\"pdfprnt-button pdfprnt-button-print\" target=\"_blank\" ><img decoding=\"async\" src=\"https:\/\/www.ics.gob.cu\/wp-content\/plugins\/pdf-print\/images\/print.png\" alt=\"image_print\" title=\"Print Content\" \/><\/a><\/div>\n<p><\/p>\n\n\n\n<p>\u201cEn un mundo donde la tecnolog\u00eda avanza a velocidad vertiginosa, pero las desigualdades persisten, los medios de comunicaci\u00f3n tienen un doble desaf\u00edo: innovar sin dejar a nadie atr\u00e1s y entretener sin perder la esencia cultural\u201d. <\/p>\n\n\n\n<p> As\u00ed lo asegur\u00f3 este viernes la vicepresidente del Instituto de Informaci\u00f3n y Comunicaci\u00f3n Social (ICS), Belkys P\u00e9rez Cruz, al intervenir en el Di\u00e1logo Global de Medios que tuvo lugar en el Centro de Convenciones Jio, de la ciudad de Mumbai, en la India.<\/p>\n\n\n\n<p>Durante el encuentro &#8211; al que asisten representantes de unos 30 pa\u00edses y forma parte de la Cumbre Mundial de Audiovisual y entretenimiento WAVES 2025 \u2013 P\u00e9rez Cruz precis\u00f3 que la desinformaci\u00f3n y la manipulaci\u00f3n medi\u00e1tica amenazan la soberan\u00eda de las naciones y la paz global y por eso, \u201cCuba levanta su voz para defender un periodismo \u00e9tico, veraz y comprometido con los derechos de nuestros pueblos\u201d. <\/p>\n\n\n\n<p> Afirm\u00f3 que en un contexto mundial donde se imponen narrativas hegem\u00f3nicas, en la Mayor de las Antillas se considera que la informaci\u00f3n no puede ser un privilegio ni un arma de dominaci\u00f3n, sino un derecho ciudadano y los medios de comunicaci\u00f3n deben servir a la educaci\u00f3n, a la verdad y a la unidad entre los pueblos, no a los intereses de las \u00e9lites.  <\/p>\n\n\n\n<figure class=\"wp-block-image size-large\"><img loading=\"lazy\" decoding=\"async\" width=\"1024\" height=\"768\" src=\"https:\/\/www.ics.gob.cu\/wp-content\/uploads\/2025\/05\/1000303613-1024x768.jpg\" alt=\"\" class=\"wp-image-7027\" srcset=\"https:\/\/www.ics.gob.cu\/wp-content\/uploads\/2025\/05\/1000303613-1024x768.jpg 1024w, https:\/\/www.ics.gob.cu\/wp-content\/uploads\/2025\/05\/1000303613-300x225.jpg 300w, https:\/\/www.ics.gob.cu\/wp-content\/uploads\/2025\/05\/1000303613-768x576.jpg 768w, https:\/\/www.ics.gob.cu\/wp-content\/uploads\/2025\/05\/1000303613.jpg 1080w\" sizes=\"auto, (max-width: 1024px) 100vw, 1024px\" \/><\/figure>\n\n\n\n<p>Record\u00f3 que la mente humana es el nuevo territorio a conquistar y por eso nos desinforman, nos manipulan y provocan que se generen discursos de odio que buscan deshumanizar o disminuirnos para influir en la toma de decisiones y controlar los pensamientos.<\/p>\n\n\n\n<p>\u201cEl Sur Global ha sido hist\u00f3ricamente silenciado o caricaturizado por los grandes monopolios de la informaci\u00f3n. Desde Cuba, pa\u00eds bloqueado econ\u00f3mica, comercial y financieramente por el gobierno de los Estados Unidos e incluido injustamente en una lista de paises que supuestamente patrocina el terrorismo, nos oponemos a la estigmatizaci\u00f3n contra naciones que defienden su soberan\u00eda y condenamos la proliferaci\u00f3n de las \u00abfake news\u00bb que justifican intervenciones imperialistas, como las sufridas por nuestro pa\u00eds, Venezuela o Palestina\u201d, resalt\u00f3.  <\/p>\n\n\n\n<p>La vicepresidenta del ICS hizo referencia tambi\u00e9n a c\u00f3mo los avances en inteligencia artificial, streaming y realidad virtual est\u00e1n revolucionando la industria y abog\u00f3 por que la tecnolog\u00eda no sea un fin en s\u00ed misma, \u201csino una herramienta para amplificar voces marginadas, preservar lenguas y tradiciones en riesgo y crear contenido accesible para personas en situaci\u00f3n de discapacidad\u201d.<\/p>\n\n\n\n<figure class=\"wp-block-image size-large\"><img loading=\"lazy\" decoding=\"async\" width=\"1024\" height=\"768\" src=\"https:\/\/www.ics.gob.cu\/wp-content\/uploads\/2025\/05\/1000303616-1024x768.jpg\" alt=\"\" class=\"wp-image-7028\" srcset=\"https:\/\/www.ics.gob.cu\/wp-content\/uploads\/2025\/05\/1000303616-1024x768.jpg 1024w, https:\/\/www.ics.gob.cu\/wp-content\/uploads\/2025\/05\/1000303616-300x225.jpg 300w, https:\/\/www.ics.gob.cu\/wp-content\/uploads\/2025\/05\/1000303616-768x576.jpg 768w, https:\/\/www.ics.gob.cu\/wp-content\/uploads\/2025\/05\/1000303616.jpg 1080w\" sizes=\"auto, (max-width: 1024px) 100vw, 1024px\" \/><\/figure>\n\n\n\n<p>Llam\u00f3, adem\u00e1s, a fomentar debates \u00e9ticos y culturales entre nuestras nacionales para definir los mejores caminos en la articulaci\u00f3n tecnol\u00f3gica de las sociedades, bajo la garant\u00eda de que se preserven sus valores fundamentales, para lo cual desarrollar marcos legales, ser\u00e1 primordial.<\/p>\n\n\n\n<p>Asimismo, agradeci\u00f3 en nombre del ICS al pa\u00eds anfitri\u00f3n por acoger este crucial Di\u00e1logo Mundial de Medios, un espacio para reflexionar sobre el poder de la comunicaci\u00f3n en la construcci\u00f3n de un mundo m\u00e1s justo y equitativo. <\/p>\n\n\n\n<p>Casi al finalizar sus palabras, Belkys P\u00e9rez Cruz convoc\u00f3 a una mejor cooperaci\u00f3n global, entre gobiernos, empresas y organizaciones internacionales, crucial para construir un futuro en beneficio de todos, bajo preceptos cada vez m\u00e1s inclusivos y sostenibles. \u201cPromovamos narrativas que fomenten el di\u00e1logo intercultural y produzcamos entretenimiento con valores humanos. <\/p>\n\n\n\n<p>En la era de los algoritmos corremos el riesgo de que las plataformas nos encierren en burbujas. Podemos tender puentes o levantar muros. Cuba elige construir puentes y trabajar juntos por un futuro audiovisual m\u00e1s inclusivo, creativo y humano\u201d, concluy\u00f3.<\/p>\n<div class=\"pld-like-dislike-wrap pld-template-1\">\r\n    <div class=\"pld-like-wrap  pld-common-wrap\">\r\n    <a href=\"javascript:void(0)\" class=\"pld-like-trigger pld-like-dislike-trigger\" title=\"\" data-post-id=\"7026\" data-trigger-type=\"like\" data-restriction=\"cookie\" data-already-liked=\"0\">\r\n                        <i class=\"fas fa-thumbs-up\"><\/i>\r\n                <\/a>\r\n    <span class=\"pld-like-count-wrap pld-count-wrap\">3    <\/span>\r\n<\/div><div class=\"pld-dislike-wrap  pld-common-wrap\">\r\n    <a href=\"javascript:void(0)\" class=\"pld-dislike-trigger pld-like-dislike-trigger\" title=\"\" data-post-id=\"7026\" data-trigger-type=\"dislike\" data-restriction=\"cookie\" data-already-liked=\"0\">\r\n                        <i class=\"fas fa-thumbs-down\"><\/i>\r\n                <\/a>\r\n    <span class=\"pld-dislike-count-wrap pld-count-wrap\">0<\/span>\r\n<\/div><\/div>","protected":false},"excerpt":{"rendered":"<p>\u201cEn un mundo donde la tecnolog\u00eda avanza a velocidad vertiginosa, pero las desigualdades persisten, los medios de comunicaci\u00f3n tienen un doble desaf\u00edo: innovar sin dejar a nadie atr\u00e1s y entretener sin perder la esencia cultural\u201d. As\u00ed lo asegur\u00f3 este viernes la vicepresidente del Instituto de Informaci\u00f3n y Comunicaci\u00f3n Social (ICS), Belkys P\u00e9rez Cruz, al intervenir [&hellip;]<\/p>\n","protected":false},"author":7,"featured_media":7024,"comment_status":"open","ping_status":"closed","sticky":false,"template":"","format":"standard","meta":{"_bbp_topic_count":0,"_bbp_reply_count":0,"_bbp_total_topic_count":0,"_bbp_total_reply_count":0,"_bbp_voice_count":0,"_bbp_anonymous_reply_count":0,"_bbp_topic_count_hidden":0,"_bbp_reply_count_hidden":0,"_bbp_forum_subforum_count":0,"_glsr_average":0,"_glsr_ranking":0,"_glsr_reviews":0,"footnotes":""},"categories":[11],"tags":[47,7,39],"class_list":["post-7026","post","type-post","status-publish","format-standard","has-post-thumbnail","hentry","category-internacionales","tag-comunicacion-social","tag-cuba","tag-ics"],"acf":[],"_links":{"self":[{"href":"https:\/\/www.ics.gob.cu\/en\/wp-json\/wp\/v2\/posts\/7026","targetHints":{"allow":["GET"]}}],"collection":[{"href":"https:\/\/www.ics.gob.cu\/en\/wp-json\/wp\/v2\/posts"}],"about":[{"href":"https:\/\/www.ics.gob.cu\/en\/wp-json\/wp\/v2\/types\/post"}],"author":[{"embeddable":true,"href":"https:\/\/www.ics.gob.cu\/en\/wp-json\/wp\/v2\/users\/7"}],"replies":[{"embeddable":true,"href":"https:\/\/www.ics.gob.cu\/en\/wp-json\/wp\/v2\/comments?post=7026"}],"version-history":[{"count":3,"href":"https:\/\/www.ics.gob.cu\/en\/wp-json\/wp\/v2\/posts\/7026\/revisions"}],"predecessor-version":[{"id":7031,"href":"https:\/\/www.ics.gob.cu\/en\/wp-json\/wp\/v2\/posts\/7026\/revisions\/7031"}],"wp:featuredmedia":[{"embeddable":true,"href":"https:\/\/www.ics.gob.cu\/en\/wp-json\/wp\/v2\/media\/7024"}],"wp:attachment":[{"href":"https:\/\/www.ics.gob.cu\/en\/wp-json\/wp\/v2\/media?parent=7026"}],"wp:term":[{"taxonomy":"category","embeddable":true,"href":"https:\/\/www.ics.gob.cu\/en\/wp-json\/wp\/v2\/categories?post=7026"},{"taxonomy":"post_tag","embeddable":true,"href":"https:\/\/www.ics.gob.cu\/en\/wp-json\/wp\/v2\/tags?post=7026"}],"curies":[{"name":"wp","href":"https:\/\/api.w.org\/{rel}","templated":true}]}}