{"id":7075,"date":"2025-05-05T02:08:49","date_gmt":"2025-05-05T02:08:49","guid":{"rendered":"https:\/\/www.ics.gob.cu\/?p=7075"},"modified":"2025-05-05T02:08:52","modified_gmt":"2025-05-05T02:08:52","slug":"confieren-premio-nacional-de-radio-2025-a-la-locutora-argelia-pera","status":"publish","type":"post","link":"https:\/\/www.ics.gob.cu\/en\/confieren-premio-nacional-de-radio-2025-a-la-locutora-argelia-pera\/","title":{"rendered":"Confieren Premio Nacional de Radio 2025 a la locutora Argelia Pera"},"content":{"rendered":"<div class=\"pdfprnt-buttons pdfprnt-buttons-post pdfprnt-top-right\"><a href=\"https:\/\/www.ics.gob.cu\/en\/wp-json\/wp\/v2\/posts\/7075?print=print\" class=\"pdfprnt-button pdfprnt-button-print\" target=\"_blank\" ><img decoding=\"async\" src=\"https:\/\/www.ics.gob.cu\/wp-content\/plugins\/pdf-print\/images\/print.png\" alt=\"image_print\" title=\"Print Content\" \/><\/a><\/div>\n<p>El Instituto de Informaci\u00f3n y Comunicaci\u00f3n Social otorg\u00f3 el Premio Nacional de Radio 2025 a la artista Argelia Pera Trapero, profesional de la locuci\u00f3n con m\u00e1s de 50 a\u00f1os de trayectoria en el medio radial y televisivo.<\/p>\n\n\n\n<p>Nacida en Santiago de Cuba, con apenas dos a\u00f1os su familia se traslad\u00f3 a La Habana por reclamos laborales de su padre: el inolvidable locutor Antonio Pera, y aqu\u00ed se gradu\u00f3 en un curso de capacitaci\u00f3n en el entonces Instituto Cubano de Radiodifusi\u00f3n.<\/p>\n\n\n\n<p>De excelencia en el buen decir, sus primeros pasos los dio en televisi\u00f3n, donde durante muchos a\u00f1os dej\u00f3 su impronta en la recordada Revista de la Ma\u00f1ana, pero fue desde la cabina de Radio Reloj donde Argelia Pera consolid\u00f3 su val\u00eda en el universo de las ondas, para convertirse en una de las voces distintivas de su espacio estelar El Matutino.<\/p>\n\n\n\n<p>La tambi\u00e9n Artista de M\u00e9rito de la Radio y la Televisi\u00f3n cubanas ha sido galardonada con la Distinci\u00f3n por la Cultura Nacional, la medalla F\u00e9lix Elmuza, que otorga la Uni\u00f3n de Periodistas de Cuba y el Microfono de la Radio cubana. Tiene una extensa obra como maestra de radialistas que emprenden el camino de la locuci\u00f3n en nuestro pa\u00eds.<\/p>\n\n\n\n<p>Argelia Pera, quien ahora es distinguida con el Premio Nacional de Radio 2025, se ha consagrado con talento y humildad a la emisora de la hora y las noticias, donde actualmente es miembro de su Consejo art\u00edstico y constituye un referente en la locuci\u00f3n cubana.<\/p>\n\n\n\n<p>El Premio Nacional de Radio 2025 le ser\u00e1 entregado a la querida locutora Argelia Pera en las actividades por el aniversario 103 de las primeras transmisiones continuadas de radio en Cuba.<\/p>\n<div class=\"pld-like-dislike-wrap pld-template-1\">\r\n    <div class=\"pld-like-wrap  pld-common-wrap\">\r\n    <a href=\"javascript:void(0)\" class=\"pld-like-trigger pld-like-dislike-trigger\" title=\"\" data-post-id=\"7075\" data-trigger-type=\"like\" data-restriction=\"cookie\" data-already-liked=\"0\">\r\n                        <i class=\"fas fa-thumbs-up\"><\/i>\r\n                <\/a>\r\n    <span class=\"pld-like-count-wrap pld-count-wrap\">2    <\/span>\r\n<\/div><div class=\"pld-dislike-wrap  pld-common-wrap\">\r\n    <a href=\"javascript:void(0)\" class=\"pld-dislike-trigger pld-like-dislike-trigger\" title=\"\" data-post-id=\"7075\" data-trigger-type=\"dislike\" data-restriction=\"cookie\" data-already-liked=\"0\">\r\n                        <i class=\"fas fa-thumbs-down\"><\/i>\r\n                <\/a>\r\n    <span class=\"pld-dislike-count-wrap pld-count-wrap\">0<\/span>\r\n<\/div><\/div>","protected":false},"excerpt":{"rendered":"<p>El Instituto de Informaci\u00f3n y Comunicaci\u00f3n Social otorg\u00f3 el Premio Nacional de Radio 2025 a la artista Argelia Pera Trapero, profesional de la locuci\u00f3n con m\u00e1s de 50 a\u00f1os de trayectoria en el medio radial y televisivo. Nacida en Santiago de Cuba, con apenas dos a\u00f1os su familia se traslad\u00f3 a La Habana por reclamos [&hellip;]<\/p>\n","protected":false},"author":7,"featured_media":7076,"comment_status":"open","ping_status":"closed","sticky":false,"template":"","format":"standard","meta":{"_bbp_topic_count":0,"_bbp_reply_count":0,"_bbp_total_topic_count":0,"_bbp_total_reply_count":0,"_bbp_voice_count":0,"_bbp_anonymous_reply_count":0,"_bbp_topic_count_hidden":0,"_bbp_reply_count_hidden":0,"_bbp_forum_subforum_count":0,"_glsr_average":0,"_glsr_ranking":0,"_glsr_reviews":0,"footnotes":""},"categories":[10],"tags":[47,7,39,67,76],"class_list":["post-7075","post","type-post","status-publish","format-standard","has-post-thumbnail","hentry","category-nacionales","tag-comunicacion-social","tag-cuba","tag-ics","tag-radio-cubana","tag-television-cubana"],"acf":[],"_links":{"self":[{"href":"https:\/\/www.ics.gob.cu\/en\/wp-json\/wp\/v2\/posts\/7075","targetHints":{"allow":["GET"]}}],"collection":[{"href":"https:\/\/www.ics.gob.cu\/en\/wp-json\/wp\/v2\/posts"}],"about":[{"href":"https:\/\/www.ics.gob.cu\/en\/wp-json\/wp\/v2\/types\/post"}],"author":[{"embeddable":true,"href":"https:\/\/www.ics.gob.cu\/en\/wp-json\/wp\/v2\/users\/7"}],"replies":[{"embeddable":true,"href":"https:\/\/www.ics.gob.cu\/en\/wp-json\/wp\/v2\/comments?post=7075"}],"version-history":[{"count":2,"href":"https:\/\/www.ics.gob.cu\/en\/wp-json\/wp\/v2\/posts\/7075\/revisions"}],"predecessor-version":[{"id":7078,"href":"https:\/\/www.ics.gob.cu\/en\/wp-json\/wp\/v2\/posts\/7075\/revisions\/7078"}],"wp:featuredmedia":[{"embeddable":true,"href":"https:\/\/www.ics.gob.cu\/en\/wp-json\/wp\/v2\/media\/7076"}],"wp:attachment":[{"href":"https:\/\/www.ics.gob.cu\/en\/wp-json\/wp\/v2\/media?parent=7075"}],"wp:term":[{"taxonomy":"category","embeddable":true,"href":"https:\/\/www.ics.gob.cu\/en\/wp-json\/wp\/v2\/categories?post=7075"},{"taxonomy":"post_tag","embeddable":true,"href":"https:\/\/www.ics.gob.cu\/en\/wp-json\/wp\/v2\/tags?post=7075"}],"curies":[{"name":"wp","href":"https:\/\/api.w.org\/{rel}","templated":true}]}}