{"id":7164,"date":"2025-05-09T17:26:59","date_gmt":"2025-05-09T17:26:59","guid":{"rendered":"https:\/\/www.ics.gob.cu\/?p=7164"},"modified":"2025-05-09T19:48:47","modified_gmt":"2025-05-09T19:48:47","slug":"anuncian-premios-nacionales-de-la-tvc-2025-por-la-obra-de-la-vida","status":"publish","type":"post","link":"https:\/\/www.ics.gob.cu\/en\/anuncian-premios-nacionales-de-la-tvc-2025-por-la-obra-de-la-vida\/","title":{"rendered":"ANUNCIAN PREMIOS NACIONALES DE LA TVC 2025 POR LA OBRA DE LA VIDA"},"content":{"rendered":"<div class=\"pdfprnt-buttons pdfprnt-buttons-post pdfprnt-top-right\"><a href=\"https:\/\/www.ics.gob.cu\/en\/wp-json\/wp\/v2\/posts\/7164?print=print\" class=\"pdfprnt-button pdfprnt-button-print\" target=\"_blank\" ><img decoding=\"async\" src=\"https:\/\/www.ics.gob.cu\/wp-content\/plugins\/pdf-print\/images\/print.png\" alt=\"image_print\" title=\"Print Content\" \/><\/a><\/div>\n<p>El Instituto de Informaci\u00f3n y Comunicaci\u00f3n Social (ICS) &#8211; a propuesta de la Comisi\u00f3n evaluadora correspondiente y a prop\u00f3sito del aniversario 75 de nuestra televisi\u00f3n que se celebrar\u00e1 durante varios meses y hasta el pr\u00f3ximo 24 octubre &#8211; aprob\u00f3 otorgar, excepcionalmente, dos Premios Nacionales de TV 2025: al <strong>productor Ezequiel Garc\u00eda Tr\u00e1paga<\/strong> y el <strong>realizador de sonido Gonzalo Aldama Wilson<\/strong>.<\/p>\n\n\n\n<p>En Conferencia de prensa efectuada este viernes, el director de TV y maestro Jos\u00e9 Ram\u00f3n Artigas, Premio Nacional de Televisi\u00f3n 2007 e integrante del jurado de selecci\u00f3n, expres\u00f3 que \u00abno existe obra art\u00edstica sin un equipo detr\u00e1s. Por lo tanto, estos premios son un acto de justicia para todos los que hacen posible el arte detr\u00e1s de c\u00e1maras\u00bb.<\/p>\n\n\n\n<p>Enviamos una gran felicitaci\u00f3n para ambos profesionales, quienes han dedicado sus vidas a la televisi\u00f3n. Son h\u00e9roes an\u00f3nimos de la peque\u00f1a pantalla.<\/p>\n\n\n\n<p>El Premio Nacional de Televisi\u00f3n constituye el m\u00e1s alto reconocimiento que se otorga en el medio, se cre\u00f3 en el a\u00f1o 2002 en virtud de la Resoluci\u00f3n 56\/02 del ICRT, para reconocer a trabajadores del sector art\u00edstico. Considerando el 24 de octubre de 1950 como la fecha de la fundaci\u00f3n de la Televisi\u00f3n cubana, en cada aniversario se da a conocer el premio anual correspondiente. Hasta la fecha se han otorgado 104 Premios Nacionales de TV.<\/p>\n\n\n\n<p>Apelando a la cantera de propuestas de las \u00e1reas, los curr\u00edculos, as\u00ed como a la larga trayectoria y aportes significativos en la TV Cubana, un prestigioso jurado, en su gran mayor\u00eda Premios Nacionales y de larga experiencia en el medio televisivo, estuvo encargado de la selecci\u00f3n.<\/p>\n\n\n\n<p>En esta ocasi\u00f3n el Jurado estuvo integrado por:<\/p>\n\n\n\n<p>-Jos\u00e9 Ram\u00f3n Artigas V\u00e1zquez, Presidente<\/p>\n\n\n\n<p>-Miguel Lino Patterson Meri\u00f1o<\/p>\n\n\n\n<p>-Julio Pulido Castillo<\/p>\n\n\n\n<p>-Roberto Cornelio Ferguson<\/p>\n\n\n\n<p>-Juli\u00e1n Armando P\u00e9rez Delgado<\/p>\n\n\n\n<p>-Caridad Rojas Zayas<\/p>\n\n\n\n<p>Como secretaria de Acta: -Migdalia P\u00e9rez.<\/p>\n\n\n\n<p><strong>Conozca un resumen de la trayectoria de los merecedores de este Premio en su Edici\u00f3n 2025:<\/strong><\/p>\n\n\n\n<p class=\"has-text-align-center\"><strong>EZEQUIEL DEMETRIO GARC\u00cdA TR\u00c1PAGA <\/strong><\/p>\n\n\n<div class=\"wp-block-image\">\n<figure class=\"aligncenter size-full is-resized\"><img loading=\"lazy\" decoding=\"async\" width=\"720\" height=\"540\" src=\"https:\/\/www.ics.gob.cu\/wp-content\/uploads\/2025\/05\/FB_IMG_1746818701691.jpg\" alt=\"\" class=\"wp-image-7178\" style=\"width:466px;height:auto\" srcset=\"https:\/\/www.ics.gob.cu\/wp-content\/uploads\/2025\/05\/FB_IMG_1746818701691.jpg 720w, https:\/\/www.ics.gob.cu\/wp-content\/uploads\/2025\/05\/FB_IMG_1746818701691-300x225.jpg 300w\" sizes=\"auto, (max-width: 720px) 100vw, 720px\" \/><\/figure>\n<\/div>\n\n\n<p>Trabajador del ICRT hace 63 a\u00f1os, donde comenz\u00f3 como auxiliar general de limpieza. Por la seriedad en el trabajo y la disciplina pasa a ocupar la plaza de auxiliar general de almac\u00e9n t\u00e9cnico y posteriormente la responsabilidad de Jefe del Almac\u00e9n. En corto tiempo por necesidad administrativa es trasladado al peque\u00f1o departamento de Video-Tape y Kinescopio a aprender operar las dos primeras m\u00e1quinas de VTR \u00a8SONY\u00a8 que fueron donadas por la UNESCO para las grabaciones y transmisiones de tele clases de distintos niveles, este departamento adem\u00e1s hacia grabaciones de programas de televisi\u00f3n y se comenzaron a grabar los actos pol\u00edticos donde hablaba el Comandante en Jefe Fidel Castro, incluso se trasladaban en un cami\u00f3n apodado \u201cEL CONCO\u201d a las provincias donde se suced\u00edan los actos.<\/p>\n\n\n\n<p>Posteriormente, le propusieron la responsabilidad de Jefe del Departamento de Grupos Operativos, hoy Departamento de Realizaci\u00f3n para dirigir 383 trabajadores de distintas especialidades, desde aqu\u00ed continuaba atendiendo los actos pol\u00edticos de primer nivel. Ah\u00ed permaneci\u00f3 por cinco a\u00f1os.<\/p>\n\n\n\n<p>Despu\u00e9s de los cinco a\u00f1os en Grupos Operativos y con vistas a la celebraci\u00f3n del Primer Congreso del Partido, por situaciones administrativas presentadas en el departamento de Control Remoto, fue trasladado a realizar las funciones de Jefe de ese Departamento en 1975, donde labor\u00f3 seis a\u00f1os, igualmente por los resultados satisfactorios, por necesidad de recuperar la tradici\u00f3n del doblaje cinematogr\u00e1fico de pel\u00edculas, pasa a organizar la recuperaci\u00f3n de ese tipo de realizaci\u00f3n paralelo a la responsabilidad del departamento de Control Remoto, donde con mucho esfuerzo se logr\u00f3 el doblaje del filme sovi\u00e9tico titulado \u00abAs\u00ed se templ\u00f3 el acero\u00bb. Luego asumi\u00f3 responsabilidades como: Jede del Departamento de Producci\u00f3n del Canal Tele Rebelde y desde ese lugar continu\u00f3 atendiendo los aseguramientos de los Actos Pol\u00edticos. Cuando se crea la Direcci\u00f3n de Aseguramientos del Sistema Informativo de la TVC, es nombrado Director de Actos Pol\u00edticos y Eventos Especiales de la TVC.<\/p>\n\n\n\n<p>Comienza a trabajar en el ICRT con tercer grado de escolaridad, trabajando y estudiando alcanz\u00f3 el Sexto Grado, la Secundaria Obrera Campesina, La Facultad Obrera y la Licenciatura en Ciencias Sociales y Econ\u00f3micas. Fue propuesto en asamblea general Trabajador Ejemplar luego para el ingreso al Partido, condici\u00f3n que le fue otorgada en 1972. En m\u00e1s de diez ocasiones fue seleccionado cuadro destacado del ICRT y del canal Tele Rebelde, Cuadro Destacado del Estado y el Gobierno, recibiendo el diploma y reconocimiento de manos del Comandante en Jefe, Fidel Castro Ruz, posee la R\u00e9plica del Machete de M\u00e1ximo Gomez, otorgado por el General de Ej\u00e9rcito Ra\u00fal Castro Ruz, por la destacada labor en la divulgaci\u00f3n de las tareas y misiones de las Fuerzas Armadas Revolucionarias (FAR).<\/p>\n\n\n\n<p>Adem\u00e1s, en el ICRT ha recibido condecoraciones, medallas, as\u00ed como diplomas y reconocimientos de las Organizaciones Pol\u00edticas y de Masas nacionales por el trabajo realizado en las coberturas e informaci\u00f3n de sus principales tareas y planes, al igual que de Organismos del Estado cubano y instituciones nacionales e internacionales. Ha sido productor de televisi\u00f3n en cuatro Olimpiadas: Barcelona 1992; Atenas 2004, Beijing 2008 y Londres 2012; 4 Juegos Panamericanos y 3 Juegos Centroamericanos. Ha representado al organismo en otros eventos internacionales.<\/p>\n\n\n\n<p>Ha sido merecedor de felicitaciones y palabras de est\u00edmulo por parte de sus compa\u00f1eros de trabajo, tanto cuadros como trabajadores, del Sindicato y el Partido y de organizaciones pol\u00edticas y de masas, as\u00ed como de organismos estatales y econ\u00f3micos del Estado, por la seriedad y responsabilidad desarrollada en las coberturas televisivas como productor de TV asignados por el Departamento Ideol\u00f3gico del Partido.<\/p>\n\n\n\n<p class=\"has-text-align-center\"><strong>GONZALO ALDAMA WILSON<\/strong><\/p>\n\n\n<div class=\"wp-block-image\">\n<figure class=\"aligncenter size-full is-resized\"><img loading=\"lazy\" decoding=\"async\" width=\"720\" height=\"720\" src=\"https:\/\/www.ics.gob.cu\/wp-content\/uploads\/2025\/05\/WhatsApp-Image-2025-05-09-at-5.49.05-PM.jpeg\" alt=\"\" class=\"wp-image-7167\" style=\"width:370px;height:auto\" srcset=\"https:\/\/www.ics.gob.cu\/wp-content\/uploads\/2025\/05\/WhatsApp-Image-2025-05-09-at-5.49.05-PM.jpeg 720w, https:\/\/www.ics.gob.cu\/wp-content\/uploads\/2025\/05\/WhatsApp-Image-2025-05-09-at-5.49.05-PM-300x300.jpeg 300w, https:\/\/www.ics.gob.cu\/wp-content\/uploads\/2025\/05\/WhatsApp-Image-2025-05-09-at-5.49.05-PM-150x150.jpeg 150w\" sizes=\"auto, (max-width: 720px) 100vw, 720px\" \/><\/figure>\n<\/div>\n\n\n<p>En el 1962, Gonzalo Aldama Wilson, comienza a trabajar oficialmente en el canal 4 de la Televisi\u00f3n Cubana en calidad de Operador Auxiliar del M\u00e1ster y luego como Auxiliar de Luces cuando se produjo la Uni\u00f3n del canal 6 y el 4 en la programaci\u00f3n de dichos canales.<\/p>\n\n\n\n<p>Simult\u00e1neamente, pas\u00f3 los cursos de Auxiliar de Audio y de M\u00fasica, especializ\u00e1ndose como Grabador de Sonido, y gracias a su semilla fundacional hizo y hace posible el sue\u00f1o de las im\u00e1genes y los sonidos en la mayor de las Antillas, para transmitir a las audiencias un mensaje comprometido, audaz, revolucionario y fiel a las tradiciones e identidad de un pueblo que hoy enfrenta grandes desaf\u00edos.<\/p>\n\n\n\n<p>Entre los programas realizados desde sus inicios se encuentran Cocina al Minuto, Detr\u00e1s de la Fachada, Casos y Cosas de Casa, Te doy una Canci\u00f3n, Junto a las Nueve, M\u00fasica y Estrellas, San Nicol\u00e1s del Peladero, 9550, Joven Joven, Buenas tardes, Para Bailar, Revista de la Ma\u00f1ana, Amigos y sus Amiguitos, El Circo en la Televisi\u00f3n, el Seriado al Comp\u00e1s del Son, Contra el Invasor, 20 Mil Leguas de Viaje Submarino, Festivales de la Canci\u00f3n en Varadero, Todo el Mundo Canta y Eduardo Sabor\u00edt, entre otros eventos, novelas y series.<\/p>\n\n\n\n<p>Ha impartido cursos como profesor de la Especialidad Grabador de Sonido como profesor del Centro de Estudios de la Radio y Televisi\u00f3n (CERT).<\/p>\n\n\n\n<p>En 1995 viaja a Argentina para trasmitir los juegos Panamericanos en Mar del Plata, y entre el 15 y 16 de noviembre de 1999, junto a la oficina del Historiador de la Habana, participa en la IX Cumbre Iberoamericana de Jefes de Estado y Gobierno de La Habana. En 2009 efect\u00faa una misi\u00f3n como asesor de sonido en la Televisi\u00f3n de Guinea Ecuatorial por dos a\u00f1os. Realiz\u00f3, adem\u00e1s, varias giras por Europa y Am\u00e9rica Latina con distintas agrupaciones musicales.<\/p>\n\n\n\n<p>En 2019, junto a otros colegas, artistas, locutores, directivos, t\u00e9cnicos y periodistas del medio, recibi\u00f3 en el Palacio de Convenciones de La Habana la Condici\u00f3n de Fundador del ICRT en la especialidad de televisi\u00f3n. En 2021, la Televisi\u00f3n le otorg\u00f3 el Premio Peque\u00f1a Pantalla.<\/p>\n\n\n\n<p><\/p>\n<div class=\"pld-like-dislike-wrap pld-template-1\">\r\n    <div class=\"pld-like-wrap  pld-common-wrap\">\r\n    <a href=\"javascript:void(0)\" class=\"pld-like-trigger pld-like-dislike-trigger\" title=\"\" data-post-id=\"7164\" data-trigger-type=\"like\" data-restriction=\"cookie\" data-already-liked=\"0\">\r\n                        <i class=\"fas fa-thumbs-up\"><\/i>\r\n                <\/a>\r\n    <span class=\"pld-like-count-wrap pld-count-wrap\">1    <\/span>\r\n<\/div><div class=\"pld-dislike-wrap  pld-common-wrap\">\r\n    <a href=\"javascript:void(0)\" class=\"pld-dislike-trigger pld-like-dislike-trigger\" title=\"\" data-post-id=\"7164\" data-trigger-type=\"dislike\" data-restriction=\"cookie\" data-already-liked=\"0\">\r\n                        <i class=\"fas fa-thumbs-down\"><\/i>\r\n                <\/a>\r\n    <span class=\"pld-dislike-count-wrap pld-count-wrap\">0<\/span>\r\n<\/div><\/div>","protected":false},"excerpt":{"rendered":"<p>El Instituto de Informaci\u00f3n y Comunicaci\u00f3n Social (ICS) &#8211; a propuesta de la Comisi\u00f3n evaluadora correspondiente y a prop\u00f3sito del aniversario 75 de nuestra televisi\u00f3n que se celebrar\u00e1 durante varios meses y hasta el pr\u00f3ximo 24 octubre &#8211; aprob\u00f3 otorgar, excepcionalmente, dos Premios Nacionales de TV 2025: al productor Ezequiel Garc\u00eda Tr\u00e1paga y el realizador [&hellip;]<\/p>\n","protected":false},"author":7,"featured_media":7169,"comment_status":"open","ping_status":"closed","sticky":false,"template":"","format":"standard","meta":{"_bbp_topic_count":0,"_bbp_reply_count":0,"_bbp_total_topic_count":0,"_bbp_total_reply_count":0,"_bbp_voice_count":0,"_bbp_anonymous_reply_count":0,"_bbp_topic_count_hidden":0,"_bbp_reply_count_hidden":0,"_bbp_forum_subforum_count":0,"_glsr_average":0,"_glsr_ranking":0,"_glsr_reviews":0,"footnotes":""},"categories":[10],"tags":[47,7,39,76],"class_list":["post-7164","post","type-post","status-publish","format-standard","has-post-thumbnail","hentry","category-nacionales","tag-comunicacion-social","tag-cuba","tag-ics","tag-television-cubana"],"acf":[],"_links":{"self":[{"href":"https:\/\/www.ics.gob.cu\/en\/wp-json\/wp\/v2\/posts\/7164","targetHints":{"allow":["GET"]}}],"collection":[{"href":"https:\/\/www.ics.gob.cu\/en\/wp-json\/wp\/v2\/posts"}],"about":[{"href":"https:\/\/www.ics.gob.cu\/en\/wp-json\/wp\/v2\/types\/post"}],"author":[{"embeddable":true,"href":"https:\/\/www.ics.gob.cu\/en\/wp-json\/wp\/v2\/users\/7"}],"replies":[{"embeddable":true,"href":"https:\/\/www.ics.gob.cu\/en\/wp-json\/wp\/v2\/comments?post=7164"}],"version-history":[{"count":6,"href":"https:\/\/www.ics.gob.cu\/en\/wp-json\/wp\/v2\/posts\/7164\/revisions"}],"predecessor-version":[{"id":7180,"href":"https:\/\/www.ics.gob.cu\/en\/wp-json\/wp\/v2\/posts\/7164\/revisions\/7180"}],"wp:featuredmedia":[{"embeddable":true,"href":"https:\/\/www.ics.gob.cu\/en\/wp-json\/wp\/v2\/media\/7169"}],"wp:attachment":[{"href":"https:\/\/www.ics.gob.cu\/en\/wp-json\/wp\/v2\/media?parent=7164"}],"wp:term":[{"taxonomy":"category","embeddable":true,"href":"https:\/\/www.ics.gob.cu\/en\/wp-json\/wp\/v2\/categories?post=7164"},{"taxonomy":"post_tag","embeddable":true,"href":"https:\/\/www.ics.gob.cu\/en\/wp-json\/wp\/v2\/tags?post=7164"}],"curies":[{"name":"wp","href":"https:\/\/api.w.org\/{rel}","templated":true}]}}