{"id":7185,"date":"2025-05-14T15:30:17","date_gmt":"2025-05-14T15:30:17","guid":{"rendered":"https:\/\/www.ics.gob.cu\/?p=7185"},"modified":"2025-05-14T15:35:54","modified_gmt":"2025-05-14T15:35:54","slug":"somos-y-seguiremos-siendo-privilegiados-de-nuestro-tiempo","status":"publish","type":"post","link":"https:\/\/www.ics.gob.cu\/en\/somos-y-seguiremos-siendo-privilegiados-de-nuestro-tiempo\/","title":{"rendered":"SOMOS Y SEGUIREMOS SIENDO PRIVILEGIADOS DE NUESTRO TIEMPO"},"content":{"rendered":"<div class=\"pdfprnt-buttons pdfprnt-buttons-post pdfprnt-top-right\"><a href=\"https:\/\/www.ics.gob.cu\/en\/wp-json\/wp\/v2\/posts\/7185?print=print\" class=\"pdfprnt-button pdfprnt-button-print\" target=\"_blank\" ><img decoding=\"async\" src=\"https:\/\/www.ics.gob.cu\/wp-content\/plugins\/pdf-print\/images\/print.png\" alt=\"image_print\" title=\"Print Content\" \/><\/a><\/div>\n<p>\u00abFidel dibuj\u00f3 a Cuba, por eso decimos que es Cuba y su impronta est\u00e1 en todo y en todos. Sus conceptos, su pensamiento, sus acciones y su trascendencia tienen que estar m\u00e1s presentes que nunca en todo lo que hacemos y proyectemos cada d\u00eda\u00bb. <\/p>\n\n\n\n<p>As\u00ed se ratific\u00f3 esta ma\u00f1ana de mi\u00e9rcoles durante la presentaci\u00f3n en nuestro Consejo de Direcci\u00f3n Ampliado del libro \u00abPrivilegiados del tiempo\u00bb, un texto que recoge las m\u00e1s diversas an\u00e9cdotas y experiencias de profesionales de la radio y la TV cubanas con el l\u00edder hist\u00f3rico. <\/p>\n\n\n<div class=\"wp-block-image\">\n<figure class=\"aligncenter size-large\"><img loading=\"lazy\" decoding=\"async\" width=\"1024\" height=\"462\" src=\"https:\/\/www.ics.gob.cu\/wp-content\/uploads\/2025\/05\/IMG_20250514_102335-1024x462.jpg\" alt=\"\" class=\"wp-image-7189\" srcset=\"https:\/\/www.ics.gob.cu\/wp-content\/uploads\/2025\/05\/IMG_20250514_102335-1024x462.jpg 1024w, https:\/\/www.ics.gob.cu\/wp-content\/uploads\/2025\/05\/IMG_20250514_102335-300x135.jpg 300w, https:\/\/www.ics.gob.cu\/wp-content\/uploads\/2025\/05\/IMG_20250514_102335-768x347.jpg 768w, https:\/\/www.ics.gob.cu\/wp-content\/uploads\/2025\/05\/IMG_20250514_102335-1536x693.jpg 1536w, https:\/\/www.ics.gob.cu\/wp-content\/uploads\/2025\/05\/IMG_20250514_102335.jpg 2048w\" sizes=\"auto, (max-width: 1024px) 100vw, 1024px\" \/><\/figure>\n<\/div>\n\n\n<p>El humanismo de Fidel, su capacidad para encantar, para comunicar, para preocuparse por todo y todos a su alrededor seguir\u00e1 siendo una gu\u00eda, coincidieron en resaltar sus autores, los experimentados periodistas Ovidio Cabrera e Irma C\u00e1ceres, as\u00ed como la directora de la Editorial En Vivo, Norma G\u00e1lvez.<\/p>\n\n\n\n<p>El volumen fue presentado en enero pasado como parte de la Feria Internacional del Libro de La Habana. Luego recorri\u00f3 un amplio periplo por todo el pa\u00eds, por organismos de la Administraci\u00f3n Central del Estado, consejos de direcci\u00f3n, preparaci\u00f3n de cuadros, organizaciones sociales, instituciones estudiantiles y juveniles.<\/p>\n\n\n\n<p>Por la importancia de su contenido, el material se convertir\u00e1 en una serie en la que otros profesionales de la radio, la televisi\u00f3n y la comunicaci\u00f3n social, contar\u00e1n sus vivencias junto al Comandante en Jefe. Durante 2025, la Editorial En Vivo continuar\u00e1 presentando esta joya literaria a prop\u00f3sito de su aniversario 15 y del centenario del natalicio del l\u00edder hist\u00f3rico de la Revoluci\u00f3n cubana. <\/p>\n\n\n<div class=\"wp-block-image\">\n<figure class=\"aligncenter size-large\"><img loading=\"lazy\" decoding=\"async\" width=\"1024\" height=\"462\" src=\"https:\/\/www.ics.gob.cu\/wp-content\/uploads\/2025\/05\/IMG_20250514_102340-1024x462.jpg\" alt=\"\" class=\"wp-image-7188\" srcset=\"https:\/\/www.ics.gob.cu\/wp-content\/uploads\/2025\/05\/IMG_20250514_102340-1024x462.jpg 1024w, https:\/\/www.ics.gob.cu\/wp-content\/uploads\/2025\/05\/IMG_20250514_102340-300x135.jpg 300w, https:\/\/www.ics.gob.cu\/wp-content\/uploads\/2025\/05\/IMG_20250514_102340-768x347.jpg 768w, https:\/\/www.ics.gob.cu\/wp-content\/uploads\/2025\/05\/IMG_20250514_102340-1536x693.jpg 1536w, https:\/\/www.ics.gob.cu\/wp-content\/uploads\/2025\/05\/IMG_20250514_102340.jpg 2048w\" sizes=\"auto, (max-width: 1024px) 100vw, 1024px\" \/><\/figure>\n<\/div>\n\n\n<p>En el intercambio el presidente del ICS, Alfonso Noya Mart\u00ednez, destac\u00f3 la excelente labor del equipo de trabajo del sello editorial de la radio y la televisi\u00f3n en el rescate del patrimonio de ambos medios de comunicaci\u00f3n y por difundir su historia en diversos escenarios.<\/p>\n\n\n\n<p>Noya Mart\u00ednez afirm\u00f3 tambi\u00e9n que Fidel constituye un paradigma para Cuba y el mundo. \u00abQueda mucho por estudiar e indagar sobre su obra y legado\u00bb, dijo. A\u00f1adi\u00f3 que para los profesionales de la comunicaci\u00f3n Fidel es inspiraci\u00f3n y tenemos la responsabilidad de mantenerlo vivo y llevar su ejemplo a las nuevas generaciones. Entonces, podemos considerarnos privilegiados por beber de sus ense\u00f1anzas y haber compartido con ese hombre extraordinario. <\/p>\n<div class=\"pld-like-dislike-wrap pld-template-1\">\r\n    <div class=\"pld-like-wrap  pld-common-wrap\">\r\n    <a href=\"javascript:void(0)\" class=\"pld-like-trigger pld-like-dislike-trigger\" title=\"\" data-post-id=\"7185\" data-trigger-type=\"like\" data-restriction=\"cookie\" data-already-liked=\"0\">\r\n                        <i class=\"fas fa-thumbs-up\"><\/i>\r\n                <\/a>\r\n    <span class=\"pld-like-count-wrap pld-count-wrap\">0    <\/span>\r\n<\/div><div class=\"pld-dislike-wrap  pld-common-wrap\">\r\n    <a href=\"javascript:void(0)\" class=\"pld-dislike-trigger pld-like-dislike-trigger\" title=\"\" data-post-id=\"7185\" data-trigger-type=\"dislike\" data-restriction=\"cookie\" data-already-liked=\"0\">\r\n                        <i class=\"fas fa-thumbs-down\"><\/i>\r\n                <\/a>\r\n    <span class=\"pld-dislike-count-wrap pld-count-wrap\">0<\/span>\r\n<\/div><\/div>","protected":false},"excerpt":{"rendered":"<p>\u00abFidel dibuj\u00f3 a Cuba, por eso decimos que es Cuba y su impronta est\u00e1 en todo y en todos. Sus conceptos, su pensamiento, sus acciones y su trascendencia tienen que estar m\u00e1s presentes que nunca en todo lo que hacemos y proyectemos cada d\u00eda\u00bb. As\u00ed se ratific\u00f3 esta ma\u00f1ana de mi\u00e9rcoles durante la presentaci\u00f3n en [&hellip;]<\/p>\n","protected":false},"author":7,"featured_media":7186,"comment_status":"open","ping_status":"closed","sticky":false,"template":"","format":"standard","meta":{"_bbp_topic_count":0,"_bbp_reply_count":0,"_bbp_total_topic_count":0,"_bbp_total_reply_count":0,"_bbp_voice_count":0,"_bbp_anonymous_reply_count":0,"_bbp_topic_count_hidden":0,"_bbp_reply_count_hidden":0,"_bbp_forum_subforum_count":0,"_glsr_average":0,"_glsr_ranking":0,"_glsr_reviews":0,"footnotes":""},"categories":[10],"tags":[47,7,63,39,67,64,76],"class_list":["post-7185","post","type-post","status-publish","format-standard","has-post-thumbnail","hentry","category-nacionales","tag-comunicacion-social","tag-cuba","tag-fidel-castro","tag-ics","tag-radio-cubana","tag-revolucion-cubana","tag-television-cubana"],"acf":[],"_links":{"self":[{"href":"https:\/\/www.ics.gob.cu\/en\/wp-json\/wp\/v2\/posts\/7185","targetHints":{"allow":["GET"]}}],"collection":[{"href":"https:\/\/www.ics.gob.cu\/en\/wp-json\/wp\/v2\/posts"}],"about":[{"href":"https:\/\/www.ics.gob.cu\/en\/wp-json\/wp\/v2\/types\/post"}],"author":[{"embeddable":true,"href":"https:\/\/www.ics.gob.cu\/en\/wp-json\/wp\/v2\/users\/7"}],"replies":[{"embeddable":true,"href":"https:\/\/www.ics.gob.cu\/en\/wp-json\/wp\/v2\/comments?post=7185"}],"version-history":[{"count":3,"href":"https:\/\/www.ics.gob.cu\/en\/wp-json\/wp\/v2\/posts\/7185\/revisions"}],"predecessor-version":[{"id":7192,"href":"https:\/\/www.ics.gob.cu\/en\/wp-json\/wp\/v2\/posts\/7185\/revisions\/7192"}],"wp:featuredmedia":[{"embeddable":true,"href":"https:\/\/www.ics.gob.cu\/en\/wp-json\/wp\/v2\/media\/7186"}],"wp:attachment":[{"href":"https:\/\/www.ics.gob.cu\/en\/wp-json\/wp\/v2\/media?parent=7185"}],"wp:term":[{"taxonomy":"category","embeddable":true,"href":"https:\/\/www.ics.gob.cu\/en\/wp-json\/wp\/v2\/categories?post=7185"},{"taxonomy":"post_tag","embeddable":true,"href":"https:\/\/www.ics.gob.cu\/en\/wp-json\/wp\/v2\/tags?post=7185"}],"curies":[{"name":"wp","href":"https:\/\/api.w.org\/{rel}","templated":true}]}}