{"id":7196,"date":"2025-05-14T19:39:51","date_gmt":"2025-05-14T19:39:51","guid":{"rendered":"https:\/\/www.ics.gob.cu\/?p=7196"},"modified":"2025-05-14T20:51:28","modified_gmt":"2025-05-14T20:51:28","slug":"hilda-saladrigas-medina-premio-nacional-de-comunicacion-social-2025","status":"publish","type":"post","link":"https:\/\/www.ics.gob.cu\/en\/hilda-saladrigas-medina-premio-nacional-de-comunicacion-social-2025\/","title":{"rendered":"Hilda Saladrigas Medina: Premio Nacional de Comunicaci\u00f3n Social 2025"},"content":{"rendered":"<div class=\"pdfprnt-buttons pdfprnt-buttons-post pdfprnt-top-right\"><a href=\"https:\/\/www.ics.gob.cu\/en\/wp-json\/wp\/v2\/posts\/7196?print=print\" class=\"pdfprnt-button pdfprnt-button-print\" target=\"_blank\" ><img decoding=\"async\" src=\"https:\/\/www.ics.gob.cu\/wp-content\/plugins\/pdf-print\/images\/print.png\" alt=\"image_print\" title=\"Print Content\" \/><\/a><\/div>\n<p>El Consejo de Direcci\u00f3n del Instituto de Informaci\u00f3n y Comunicaci\u00f3n Social, a propuesta de la Comisi\u00f3n Nacional Evaluadora (Jurado), acord\u00f3 este mi\u00e9rcoles otorgar el Premio Nacional de Comunicaci\u00f3n Social, en su primera edici\u00f3n, a la Dra. C. de la Comunicaci\u00f3n, Hilda Saladrigas Medina.<\/p>\n\n\n\n<p>Se reconoci\u00f3 la excelencia, calidad e integralidad de una veintena de propuestas realizadas a lo largo de todo el pa\u00eds por parte de las direcciones nacionales de estas organizaciones, lo que demuestra que existe un gran potencial de profesionales de la comunicaci\u00f3n social que podr\u00edan ser merecedores de este lauro, por lo que se considera que el solo hecho de la nominaci\u00f3n constituye un alto reconocimiento a la labor profesional de todos los propuestos.<\/p>\n\n\n\n<p>El jurado, integrado por prestigiosos profesionales pertenecientes a la <a href=\"https:\/\/www.facebook.com\/share\/1AqmGTRVnA\/\"><mark style=\"background-color:rgba(0, 0, 0, 0)\" class=\"has-inline-color has-vivid-cyan-blue-color\">Cuban Association of Social Communicators (ACCS)<\/mark><\/a>, la Uni\u00f3n de Periodistas de Cuba (UPEC), la <mark style=\"background-color:rgba(0, 0, 0, 0)\" class=\"has-inline-color has-vivid-cyan-blue-color\">Facultad de Comunicaci\u00f3n <\/mark>de la <mark style=\"background-color:rgba(0, 0, 0, 0)\" class=\"has-inline-color has-vivid-cyan-blue-color\">Universidad de La Habana<\/mark> (FCOM) y el ICS, y presidido por el Ms. C. Humberto Fabi\u00e1n Su\u00e1rez, sesion\u00f3 durante varias jornadas durante el mes de abril y la primera semana de mayo.<\/p>\n\n\n\n<p>Se determin\u00f3 otorgar el Premio Nacional de Comunicaci\u00f3n Social en su primera edici\u00f3n a la Dra. C. Hilda Saladrigas Medina, por la repercusi\u00f3n social de su quehacer profesional en Cuba y a nivel internacional, la calidad e integralidad de su obra, su \u00e9tica y compromiso social, los aportes al desarrollo del campo profesional, el alto valor creativo de su trayectoria, su enorme contribuci\u00f3n a la formaci\u00f3n y\/o superaci\u00f3n en el \u00e1mbito de la comunicaci\u00f3n de periodistas, comunicadores sociales, cuadros y directivos, as\u00ed como profesionales de las m\u00e1s diversas ramas y el impacto de su labor investigativa y su producci\u00f3n te\u00f3rico &#8211; metodol\u00f3gica en comunicaci\u00f3n social.<\/p>\n\n\n\n<figure class=\"wp-block-image size-full\"><img loading=\"lazy\" decoding=\"async\" width=\"488\" height=\"680\" src=\"https:\/\/www.ics.gob.cu\/wp-content\/uploads\/2025\/05\/494300438_122200372190268538_5845444822873214617_n.jpg\" alt=\"Dra Cs. Hilda Saladrigas Medina\" class=\"wp-image-7194\" srcset=\"https:\/\/www.ics.gob.cu\/wp-content\/uploads\/2025\/05\/494300438_122200372190268538_5845444822873214617_n.jpg 488w, https:\/\/www.ics.gob.cu\/wp-content\/uploads\/2025\/05\/494300438_122200372190268538_5845444822873214617_n-215x300.jpg 215w\" sizes=\"auto, (max-width: 488px) 100vw, 488px\" \/><\/figure>\n\n\n\n<p><em><strong>Le acercamos a una S\u00edntesis Biogr\u00e1fica de la profesora Hilda Saladrigas.<\/strong><\/em><\/p>\n\n\n\n<p>Graduada de Licenciatura en Filosof\u00eda Marxista \u2013 Leninista en 1988 en la Universidad de Oriente, se dedic\u00f3 a la investigaci\u00f3n en Medios de Comunicaci\u00f3n y Opini\u00f3n P\u00fablica hasta 1995. Concluy\u00f3 el diplomado en Investigaciones Sociales en 1998, la Maestr\u00eda en Ciencias de la Comunicaci\u00f3n en 2002 y posteriormente el Doctorado en Ciencias de la Comunicaci\u00f3n en 2005 por la Universidad de La Habana.<\/p>\n\n\n\n<p>Su pasi\u00f3n, ha dicho siempre, es impartir docencia y lo ha hecho ampliamente \u2013 tanto en cursos de pregrado y posgrado \u2013 en Cuba y en el extranjero, con importantes aportes a la Teor\u00eda de la Comunicaci\u00f3n, la Metodolog\u00eda de la Investigaci\u00f3n (con \u00e9nfasis en los m\u00e9todos y t\u00e9cnicas cualitativos) y la Gesti\u00f3n de la Comunicaci\u00f3n organizacional, entre otros temas. Es Profesora Titular por la propia Universidad desde 2009 e Investigadora Titular del CITMA desde 2018.<\/p>\n\n\n\n<p>Profesora adjunta del Centro de Capacitaci\u00f3n de la Radio y la Televisi\u00f3n, el Centro de Entrenamiento para el Desarrollo de la Comunicaci\u00f3n de la Asociaci\u00f3n Cubana de Comunicadores Sociales, del Centro Nacional de Superaci\u00f3n para la Cultura en Cuba, el Instituto Internacional de Periodismo Jos\u00e9 Mart\u00ed, el Centro de Estudios Hemisf\u00e9ricos y sobre Estados Unidos (CESEUH) y m\u00e1s recientemente, de la <mark style=\"background-color:rgba(0, 0, 0, 0)\" class=\"has-inline-color has-vivid-cyan-blue-color\">Escuela Ramal del ICS<\/mark>.&nbsp;<\/p>\n\n\n\n<p>Es, adem\u00e1s, presidenta de la Comisi\u00f3n Nacional de la Carrera de Comunicaci\u00f3n Social, fue durante m\u00e1s de una d\u00e9cada presidenta del Comit\u00e9 Acad\u00e9mico de la Maestr\u00eda en Ciencias de la Comunicaci\u00f3n, miembro del Comit\u00e9 Acad\u00e9mico y claustro del Doctorado en Ciencias de la Comunicaci\u00f3n Social, ambos programas de Excelencia que se imparten en nuestro pa\u00eds y tres universidades mexicanas. Fungi\u00f3 como vicedecana y, posteriormente, fue decana de la Facultad de Comunicaci\u00f3n de la Universidad de La Habana.<\/p>\n\n\n\n<p>Profesora de investigaci\u00f3n en otras instituciones acad\u00e9micas internacionales como la Universidad del Valle de Orizaba, Veracruz, M\u00e9xico; la Facultad de Ciencias de la Informaci\u00f3n en la Universidad Complutense de Madrid, Espa\u00f1a; la Universidad Aut\u00f3noma de Santo Domingo, Rep\u00fablica Dominicana; la Facultad de Humanidades de la Universidad Aut\u00f3noma de Baja California, M\u00e9xico, as\u00ed como universidades andaluzas.<\/p>\n\n\n\n<p>Desde 2015 se desempe\u00f1a como Secretaria General de la Uni\u00f3n Latina de la Econom\u00eda Pol\u00edtica de la Informaci\u00f3n, la Comunicaci\u00f3n y la Cultura (ULEPICC),&nbsp;fue&nbsp; presidenta del C\u00edrculo de Investigadores de la Comunicaci\u00f3n y el Marketing de la Asociaci\u00f3n Cubana de Comunicadores Sociales (ACCS) y del Consejo de Comunicaci\u00f3n; experta del Consejo Intergubernamental del Programa Internacional de Desarrollo de las Comunicaciones (PIDC) de la UNESCO desde 2020 y miembro de la presidencia de la Asociaci\u00f3n Latinoamericana de Investigadores de la Comunicaci\u00f3n, ALAIC (2020- 2022).<\/p>\n\n\n\n<p>Asimismo, fue miembro de la Comisi\u00f3n redactora de la Ley 162\/2023 \u00abDe Comunicaci\u00f3n Social\u00bb, es miembro Titular de la Academia de Ciencias de Cuba en la Secci\u00f3n de Ciencias Sociales y presidenta del Tribunal de Categorizaci\u00f3n Cient\u00edfica de la Universidad de La Habana.<\/p>\n\n\n\n<p>Tiene en su haber m\u00e1s de un centenar de art\u00edculos en revistas nacionales e internacionales, es autora o coautora de una veintena de libros relacionados con la investigaci\u00f3n en comunicaci\u00f3n, ha participado en numerosos eventos nacionales e internacionales y forma parte del Consejo Cient\u00edfico y Editorial de importantes revistas internacionales referenciadas en bases de datos como Scopus, Latindex y Redalyc.<\/p>\n\n\n\n<p>Le han sido conferidos anteriormente, entre otros m\u00faltiples reconocimientos: el Premio Bit\u00e1cora, m\u00e1ximo galard\u00f3n que otorga la Carrera de Comunicaci\u00f3n Social de la Universidad Central \u00abMarta Abreu\u00bb de Las Villas, la Placa 75 aniversario de la Universidad de Oriente, el Premio \u00abEspacio\u00bb de la ACCS por la Obra de la Vida y la Orden Carlos J. Finlay que concede el Consejo de Estado de la Rep\u00fablica de Cuba.<\/p>\n<div class=\"pld-like-dislike-wrap pld-template-1\">\r\n    <div class=\"pld-like-wrap  pld-common-wrap\">\r\n    <a href=\"javascript:void(0)\" class=\"pld-like-trigger pld-like-dislike-trigger\" title=\"\" data-post-id=\"7196\" data-trigger-type=\"like\" data-restriction=\"cookie\" data-already-liked=\"0\">\r\n                        <i class=\"fas fa-thumbs-up\"><\/i>\r\n                <\/a>\r\n    <span class=\"pld-like-count-wrap pld-count-wrap\">3    <\/span>\r\n<\/div><div class=\"pld-dislike-wrap  pld-common-wrap\">\r\n    <a href=\"javascript:void(0)\" class=\"pld-dislike-trigger pld-like-dislike-trigger\" title=\"\" data-post-id=\"7196\" data-trigger-type=\"dislike\" data-restriction=\"cookie\" data-already-liked=\"0\">\r\n                        <i class=\"fas fa-thumbs-down\"><\/i>\r\n                <\/a>\r\n    <span class=\"pld-dislike-count-wrap pld-count-wrap\">0<\/span>\r\n<\/div><\/div>","protected":false},"excerpt":{"rendered":"<p>El Consejo de Direcci\u00f3n del Instituto de Informaci\u00f3n y Comunicaci\u00f3n Social, a propuesta de la Comisi\u00f3n Nacional Evaluadora (Jurado), acord\u00f3 este mi\u00e9rcoles otorgar el Premio Nacional de Comunicaci\u00f3n Social, en su primera edici\u00f3n, a la Dra. C. de la Comunicaci\u00f3n, Hilda Saladrigas Medina. Se reconoci\u00f3 la excelencia, calidad e integralidad de una veintena de propuestas [&hellip;]<\/p>\n","protected":false},"author":7,"featured_media":7197,"comment_status":"open","ping_status":"closed","sticky":false,"template":"","format":"standard","meta":{"_bbp_topic_count":0,"_bbp_reply_count":0,"_bbp_total_topic_count":0,"_bbp_total_reply_count":0,"_bbp_voice_count":0,"_bbp_anonymous_reply_count":0,"_bbp_topic_count_hidden":0,"_bbp_reply_count_hidden":0,"_bbp_forum_subforum_count":0,"_glsr_average":0,"_glsr_ranking":0,"_glsr_reviews":0,"footnotes":""},"categories":[10],"tags":[47,7,39],"class_list":["post-7196","post","type-post","status-publish","format-standard","has-post-thumbnail","hentry","category-nacionales","tag-comunicacion-social","tag-cuba","tag-ics"],"acf":[],"_links":{"self":[{"href":"https:\/\/www.ics.gob.cu\/en\/wp-json\/wp\/v2\/posts\/7196","targetHints":{"allow":["GET"]}}],"collection":[{"href":"https:\/\/www.ics.gob.cu\/en\/wp-json\/wp\/v2\/posts"}],"about":[{"href":"https:\/\/www.ics.gob.cu\/en\/wp-json\/wp\/v2\/types\/post"}],"author":[{"embeddable":true,"href":"https:\/\/www.ics.gob.cu\/en\/wp-json\/wp\/v2\/users\/7"}],"replies":[{"embeddable":true,"href":"https:\/\/www.ics.gob.cu\/en\/wp-json\/wp\/v2\/comments?post=7196"}],"version-history":[{"count":5,"href":"https:\/\/www.ics.gob.cu\/en\/wp-json\/wp\/v2\/posts\/7196\/revisions"}],"predecessor-version":[{"id":7204,"href":"https:\/\/www.ics.gob.cu\/en\/wp-json\/wp\/v2\/posts\/7196\/revisions\/7204"}],"wp:featuredmedia":[{"embeddable":true,"href":"https:\/\/www.ics.gob.cu\/en\/wp-json\/wp\/v2\/media\/7197"}],"wp:attachment":[{"href":"https:\/\/www.ics.gob.cu\/en\/wp-json\/wp\/v2\/media?parent=7196"}],"wp:term":[{"taxonomy":"category","embeddable":true,"href":"https:\/\/www.ics.gob.cu\/en\/wp-json\/wp\/v2\/categories?post=7196"},{"taxonomy":"post_tag","embeddable":true,"href":"https:\/\/www.ics.gob.cu\/en\/wp-json\/wp\/v2\/tags?post=7196"}],"curies":[{"name":"wp","href":"https:\/\/api.w.org\/{rel}","templated":true}]}}