{"id":7208,"date":"2025-05-15T21:18:06","date_gmt":"2025-05-15T21:18:06","guid":{"rendered":"https:\/\/www.ics.gob.cu\/?p=7208"},"modified":"2025-05-16T21:03:08","modified_gmt":"2025-05-16T21:03:08","slug":"fallecio-ezequiel-garcia-trapaga-premio-nacional-de-television-2025","status":"publish","type":"post","link":"https:\/\/www.ics.gob.cu\/en\/fallecio-ezequiel-garcia-trapaga-premio-nacional-de-television-2025\/","title":{"rendered":"Falleci\u00f3 Ezequiel Garc\u00eda Tr\u00e1paga, Premio Nacional de Televisi\u00f3n 2025"},"content":{"rendered":"<div class=\"pdfprnt-buttons pdfprnt-buttons-post pdfprnt-top-right\"><a href=\"https:\/\/www.ics.gob.cu\/en\/wp-json\/wp\/v2\/posts\/7208?print=print\" class=\"pdfprnt-button pdfprnt-button-print\" target=\"_blank\" ><img decoding=\"async\" src=\"https:\/\/www.ics.gob.cu\/wp-content\/plugins\/pdf-print\/images\/print.png\" alt=\"image_print\" title=\"Print Content\" \/><\/a><\/div>\n<p>Con profundo dolor, recibimos la noticia del fallecimiento en la ma\u00f1ana de hoy, a los 85 a\u00f1os de edad, de Ezequiel Garc\u00eda Tr\u00e1paga, Productor y Licenciado en Ciencias Sociales y Econ\u00f3micas, a quien recientemente se le hab\u00eda otorgado el Premio Nacional de Televisi\u00f3n, el m\u00e1s alto reconocimiento que se otorga cada a\u00f1o en la Radio y a la Televisi\u00f3n en Cuba, merecedor de tal distinci\u00f3n por el conjunto de la obra de toda la vida.<\/p>\n\n\n\n<p>Tr\u00e1paga, se inici\u00f3 hac\u00eda 63 a\u00f1os en el Instituto de Radio y Televisi\u00f3n, donde comenz\u00f3 a trabajar como auxiliar general de limpieza. Por la seriedad en el trabajo y la disciplina pas\u00f3 a ocupar la plaza de auxiliar general de almac\u00e9n t\u00e9cnico y posteriormente la responsabilidad de Jefe del Almac\u00e9n.<\/p>\n\n\n\n<p> Por sus resultados, es trasladado al departamento de Video-Tape y Kinescopio a aprender operar las dos primeras m\u00e1quinas de VTR \u00a8SONY\u00a8 que fueron donadas por la UNESCO para las grabaciones y transmisiones de tele clases de distintos niveles. <\/p>\n\n\n\n<p>Fue all\u00ed donde se comenzaron a grabar los actos pol\u00edticos del Comandante en Jefe Fidel Castro.  Posteriormente ocupa la responsabilidad de Jefe del Departamento de Grupos Operativos hoy Departamento de Realizaci\u00f3n\u201d. <\/p>\n\n\n\n<p>Con vistas a la celebraci\u00f3n del Primer Congreso del Partido fue designado Jefe de Departamento de Control Remoto en 1975. Igualmente, por necesidad de recuperar la tradici\u00f3n del doblaje cinematogr\u00e1fico se le dio la tarea de Jefe de departamento de Control Remoto. <\/p>\n\n\n\n<p>De ah\u00ed en adelante se le asignaron otras responsabilidades como Jefe del Departamento de Producci\u00f3n del Canal Tele-Rebelde y desde ese lugar continu\u00f3 atendiendo la producci\u00f3n de los Actos Pol\u00edticos, y luego nombrado Director de Actos Pol\u00edticos y Eventos Especiales de la TVC.En 1972, se le otorg\u00f3 la militancia del Partido Comunista de Cuba. <\/p>\n\n\n\n<p>En m\u00e1s de diez ocasiones Cuadro Destacado de la Radio y la Televisi\u00f3n y Cuadro Destacado del Estado y el Gobierno, recibiendo el diploma y reconocimiento de manos del Comandante en Jefe, Fidel Castro Ruz, as\u00ed como la R\u00e9plica del Machete de M\u00e1ximo Gomez, otorgado por el General de Ej\u00e9rcito Ra\u00fal Castro Ruz, por la destacada labor en la divulgaci\u00f3n de las tareas y misiones de las Fuerzas Armadas Revolucionarias FAR.<\/p>\n\n\n\n<p>Fue Productor de Televisi\u00f3n en Cuatro Olimpiadas, Barcelona 1992; Atenas 2004, Beijing 2008. Londres 2012; 4 Juegos Panamericanos y 3 Juegos Centroamericanos, Y represent\u00f3 al Organismo en muchos otros Eventos Internacionales.<\/p>\n\n\n\n<p>Ha sido objeto de m\u00faltiples reconocimientos por parte de sus compa\u00f1eros de trabajo, del Sindicato, del Partido y de las Organizaciones Pol\u00edticas y de Masas, as\u00ed como de organismos del Estado, por la seriedad y responsabilidad desarrollada en las coberturas televisivas como Productor de Televisi\u00f3n. <\/p>\n\n\n\n<p>A nombre de la Televisi\u00f3n, la Radio y el Instituto de Informaci\u00f3n y Comunicaci\u00f3n Social, llegue a sus familiares, colegas y amigos, nuestras m\u00e1s sentidas condolencias.<\/p>\n\n\n\n<figure class=\"wp-block-embed is-type-rich is-provider-x-formerly-twitter wp-block-embed-x-formerly-twitter\"><div class=\"wp-block-embed__wrapper\">\n<blockquote class=\"embedly-card\" data-card-controls=\"1\" data-card-align=\"center\" data-card-theme=\"light\"><h4><a href=\"https:\/\/twitter.com\/DiazCanelB\/status\/1923072065604608254?t=69A-isnijyct9E95OgeRAQ&#038;s=19\">Miguel D\u00edaz-Canel Berm\u00fadez on X (formerly Twitter): \u00abTriste noticia: falleci\u00f3 el productor Ezequiel Garc\u00eda Tr\u00e1paga, quien se entreg\u00f3 hasta \u00faltimo momento a la TVC y a la Revoluci\u00f3n, y con quien tuve una muy buena relaci\u00f3n en nuestros tiempos en la UJC. Fue Premio Nacional de Televisi\u00f3n en 2025. Condolencias a familiares y amigos. pic.twitter.com\/LjFAFaKjYq \/ X\u00bb<\/a><\/h4><p>Triste noticia: falleci\u00f3 el productor Ezequiel Garc\u00eda Tr\u00e1paga, quien se entreg\u00f3 hasta \u00faltimo momento a la TVC y a la Revoluci\u00f3n, y con quien tuve una muy buena relaci\u00f3n en nuestros tiempos en la UJC. Fue Premio Nacional de Televisi\u00f3n en 2025. Condolencias a familiares y amigos. pic.twitter.com\/LjFAFaKjYq<\/p><\/blockquote><script async src=\"\/\/cdn.embedly.com\/widgets\/platform.js\" charset=\"UTF-8\"><\/script>\n<\/div><\/figure>\n<div class=\"pld-like-dislike-wrap pld-template-1\">\r\n    <div class=\"pld-like-wrap  pld-common-wrap\">\r\n    <a href=\"javascript:void(0)\" class=\"pld-like-trigger pld-like-dislike-trigger\" title=\"\" data-post-id=\"7208\" data-trigger-type=\"like\" data-restriction=\"cookie\" data-already-liked=\"0\">\r\n                        <i class=\"fas fa-thumbs-up\"><\/i>\r\n                <\/a>\r\n    <span class=\"pld-like-count-wrap pld-count-wrap\">0    <\/span>\r\n<\/div><div class=\"pld-dislike-wrap  pld-common-wrap\">\r\n    <a href=\"javascript:void(0)\" class=\"pld-dislike-trigger pld-like-dislike-trigger\" title=\"\" data-post-id=\"7208\" data-trigger-type=\"dislike\" data-restriction=\"cookie\" data-already-liked=\"0\">\r\n                        <i class=\"fas fa-thumbs-down\"><\/i>\r\n                <\/a>\r\n    <span class=\"pld-dislike-count-wrap pld-count-wrap\">0<\/span>\r\n<\/div><\/div>","protected":false},"excerpt":{"rendered":"<p>Con profundo dolor, recibimos la noticia del fallecimiento en la ma\u00f1ana de hoy, a los 85 a\u00f1os de edad, de Ezequiel Garc\u00eda Tr\u00e1paga, Productor y Licenciado en Ciencias Sociales y Econ\u00f3micas, a quien recientemente se le hab\u00eda otorgado el Premio Nacional de Televisi\u00f3n, el m\u00e1s alto reconocimiento que se otorga cada a\u00f1o en la Radio [&hellip;]<\/p>\n","protected":false},"author":7,"featured_media":7214,"comment_status":"open","ping_status":"closed","sticky":false,"template":"","format":"standard","meta":{"_bbp_topic_count":0,"_bbp_reply_count":0,"_bbp_total_topic_count":0,"_bbp_total_reply_count":0,"_bbp_voice_count":0,"_bbp_anonymous_reply_count":0,"_bbp_topic_count_hidden":0,"_bbp_reply_count_hidden":0,"_bbp_forum_subforum_count":0,"_glsr_average":0,"_glsr_ranking":0,"_glsr_reviews":0,"footnotes":""},"categories":[10],"tags":[47,7,39],"class_list":["post-7208","post","type-post","status-publish","format-standard","has-post-thumbnail","hentry","category-nacionales","tag-comunicacion-social","tag-cuba","tag-ics"],"acf":[],"_links":{"self":[{"href":"https:\/\/www.ics.gob.cu\/en\/wp-json\/wp\/v2\/posts\/7208","targetHints":{"allow":["GET"]}}],"collection":[{"href":"https:\/\/www.ics.gob.cu\/en\/wp-json\/wp\/v2\/posts"}],"about":[{"href":"https:\/\/www.ics.gob.cu\/en\/wp-json\/wp\/v2\/types\/post"}],"author":[{"embeddable":true,"href":"https:\/\/www.ics.gob.cu\/en\/wp-json\/wp\/v2\/users\/7"}],"replies":[{"embeddable":true,"href":"https:\/\/www.ics.gob.cu\/en\/wp-json\/wp\/v2\/comments?post=7208"}],"version-history":[{"count":6,"href":"https:\/\/www.ics.gob.cu\/en\/wp-json\/wp\/v2\/posts\/7208\/revisions"}],"predecessor-version":[{"id":7230,"href":"https:\/\/www.ics.gob.cu\/en\/wp-json\/wp\/v2\/posts\/7208\/revisions\/7230"}],"wp:featuredmedia":[{"embeddable":true,"href":"https:\/\/www.ics.gob.cu\/en\/wp-json\/wp\/v2\/media\/7214"}],"wp:attachment":[{"href":"https:\/\/www.ics.gob.cu\/en\/wp-json\/wp\/v2\/media?parent=7208"}],"wp:term":[{"taxonomy":"category","embeddable":true,"href":"https:\/\/www.ics.gob.cu\/en\/wp-json\/wp\/v2\/categories?post=7208"},{"taxonomy":"post_tag","embeddable":true,"href":"https:\/\/www.ics.gob.cu\/en\/wp-json\/wp\/v2\/tags?post=7208"}],"curies":[{"name":"wp","href":"https:\/\/api.w.org\/{rel}","templated":true}]}}