{"id":7234,"date":"2025-05-21T13:15:52","date_gmt":"2025-05-21T13:15:52","guid":{"rendered":"https:\/\/www.ics.gob.cu\/?p=7234"},"modified":"2025-05-21T13:15:54","modified_gmt":"2025-05-21T13:15:54","slug":"el-ics-recibe-a-los-jovenes-en-jornada-de-puertas-abiertas","status":"publish","type":"post","link":"https:\/\/www.ics.gob.cu\/en\/el-ics-recibe-a-los-jovenes-en-jornada-de-puertas-abiertas\/","title":{"rendered":"El ICS recibe a los j\u00f3venes en jornada de puertas abiertas"},"content":{"rendered":"<div class=\"pdfprnt-buttons pdfprnt-buttons-post pdfprnt-top-right\"><a href=\"https:\/\/www.ics.gob.cu\/en\/wp-json\/wp\/v2\/posts\/7234?print=print\" class=\"pdfprnt-button pdfprnt-button-print\" target=\"_blank\" ><img decoding=\"async\" src=\"https:\/\/www.ics.gob.cu\/wp-content\/plugins\/pdf-print\/images\/print.png\" alt=\"image_print\" title=\"Print Content\" \/><\/a><\/div>\n<p>Una aportadora, din\u00e1mica y retadora jornada de puertas abiertas realizamos este martes en el Instituto de Informaci\u00f3n y Comunicaci\u00f3n Social (ICS), cuyos protagonistas fueron estudiantes de los primeros a\u00f1os de las tres carreras que se cursan en la Facultad de Comunicaci\u00f3n de la Universidad de la Habana.<\/p>\n\n\n\n<p>Varios momentos tuvieron los intercambios sostenidos, en los que participaron cuadros y directivos del Instituto, encabezados por su Presidente, Alfonso Noya Martinez, quien les di\u00f3 la bienvenida a los j\u00f3venes estudiantes y les explic\u00f3 la misi\u00f3n y funciones del organismo y las din\u00e1micas de trabajo diario, muchas de las cuales requieren de ideas novedosas, conocimientos y habilidades que hoy tienen incorporados los estudiantes.<\/p>\n\n\n\n<figure class=\"wp-block-image size-full\"><img loading=\"lazy\" decoding=\"async\" width=\"1020\" height=\"460\" src=\"https:\/\/www.ics.gob.cu\/wp-content\/uploads\/2025\/05\/1000321314.jpg\" alt=\"\" class=\"wp-image-7236\" srcset=\"https:\/\/www.ics.gob.cu\/wp-content\/uploads\/2025\/05\/1000321314.jpg 1020w, https:\/\/www.ics.gob.cu\/wp-content\/uploads\/2025\/05\/1000321314-300x135.jpg 300w, https:\/\/www.ics.gob.cu\/wp-content\/uploads\/2025\/05\/1000321314-768x346.jpg 768w\" sizes=\"auto, (max-width: 1020px) 100vw, 1020px\" \/><\/figure>\n\n\n\n<p>Sobre la ley 162\/2023 \u00abDe Comunicaci\u00f3n Social\u00bb y sus disposiciones normativas reglamentarias, su importancia y aplicaci\u00f3n, el camino a seguir, se di\u00e1logo ampliamente, as\u00ed como las diferentes modalidades de inserci\u00f3n y acercamiento que pueden tener los estudiantes en el ICS, ya sea mediante pr\u00e1cticas laborales, adiestramiento, contrataci\u00f3n, formas diversas de vinculaci\u00f3n permanente y sobre todo, cu\u00e1nto pueden generar a los procesos comunicaci\u00f3n organizacional, de ciencia e innovaci\u00f3n e investigativos en general, que tan necesarios son. <\/p>\n\n\n\n<figure class=\"wp-block-image size-large\"><img loading=\"lazy\" decoding=\"async\" width=\"1024\" height=\"576\" src=\"https:\/\/www.ics.gob.cu\/wp-content\/uploads\/2025\/05\/1000321542-1024x576.jpg\" alt=\"\" class=\"wp-image-7237\" srcset=\"https:\/\/www.ics.gob.cu\/wp-content\/uploads\/2025\/05\/1000321542-1024x576.jpg 1024w, https:\/\/www.ics.gob.cu\/wp-content\/uploads\/2025\/05\/1000321542-300x169.jpg 300w, https:\/\/www.ics.gob.cu\/wp-content\/uploads\/2025\/05\/1000321542-768x432.jpg 768w, https:\/\/www.ics.gob.cu\/wp-content\/uploads\/2025\/05\/1000321542.jpg 1080w\" sizes=\"auto, (max-width: 1024px) 100vw, 1024px\" \/><\/figure>\n\n\n\n<p>Muchas inquietudes se generan en encuentros como estos pero siempre es un buen paso y as\u00ed lo definieron tambi\u00e9n directivas de la Direcci\u00f3n de Recursos Humanos y especialistas de capacitaci\u00f3n del ICS, as\u00ed como la directora de nuestra Escuela Ramal, quienes tambi\u00e9n participaron en la jornada. <\/p>\n\n\n\n<p>Los j\u00f3venes estudiantes recorrieron la sede de algunos medios de comunicaci\u00f3n como Radio Progreso, Cubavision Internacional y Radio Reloj  e intercambiaron con comunicadoras reci\u00e9n graduadas con una labor destacada en el Canal Clave de nuestra televisi\u00f3n, quienes contaron sus experiencias m\u00e1s recientes.<\/p>\n\n\n\n<figure class=\"wp-block-image size-large\"><img loading=\"lazy\" decoding=\"async\" width=\"1024\" height=\"576\" src=\"https:\/\/www.ics.gob.cu\/wp-content\/uploads\/2025\/05\/1000321543-1024x576.jpg\" alt=\"\" class=\"wp-image-7238\" srcset=\"https:\/\/www.ics.gob.cu\/wp-content\/uploads\/2025\/05\/1000321543-1024x576.jpg 1024w, https:\/\/www.ics.gob.cu\/wp-content\/uploads\/2025\/05\/1000321543-300x169.jpg 300w, https:\/\/www.ics.gob.cu\/wp-content\/uploads\/2025\/05\/1000321543-768x432.jpg 768w, https:\/\/www.ics.gob.cu\/wp-content\/uploads\/2025\/05\/1000321543.jpg 1080w\" sizes=\"auto, (max-width: 1024px) 100vw, 1024px\" \/><\/figure>\n<div class=\"pld-like-dislike-wrap pld-template-1\">\r\n    <div class=\"pld-like-wrap  pld-common-wrap\">\r\n    <a href=\"javascript:void(0)\" class=\"pld-like-trigger pld-like-dislike-trigger\" title=\"\" data-post-id=\"7234\" data-trigger-type=\"like\" data-restriction=\"cookie\" data-already-liked=\"0\">\r\n                        <i class=\"fas fa-thumbs-up\"><\/i>\r\n                <\/a>\r\n    <span class=\"pld-like-count-wrap pld-count-wrap\">2    <\/span>\r\n<\/div><div class=\"pld-dislike-wrap  pld-common-wrap\">\r\n    <a href=\"javascript:void(0)\" class=\"pld-dislike-trigger pld-like-dislike-trigger\" title=\"\" data-post-id=\"7234\" data-trigger-type=\"dislike\" data-restriction=\"cookie\" data-already-liked=\"0\">\r\n                        <i class=\"fas fa-thumbs-down\"><\/i>\r\n                <\/a>\r\n    <span class=\"pld-dislike-count-wrap pld-count-wrap\">0<\/span>\r\n<\/div><\/div>","protected":false},"excerpt":{"rendered":"<p>Una aportadora, din\u00e1mica y retadora jornada de puertas abiertas realizamos este martes en el Instituto de Informaci\u00f3n y Comunicaci\u00f3n Social (ICS), cuyos protagonistas fueron estudiantes de los primeros a\u00f1os de las tres carreras que se cursan en la Facultad de Comunicaci\u00f3n de la Universidad de la Habana. Varios momentos tuvieron los intercambios sostenidos, en los [&hellip;]<\/p>\n","protected":false},"author":7,"featured_media":7235,"comment_status":"open","ping_status":"closed","sticky":false,"template":"","format":"standard","meta":{"_bbp_topic_count":0,"_bbp_reply_count":0,"_bbp_total_topic_count":0,"_bbp_total_reply_count":0,"_bbp_voice_count":0,"_bbp_anonymous_reply_count":0,"_bbp_topic_count_hidden":0,"_bbp_reply_count_hidden":0,"_bbp_forum_subforum_count":0,"_glsr_average":0,"_glsr_ranking":0,"_glsr_reviews":0,"footnotes":""},"categories":[10],"tags":[47,59,39,64],"class_list":["post-7234","post","type-post","status-publish","format-standard","has-post-thumbnail","hentry","category-nacionales","tag-comunicacion-social","tag-educacion-para-la-comunicacion","tag-ics","tag-revolucion-cubana"],"acf":[],"_links":{"self":[{"href":"https:\/\/www.ics.gob.cu\/en\/wp-json\/wp\/v2\/posts\/7234","targetHints":{"allow":["GET"]}}],"collection":[{"href":"https:\/\/www.ics.gob.cu\/en\/wp-json\/wp\/v2\/posts"}],"about":[{"href":"https:\/\/www.ics.gob.cu\/en\/wp-json\/wp\/v2\/types\/post"}],"author":[{"embeddable":true,"href":"https:\/\/www.ics.gob.cu\/en\/wp-json\/wp\/v2\/users\/7"}],"replies":[{"embeddable":true,"href":"https:\/\/www.ics.gob.cu\/en\/wp-json\/wp\/v2\/comments?post=7234"}],"version-history":[{"count":3,"href":"https:\/\/www.ics.gob.cu\/en\/wp-json\/wp\/v2\/posts\/7234\/revisions"}],"predecessor-version":[{"id":7241,"href":"https:\/\/www.ics.gob.cu\/en\/wp-json\/wp\/v2\/posts\/7234\/revisions\/7241"}],"wp:featuredmedia":[{"embeddable":true,"href":"https:\/\/www.ics.gob.cu\/en\/wp-json\/wp\/v2\/media\/7235"}],"wp:attachment":[{"href":"https:\/\/www.ics.gob.cu\/en\/wp-json\/wp\/v2\/media?parent=7234"}],"wp:term":[{"taxonomy":"category","embeddable":true,"href":"https:\/\/www.ics.gob.cu\/en\/wp-json\/wp\/v2\/categories?post=7234"},{"taxonomy":"post_tag","embeddable":true,"href":"https:\/\/www.ics.gob.cu\/en\/wp-json\/wp\/v2\/tags?post=7234"}],"curies":[{"name":"wp","href":"https:\/\/api.w.org\/{rel}","templated":true}]}}