{"id":7247,"date":"2025-05-22T15:59:41","date_gmt":"2025-05-22T15:59:41","guid":{"rendered":"https:\/\/www.ics.gob.cu\/?p=7247"},"modified":"2025-05-22T17:12:32","modified_gmt":"2025-05-22T17:12:32","slug":"television-cubana-75-anos-llevando-magia-a-nuestros-hogares","status":"publish","type":"post","link":"https:\/\/www.ics.gob.cu\/en\/television-cubana-75-anos-llevando-magia-a-nuestros-hogares\/","title":{"rendered":"Televisi\u00f3n Cubana, 75 a\u00f1os llevando magia a nuestros hogares"},"content":{"rendered":"<div class=\"pdfprnt-buttons pdfprnt-buttons-post pdfprnt-top-right\"><a href=\"https:\/\/www.ics.gob.cu\/en\/wp-json\/wp\/v2\/posts\/7247?print=print\" class=\"pdfprnt-button pdfprnt-button-print\" target=\"_blank\" ><img decoding=\"async\" src=\"https:\/\/www.ics.gob.cu\/wp-content\/plugins\/pdf-print\/images\/print.png\" alt=\"image_print\" title=\"Print Content\" \/><\/a><\/div>\n<p>El pr\u00f3ximo 24 de octubre la Televisi\u00f3n Cubana (TVC) arribar\u00e1 a su aniversario 75. Con una primera emisi\u00f3n ese mismo d\u00eda del a\u00f1o 1950, nuestra televisi\u00f3n ha recorrido un camino de transformaci\u00f3n y evoluci\u00f3n a lo largo de estos a\u00f1os. Hoy es el principal medio de difusi\u00f3n nacional.<\/p>\n\n\n\n<p>Con el objetivo de visibilizar el trabajo de quienes han hecho posible su magia en estas m\u00e1s de siete d\u00e9cadas y para fortalecer las relaciones con el p\u00fablico interno y externo de la instituci\u00f3n, apoyando en gran medida el reforzamiento de la identidad e imagen corporativa de la TVC se ha preparado una campa\u00f1a que rinde homenaje a este aniversario.<\/p>\n\n\n\n<p>Llevar al pueblo informaci\u00f3n, cultura y entretenimiento con calidad, creando un clima de confiabilidad y respeto en cada mensaje y programa transmitido, es la raz\u00f3n de ser de quienes han estado y sobre todo, los que hoy laboran en ella.<\/p>\n\n\n<div class=\"wp-block-image\">\n<figure class=\"aligncenter size-large is-resized\"><img loading=\"lazy\" decoding=\"async\" width=\"1024\" height=\"768\" src=\"https:\/\/www.ics.gob.cu\/wp-content\/uploads\/2025\/05\/WhatsApp-Image-2025-05-22-at-5.33.33-PM-1024x768.jpeg\" alt=\"\" class=\"wp-image-7248\" style=\"width:500px;height:auto\" srcset=\"https:\/\/www.ics.gob.cu\/wp-content\/uploads\/2025\/05\/WhatsApp-Image-2025-05-22-at-5.33.33-PM-1024x768.jpeg 1024w, https:\/\/www.ics.gob.cu\/wp-content\/uploads\/2025\/05\/WhatsApp-Image-2025-05-22-at-5.33.33-PM-300x225.jpeg 300w, https:\/\/www.ics.gob.cu\/wp-content\/uploads\/2025\/05\/WhatsApp-Image-2025-05-22-at-5.33.33-PM-768x576.jpeg 768w, https:\/\/www.ics.gob.cu\/wp-content\/uploads\/2025\/05\/WhatsApp-Image-2025-05-22-at-5.33.33-PM-1536x1152.jpeg 1536w, https:\/\/www.ics.gob.cu\/wp-content\/uploads\/2025\/05\/WhatsApp-Image-2025-05-22-at-5.33.33-PM-2048x1536.jpeg 2048w\" sizes=\"auto, (max-width: 1024px) 100vw, 1024px\" \/><\/figure>\n<\/div>\n\n\n<p>Seg\u00fan dio a conocer la Direcci\u00f3n General de la TVC y en especial, su Direcci\u00f3n de Comunicaci\u00f3n, la celebraci\u00f3n se extender\u00e1 hasta el 2026. Entre las acciones m\u00e1s significativas est\u00e1n la entrega del Premio Nacional de TV, la Condici\u00f3n de Artista de M\u00e9rito y el Premio \u201cPeque\u00f1a Pantalla\u201d, as\u00ed como el Sello Conmemorativo Aniversario 75 a trabajadores con m\u00e1s de 25 a\u00f1os en el medio.<\/p>\n\n\n\n<p>De igual manera, se estar\u00e1n celebrando los aniversarios de los programas en los canales nacionales y territoriales y sesionar\u00e1n talleres de creaci\u00f3n, coloquios, el Festival de Telecentros, el evento internacional dedicado al patrimonio audiovisual \u00abTVMorfosis\u00bb, entre otras actividades.<\/p>\n\n\n\n<figure class=\"wp-block-embed is-type-rich is-provider-youtube wp-block-embed-youtube\"><div class=\"wp-block-embed__wrapper\">\n<blockquote class=\"embedly-card\" data-card-controls=\"1\" data-card-align=\"center\" data-card-theme=\"light\"><h4><a href=\"https:\/\/youtu.be\/56kOhhEj_2s\">SPOT 75 A\u00d1OS TVC<\/a><\/h4><p>El pr\u00f3ximo 24 de octubre se cumplir\u00e1n 75 a\u00f1os de la primera tranmisi\u00f3n televisiva en Cuba. Hace m\u00e1s de siete d\u00e9cadas la se\u00f1al de la Televisi\u00f3n cubana entra a cada hogar para brindar momentos inolvidables a toda la familia. Desde ya estamos celebrando. Compartimos el spot de la conmemoraci\u00f3n.<\/p><\/blockquote><script async src=\"\/\/cdn.embedly.com\/widgets\/platform.js\" charset=\"UTF-8\"><\/script>\n<\/div><\/figure>\n\n\n\n<p>Cuba se encuentra entre los primeros pa\u00edses de Am\u00e9rica Latina en introducir la televisi\u00f3n, aunque en sus inicios respond\u00eda a los intereses de las compa\u00f1\u00edas privadas, con un marcado contenido comercial, dirigida al entretenimiento y a la publicidad. Luego con el triunfo de la Revoluci\u00f3n, los medios se desprivatizan y son convertidos en propiedad estatal, se orientan en funci\u00f3n del desarrollo social y en beneficio del pueblo, al sevicio de todos y todas, reforzando los valores y principios de una sociedad donde el ser humano es el centro.<\/p>\n\n\n\n<p>Hoy nuestro Sistema de la Televisi\u00f3n cubana, que llega a todo el pa\u00eds mediante su red de canales y telecentros provinciales y municipales, as\u00ed como corresponsal\u00edas, es uno de los subsistemas que forman parte de nuestro Instituto de Informaci\u00f3n y Comunicaci\u00f3n Social (ICS) y asume como objetivo principal \u201cdesarrollar y satisfacer los intereses y necesidades informativas, educativas, culturales y de entretenimiento de los diferentes cmp\u00fablicos de la naci\u00f3n cubana, correspondi\u00e9ndole, adem\u00e1s, la materializaci\u00f3n pr\u00e1ctica de los ejes tem\u00e1ticos en la programaci\u00f3n televisiva, considerando el contexto internacional, las perspectivas de desarrollo y la continuidad de la Revoluci\u00f3n cubana\u201d.<\/p>\n\n\n\n<p>Desde ya, el agradecimiento infinito a los que hacen posible esa magia de la televisi\u00f3n y hasta en las m\u00e1s complejas condiciones, anteponen el compromiso, la veracidad, la inmediatez y la transparencia, la educaci\u00f3n y el entretenimiento. Estaremos acompa\u00f1\u00e1ndolos desde el ICS.<\/p>\n\n\n\n<p><\/p>\n<div class=\"pld-like-dislike-wrap pld-template-1\">\r\n    <div class=\"pld-like-wrap  pld-common-wrap\">\r\n    <a href=\"javascript:void(0)\" class=\"pld-like-trigger pld-like-dislike-trigger\" title=\"\" data-post-id=\"7247\" data-trigger-type=\"like\" data-restriction=\"cookie\" data-already-liked=\"0\">\r\n                        <i class=\"fas fa-thumbs-up\"><\/i>\r\n                <\/a>\r\n    <span class=\"pld-like-count-wrap pld-count-wrap\">0    <\/span>\r\n<\/div><div class=\"pld-dislike-wrap  pld-common-wrap\">\r\n    <a href=\"javascript:void(0)\" class=\"pld-dislike-trigger pld-like-dislike-trigger\" title=\"\" data-post-id=\"7247\" data-trigger-type=\"dislike\" data-restriction=\"cookie\" data-already-liked=\"0\">\r\n                        <i class=\"fas fa-thumbs-down\"><\/i>\r\n                <\/a>\r\n    <span class=\"pld-dislike-count-wrap pld-count-wrap\">0<\/span>\r\n<\/div><\/div>","protected":false},"excerpt":{"rendered":"<p>El pr\u00f3ximo 24 de octubre la Televisi\u00f3n Cubana (TVC) arribar\u00e1 a su aniversario 75. Con una primera emisi\u00f3n ese mismo d\u00eda del a\u00f1o 1950, nuestra televisi\u00f3n ha recorrido un camino de transformaci\u00f3n y evoluci\u00f3n a lo largo de estos a\u00f1os. Hoy es el principal medio de difusi\u00f3n nacional. Con el objetivo de visibilizar el trabajo [&hellip;]<\/p>\n","protected":false},"author":10,"featured_media":7249,"comment_status":"open","ping_status":"closed","sticky":false,"template":"","format":"standard","meta":{"_bbp_topic_count":0,"_bbp_reply_count":0,"_bbp_total_topic_count":0,"_bbp_total_reply_count":0,"_bbp_voice_count":0,"_bbp_anonymous_reply_count":0,"_bbp_topic_count_hidden":0,"_bbp_reply_count_hidden":0,"_bbp_forum_subforum_count":0,"_glsr_average":0,"_glsr_ranking":0,"_glsr_reviews":0,"footnotes":""},"categories":[10],"tags":[47,7,39,76],"class_list":["post-7247","post","type-post","status-publish","format-standard","has-post-thumbnail","hentry","category-nacionales","tag-comunicacion-social","tag-cuba","tag-ics","tag-television-cubana"],"acf":[],"_links":{"self":[{"href":"https:\/\/www.ics.gob.cu\/en\/wp-json\/wp\/v2\/posts\/7247","targetHints":{"allow":["GET"]}}],"collection":[{"href":"https:\/\/www.ics.gob.cu\/en\/wp-json\/wp\/v2\/posts"}],"about":[{"href":"https:\/\/www.ics.gob.cu\/en\/wp-json\/wp\/v2\/types\/post"}],"author":[{"embeddable":true,"href":"https:\/\/www.ics.gob.cu\/en\/wp-json\/wp\/v2\/users\/10"}],"replies":[{"embeddable":true,"href":"https:\/\/www.ics.gob.cu\/en\/wp-json\/wp\/v2\/comments?post=7247"}],"version-history":[{"count":5,"href":"https:\/\/www.ics.gob.cu\/en\/wp-json\/wp\/v2\/posts\/7247\/revisions"}],"predecessor-version":[{"id":7255,"href":"https:\/\/www.ics.gob.cu\/en\/wp-json\/wp\/v2\/posts\/7247\/revisions\/7255"}],"wp:featuredmedia":[{"embeddable":true,"href":"https:\/\/www.ics.gob.cu\/en\/wp-json\/wp\/v2\/media\/7249"}],"wp:attachment":[{"href":"https:\/\/www.ics.gob.cu\/en\/wp-json\/wp\/v2\/media?parent=7247"}],"wp:term":[{"taxonomy":"category","embeddable":true,"href":"https:\/\/www.ics.gob.cu\/en\/wp-json\/wp\/v2\/categories?post=7247"},{"taxonomy":"post_tag","embeddable":true,"href":"https:\/\/www.ics.gob.cu\/en\/wp-json\/wp\/v2\/tags?post=7247"}],"curies":[{"name":"wp","href":"https:\/\/api.w.org\/{rel}","templated":true}]}}