{"id":7265,"date":"2025-05-26T12:00:36","date_gmt":"2025-05-26T12:00:36","guid":{"rendered":"https:\/\/www.ics.gob.cu\/?p=7265"},"modified":"2025-05-26T12:00:38","modified_gmt":"2025-05-26T12:00:38","slug":"oportunidades-y-regulaciones-de-la-publicidad-y-el-patrocinio-en-cuba-un-debate-necesario","status":"publish","type":"post","link":"https:\/\/www.ics.gob.cu\/en\/oportunidades-y-regulaciones-de-la-publicidad-y-el-patrocinio-en-cuba-un-debate-necesario\/","title":{"rendered":"Oportunidades y Regulaciones de la Publicidad y el Patrocinio en Cuba: Un Debate Necesario."},"content":{"rendered":"<div class=\"pdfprnt-buttons pdfprnt-buttons-post pdfprnt-top-right\"><a href=\"https:\/\/www.ics.gob.cu\/en\/wp-json\/wp\/v2\/posts\/7265?print=print\" class=\"pdfprnt-button pdfprnt-button-print\" target=\"_blank\" ><img decoding=\"async\" src=\"https:\/\/www.ics.gob.cu\/wp-content\/plugins\/pdf-print\/images\/print.png\" alt=\"image_print\" title=\"Print Content\" \/><\/a><\/div>\n<p>La publicidad y el patrocinio contin\u00faan posicion\u00e1ndose como temas de gran relevancia y debate en el entorno empresarial cubano. Con la entrada en vigor de la Ley 162\/2023 \u00abDe Comunicaci\u00f3n Social\u00bb y el Decreto 102\/2024, Reglamento para el ejercicio de la publicidad y el patrocinio, el escenario se transforma y exige a todos los actores econ\u00f3micos\u2014formas de gesti\u00f3n estatal y formas de gesti\u00f3n no estatal\u2014una actuaci\u00f3n responsable, ordenada y apegada a la legalidad vigente.<\/p>\n\n\n\n<figure class=\"wp-block-image size-large\"><img loading=\"lazy\" decoding=\"async\" width=\"1024\" height=\"822\" src=\"https:\/\/www.ics.gob.cu\/wp-content\/uploads\/2025\/05\/Imagen-de-WhatsApp-2025-05-23-a-las-14.30.17_e36bfc43-1024x822.jpg\" alt=\"\" class=\"wp-image-7267\" srcset=\"https:\/\/www.ics.gob.cu\/wp-content\/uploads\/2025\/05\/Imagen-de-WhatsApp-2025-05-23-a-las-14.30.17_e36bfc43-1024x822.jpg 1024w, https:\/\/www.ics.gob.cu\/wp-content\/uploads\/2025\/05\/Imagen-de-WhatsApp-2025-05-23-a-las-14.30.17_e36bfc43-300x241.jpg 300w, https:\/\/www.ics.gob.cu\/wp-content\/uploads\/2025\/05\/Imagen-de-WhatsApp-2025-05-23-a-las-14.30.17_e36bfc43-768x617.jpg 768w, https:\/\/www.ics.gob.cu\/wp-content\/uploads\/2025\/05\/Imagen-de-WhatsApp-2025-05-23-a-las-14.30.17_e36bfc43.jpg 1280w\" sizes=\"auto, (max-width: 1024px) 100vw, 1024px\" \/><\/figure>\n\n\n\n<p>Recientemente, la C\u00e1mara de Comercio de la Rep\u00fablica de Cuba acogi\u00f3 un evento clave que reuni\u00f3 a casi 80 asociados. En este espacio, los participantes tuvieron la oportunidad de dialogar directamente con Xenia L\u00f3pez, Directora General de Publicidad y Patrocinio del Instituto de Informaci\u00f3n y Comunicaci\u00f3n Social (ICS) y con Laura Dom\u00ednguez, Directora de Comunicaci\u00f3n de Servicios M\u00e9dicos Cubanos (SMC).<\/p>\n\n\n\n<p><\/p>\n\n\n\n<p>Durante m\u00e1s de tres horas de intercambio, se abordaron temas de inter\u00e9s para el sector, entre ellos la regulaci\u00f3n de la publicidad en soportes m\u00f3viles, en los medios de comunicaci\u00f3n social y otros aspectos fundamentales para el desarrollo de pr\u00e1cticas publicitarias transparentes y apegadas a lo regulado.<\/p>\n\n\n\n<figure class=\"wp-block-image size-large\"><img loading=\"lazy\" decoding=\"async\" width=\"1024\" height=\"797\" src=\"https:\/\/www.ics.gob.cu\/wp-content\/uploads\/2025\/05\/Imagen-de-WhatsApp-2025-05-23-a-las-14.30.17_f8e68977-1024x797.jpg\" alt=\"\" class=\"wp-image-7268\" srcset=\"https:\/\/www.ics.gob.cu\/wp-content\/uploads\/2025\/05\/Imagen-de-WhatsApp-2025-05-23-a-las-14.30.17_f8e68977-1024x797.jpg 1024w, https:\/\/www.ics.gob.cu\/wp-content\/uploads\/2025\/05\/Imagen-de-WhatsApp-2025-05-23-a-las-14.30.17_f8e68977-300x233.jpg 300w, https:\/\/www.ics.gob.cu\/wp-content\/uploads\/2025\/05\/Imagen-de-WhatsApp-2025-05-23-a-las-14.30.17_f8e68977-768x598.jpg 768w, https:\/\/www.ics.gob.cu\/wp-content\/uploads\/2025\/05\/Imagen-de-WhatsApp-2025-05-23-a-las-14.30.17_f8e68977.jpg 1280w\" sizes=\"auto, (max-width: 1024px) 100vw, 1024px\" \/><\/figure>\n\n\n\n<p>Uno de los puntos debatidos fue la distinci\u00f3n entre donaci\u00f3n y patrocinio. Xenia L\u00f3pez explic\u00f3 que, mientras la donaci\u00f3n implica una transferencia de recursos sin esperar un retorno promocional, el patrocinio establece un v\u00ednculo contractual en el que ambas partes obtienen beneficios: la entidad patrocinada recibe apoyo financiero o material y el patrocinador obtiene visibilidad y posicionamiento de su marca.<\/p>\n\n\n\n<p><\/p>\n\n\n\n<p>La regulaci\u00f3n de la publicidad en soportes m\u00f3viles fue otro de los temas que gener\u00f3 inter\u00e9s. Se subray\u00f3 la importancia de cumplir con los requisitos legales para los anuncios en veh\u00edculos, pantallas electr\u00f3nicas y otros medios m\u00f3viles, garantizando la veracidad y correspondencia del mensaje publicitario con las cualidades de las marcas, los productos y los servicios que se promuevan.<\/p>\n\n\n\n<p><\/p>\n\n\n\n<p>Desde la experiencia de la comercializadora SMC, su Directora de Comunicaci\u00f3n Laura Dom\u00ednguez, comparti\u00f3 ejemplos pr\u00e1cticos sobre c\u00f3mo la empresa ha logrado implementar acciones publicitarias alineadas con la normativa vigente, maximizando el impacto social y comercial sin perder de vista el cumplimiento legal.<\/p>\n\n\n\n<p><\/p>\n\n\n\n<p>El encuentro en la C\u00e1mara de Comercio evidencia la necesidad de continuar promoviendo espacios de capacitaci\u00f3n, di\u00e1logo e intercambio entre los diferentes actores econ\u00f3micos y el Instituto de Informaci\u00f3n y Comunicaci\u00f3n Social, para profundizar en el conocimiento de lo regulado en materia de publicidad y patrocinio y de esa forma aprovechar las oportunidades que ofrecen ambas pr\u00e1cticas comunicativas para contribuir al desarrollo econ\u00f3mico y social del pa\u00eds.<\/p>\n<div class=\"pld-like-dislike-wrap pld-template-1\">\r\n    <div class=\"pld-like-wrap  pld-common-wrap\">\r\n    <a href=\"javascript:void(0)\" class=\"pld-like-trigger pld-like-dislike-trigger\" title=\"\" data-post-id=\"7265\" data-trigger-type=\"like\" data-restriction=\"cookie\" data-already-liked=\"0\">\r\n                        <i class=\"fas fa-thumbs-up\"><\/i>\r\n                <\/a>\r\n    <span class=\"pld-like-count-wrap pld-count-wrap\">7    <\/span>\r\n<\/div><div class=\"pld-dislike-wrap  pld-common-wrap\">\r\n    <a href=\"javascript:void(0)\" class=\"pld-dislike-trigger pld-like-dislike-trigger\" title=\"\" data-post-id=\"7265\" data-trigger-type=\"dislike\" data-restriction=\"cookie\" data-already-liked=\"0\">\r\n                        <i class=\"fas fa-thumbs-down\"><\/i>\r\n                <\/a>\r\n    <span class=\"pld-dislike-count-wrap pld-count-wrap\">0<\/span>\r\n<\/div><\/div>","protected":false},"excerpt":{"rendered":"<p>La publicidad y el patrocinio contin\u00faan posicion\u00e1ndose como temas de gran relevancia y debate en el entorno empresarial cubano. Con la entrada en vigor de la Ley 162\/2023 \u00abDe Comunicaci\u00f3n Social\u00bb y el Decreto 102\/2024, Reglamento para el ejercicio de la publicidad y el patrocinio, el escenario se transforma y exige a todos los actores [&hellip;]<\/p>\n","protected":false},"author":7,"featured_media":7266,"comment_status":"open","ping_status":"closed","sticky":false,"template":"","format":"standard","meta":{"_bbp_topic_count":0,"_bbp_reply_count":0,"_bbp_total_topic_count":0,"_bbp_total_reply_count":0,"_bbp_voice_count":0,"_bbp_anonymous_reply_count":0,"_bbp_topic_count_hidden":0,"_bbp_reply_count_hidden":0,"_bbp_forum_subforum_count":0,"_glsr_average":0,"_glsr_ranking":0,"_glsr_reviews":0,"footnotes":""},"categories":[10],"tags":[47,39],"class_list":["post-7265","post","type-post","status-publish","format-standard","has-post-thumbnail","hentry","category-nacionales","tag-comunicacion-social","tag-ics"],"acf":[],"_links":{"self":[{"href":"https:\/\/www.ics.gob.cu\/en\/wp-json\/wp\/v2\/posts\/7265","targetHints":{"allow":["GET"]}}],"collection":[{"href":"https:\/\/www.ics.gob.cu\/en\/wp-json\/wp\/v2\/posts"}],"about":[{"href":"https:\/\/www.ics.gob.cu\/en\/wp-json\/wp\/v2\/types\/post"}],"author":[{"embeddable":true,"href":"https:\/\/www.ics.gob.cu\/en\/wp-json\/wp\/v2\/users\/7"}],"replies":[{"embeddable":true,"href":"https:\/\/www.ics.gob.cu\/en\/wp-json\/wp\/v2\/comments?post=7265"}],"version-history":[{"count":2,"href":"https:\/\/www.ics.gob.cu\/en\/wp-json\/wp\/v2\/posts\/7265\/revisions"}],"predecessor-version":[{"id":7270,"href":"https:\/\/www.ics.gob.cu\/en\/wp-json\/wp\/v2\/posts\/7265\/revisions\/7270"}],"wp:featuredmedia":[{"embeddable":true,"href":"https:\/\/www.ics.gob.cu\/en\/wp-json\/wp\/v2\/media\/7266"}],"wp:attachment":[{"href":"https:\/\/www.ics.gob.cu\/en\/wp-json\/wp\/v2\/media?parent=7265"}],"wp:term":[{"taxonomy":"category","embeddable":true,"href":"https:\/\/www.ics.gob.cu\/en\/wp-json\/wp\/v2\/categories?post=7265"},{"taxonomy":"post_tag","embeddable":true,"href":"https:\/\/www.ics.gob.cu\/en\/wp-json\/wp\/v2\/tags?post=7265"}],"curies":[{"name":"wp","href":"https:\/\/api.w.org\/{rel}","templated":true}]}}