{"id":7271,"date":"2025-05-27T15:14:38","date_gmt":"2025-05-27T15:14:38","guid":{"rendered":"https:\/\/www.ics.gob.cu\/?p=7271"},"modified":"2025-05-27T15:16:46","modified_gmt":"2025-05-27T15:16:46","slug":"reciben-directivos-de-informacion-y-comunicacion-social-de-todo-el-pais-programa-de-educacion-para-la-comunicacion-en-su-segunda-etapa","status":"publish","type":"post","link":"https:\/\/www.ics.gob.cu\/en\/reciben-directivos-de-informacion-y-comunicacion-social-de-todo-el-pais-programa-de-educacion-para-la-comunicacion-en-su-segunda-etapa\/","title":{"rendered":"Reciben directivos de Informaci\u00f3n y Comunicaci\u00f3n Social de todo el pa\u00eds, Programa de Educaci\u00f3n para la Comunicaci\u00f3n en su segunda etapa"},"content":{"rendered":"<div class=\"pdfprnt-buttons pdfprnt-buttons-post pdfprnt-top-right\"><a href=\"https:\/\/www.ics.gob.cu\/en\/wp-json\/wp\/v2\/posts\/7271?print=print\" class=\"pdfprnt-button pdfprnt-button-print\" target=\"_blank\" ><img decoding=\"async\" src=\"https:\/\/www.ics.gob.cu\/wp-content\/plugins\/pdf-print\/images\/print.png\" alt=\"image_print\" title=\"Print Content\" \/><\/a><\/div>\n<p>Vuelven los Directores de Informaci\u00f3n y Comunicaci\u00f3n Social del pa\u00eds a nuestra Escuela Ramal para recibir, de primera mano, los m\u00f3dulos del Programa de Educaci\u00f3n para la Comunicaci\u00f3n Social que ya se inici\u00f3 y que &#8211; como siempre insistimos &#8211; \u00abcomienza por casa\u00bb.<\/p>\n\n\n\n<p>Con la presencia de la vicepresidenta del ICS, Belkys P\u00e9rez Cruz, al amanecer de este martes, la directora de nuestra Escuela Ramal, Dra Cs Amada Garciga, les di\u00f3 la bienvenida a esta hermosa casa de todos y todas.<\/p>\n\n\n\n<figure class=\"wp-block-image size-full\"><img loading=\"lazy\" decoding=\"async\" width=\"1020\" height=\"460\" src=\"https:\/\/www.ics.gob.cu\/wp-content\/uploads\/2025\/05\/1000328658.jpg\" alt=\"\" class=\"wp-image-7273\" srcset=\"https:\/\/www.ics.gob.cu\/wp-content\/uploads\/2025\/05\/1000328658.jpg 1020w, https:\/\/www.ics.gob.cu\/wp-content\/uploads\/2025\/05\/1000328658-300x135.jpg 300w, https:\/\/www.ics.gob.cu\/wp-content\/uploads\/2025\/05\/1000328658-768x346.jpg 768w\" sizes=\"auto, (max-width: 1020px) 100vw, 1020px\" \/><\/figure>\n\n\n\n<p>Durante una semana, los directivos  continuaran aportando a este proceso de construcci\u00f3n colectiva que es la gesti\u00f3n estrat\u00e9gica e integrada de la comunicaci\u00f3n social y que tiene en las estructuras que ellos dirigen, un rol decisivo.<\/p>\n\n\n\n<p>Adem\u00e1s de las sesiones de preparaci\u00f3n, se realizar\u00e1n talleres, paneles y debates para intercambiar  con directivos y especialistas de nuestro \u00d3rgano Central sobre los avances y desaf\u00edos en los diferentes territorios del pa\u00eds.<\/p>\n\n\n\n<p> Al hablarles, Belkys P\u00e9rez Cruz ratific\u00f3 la satisfacci\u00f3n y el compromiso de la presidencia del ICS con la preparaci\u00f3n de nuestros cuadros y directivos a todos los niveles, que puedan ser protagonistas y facilitadores de este importante Programa que deber\u00e1 llegar a todo el pa\u00eds, a cada instituci\u00f3n, comunidad, organizaci\u00f3n Medi\u00e1tica y sobre todo, resalt\u00f3 la importancia de conocer las disimiles experiencias que afrontan en el d\u00eda a d\u00eda.<\/p>\n\n\n\n<figure class=\"wp-block-image size-full\"><img loading=\"lazy\" decoding=\"async\" width=\"1020\" height=\"460\" src=\"https:\/\/www.ics.gob.cu\/wp-content\/uploads\/2025\/05\/IMG-20250527-WA0012.jpg\" alt=\"\" class=\"wp-image-7272\" srcset=\"https:\/\/www.ics.gob.cu\/wp-content\/uploads\/2025\/05\/IMG-20250527-WA0012.jpg 1020w, https:\/\/www.ics.gob.cu\/wp-content\/uploads\/2025\/05\/IMG-20250527-WA0012-300x135.jpg 300w, https:\/\/www.ics.gob.cu\/wp-content\/uploads\/2025\/05\/IMG-20250527-WA0012-768x346.jpg 768w\" sizes=\"auto, (max-width: 1020px) 100vw, 1020px\" \/><\/figure>\n\n\n\n<p>Record\u00f3 que se cumplen dos a\u00f1os de la aprobaci\u00f3n de nuestra Ley 162\/ 2023 \u00bb De Comunicaci\u00f3n Social\u00bb, que el camino apenas est\u00e1 comenzando y hay que tener en cuenta que gracias a que existe un sistema de comunicaci\u00f3n social en Cuba pudimos tener un cuerpo normativo tan robusto, \u00bb el desaf\u00edo est\u00e1 en gestionar de forma estrat\u00e9gica e integrada ese sistema y eso nos toca a todos y a toda la sociedad\u00bb.<\/p>\n<div class=\"pld-like-dislike-wrap pld-template-1\">\r\n    <div class=\"pld-like-wrap  pld-common-wrap\">\r\n    <a href=\"javascript:void(0)\" class=\"pld-like-trigger pld-like-dislike-trigger\" title=\"\" data-post-id=\"7271\" data-trigger-type=\"like\" data-restriction=\"cookie\" data-already-liked=\"0\">\r\n                        <i class=\"fas fa-thumbs-up\"><\/i>\r\n                <\/a>\r\n    <span class=\"pld-like-count-wrap pld-count-wrap\">3    <\/span>\r\n<\/div><div class=\"pld-dislike-wrap  pld-common-wrap\">\r\n    <a href=\"javascript:void(0)\" class=\"pld-dislike-trigger pld-like-dislike-trigger\" title=\"\" data-post-id=\"7271\" data-trigger-type=\"dislike\" data-restriction=\"cookie\" data-already-liked=\"0\">\r\n                        <i class=\"fas fa-thumbs-down\"><\/i>\r\n                <\/a>\r\n    <span class=\"pld-dislike-count-wrap pld-count-wrap\">0<\/span>\r\n<\/div><\/div>","protected":false},"excerpt":{"rendered":"<p>Vuelven los Directores de Informaci\u00f3n y Comunicaci\u00f3n Social del pa\u00eds a nuestra Escuela Ramal para recibir, de primera mano, los m\u00f3dulos del Programa de Educaci\u00f3n para la Comunicaci\u00f3n Social que ya se inici\u00f3 y que &#8211; como siempre insistimos &#8211; \u00abcomienza por casa\u00bb. Con la presencia de la vicepresidenta del ICS, Belkys P\u00e9rez Cruz, al [&hellip;]<\/p>\n","protected":false},"author":7,"featured_media":7278,"comment_status":"open","ping_status":"closed","sticky":false,"template":"","format":"standard","meta":{"_bbp_topic_count":0,"_bbp_reply_count":0,"_bbp_total_topic_count":0,"_bbp_total_reply_count":0,"_bbp_voice_count":0,"_bbp_anonymous_reply_count":0,"_bbp_topic_count_hidden":0,"_bbp_reply_count_hidden":0,"_bbp_forum_subforum_count":0,"_glsr_average":0,"_glsr_ranking":0,"_glsr_reviews":0,"footnotes":""},"categories":[10],"tags":[85,47,7,59,39],"class_list":["post-7271","post","type-post","status-publish","format-standard","has-post-thumbnail","hentry","category-nacionales","tag-comunicacion-comunitaria","tag-comunicacion-social","tag-cuba","tag-educacion-para-la-comunicacion","tag-ics"],"acf":[],"_links":{"self":[{"href":"https:\/\/www.ics.gob.cu\/en\/wp-json\/wp\/v2\/posts\/7271","targetHints":{"allow":["GET"]}}],"collection":[{"href":"https:\/\/www.ics.gob.cu\/en\/wp-json\/wp\/v2\/posts"}],"about":[{"href":"https:\/\/www.ics.gob.cu\/en\/wp-json\/wp\/v2\/types\/post"}],"author":[{"embeddable":true,"href":"https:\/\/www.ics.gob.cu\/en\/wp-json\/wp\/v2\/users\/7"}],"replies":[{"embeddable":true,"href":"https:\/\/www.ics.gob.cu\/en\/wp-json\/wp\/v2\/comments?post=7271"}],"version-history":[{"count":4,"href":"https:\/\/www.ics.gob.cu\/en\/wp-json\/wp\/v2\/posts\/7271\/revisions"}],"predecessor-version":[{"id":7279,"href":"https:\/\/www.ics.gob.cu\/en\/wp-json\/wp\/v2\/posts\/7271\/revisions\/7279"}],"wp:featuredmedia":[{"embeddable":true,"href":"https:\/\/www.ics.gob.cu\/en\/wp-json\/wp\/v2\/media\/7278"}],"wp:attachment":[{"href":"https:\/\/www.ics.gob.cu\/en\/wp-json\/wp\/v2\/media?parent=7271"}],"wp:term":[{"taxonomy":"category","embeddable":true,"href":"https:\/\/www.ics.gob.cu\/en\/wp-json\/wp\/v2\/categories?post=7271"},{"taxonomy":"post_tag","embeddable":true,"href":"https:\/\/www.ics.gob.cu\/en\/wp-json\/wp\/v2\/tags?post=7271"}],"curies":[{"name":"wp","href":"https:\/\/api.w.org\/{rel}","templated":true}]}}